{"id":63944,"date":"2015-11-17T09:33:16","date_gmt":"2015-11-17T12:33:16","guid":{"rendered":"http:\/\/www.eltrabajo.cl\/portal\/?p=63944"},"modified":"2015-11-17T09:33:16","modified_gmt":"2015-11-17T12:33:16","slug":"le-robaron-camioneta-la-desmantelaron-totalmente-y-la-quemaron","status":"publish","type":"post","link":"https:\/\/eltrabajo.cl\/portal\/le-robaron-camioneta-la-desmantelaron-totalmente-y-la-quemaron\/","title":{"rendered":"Le robaron camioneta, la desmantelaron totalmente y la quemaron"},"content":{"rendered":"<figure id=\"attachment_63945\" aria-describedby=\"caption-attachment-63945\" style=\"width: 300px\" class=\"wp-caption alignleft\"><a href=\"https:\/\/i0.wp.com\/www.eltrabajo.cl\/portal\/wp-content\/uploads\/2015\/11\/camioneta-quemada.jpg\"><img data-recalc-dims=\"1\" loading=\"lazy\" decoding=\"async\" class=\"wp-image-63945 size-medium\" src=\"https:\/\/i0.wp.com\/www.eltrabajo.cl\/portal\/wp-content\/uploads\/2015\/11\/camioneta-quemada-300x197.jpg?resize=300%2C197\" alt=\"Totalmente inservible qued\u00f3 la camioneta tras ser desmantelada y posteriormente quemada por los delincuentes.\" width=\"300\" height=\"197\" srcset=\"https:\/\/i0.wp.com\/eltrabajo.cl\/portal\/wp-content\/uploads\/2015\/11\/camioneta-quemada.jpg?resize=300%2C197&amp;ssl=1 300w, https:\/\/i0.wp.com\/eltrabajo.cl\/portal\/wp-content\/uploads\/2015\/11\/camioneta-quemada.jpg?resize=200%2C131&amp;ssl=1 200w, https:\/\/i0.wp.com\/eltrabajo.cl\/portal\/wp-content\/uploads\/2015\/11\/camioneta-quemada.jpg?resize=228%2C150&amp;ssl=1 228w, https:\/\/i0.wp.com\/eltrabajo.cl\/portal\/wp-content\/uploads\/2015\/11\/camioneta-quemada.jpg?resize=400%2C263&amp;ssl=1 400w, https:\/\/i0.wp.com\/eltrabajo.cl\/portal\/wp-content\/uploads\/2015\/11\/camioneta-quemada.jpg?w=530&amp;ssl=1 530w\" sizes=\"auto, (max-width: 300px) 100vw, 300px\" \/><\/a><figcaption id=\"caption-attachment-63945\" class=\"wp-caption-text\">Totalmente inservible qued\u00f3 la camioneta tras ser desmantelada y posteriormente quemada por los delincuentes.<\/figcaption><\/figure>\n<p>Pena, bastante pena, adem\u00e1s de la natural rabia e impotencia que sufre toda v\u00edctima de robo, fue lo que sinti\u00f3 Carlos Varas Ovalle al encontrar su camioneta totalmente desmantelada y quemada detr\u00e1s de la Villa 250 A\u00f1os, al lado del r\u00edo Aconcagua, a la altura del jard\u00edn infantil existente en el sector.<br \/>\nSe trataba de su querida camioneta Nissan D21, color blanco, del a\u00f1o 2001 y cuyo aval\u00fao comercial bordea los tres millones 200 mil pesos, la cual por lo dem\u00e1s se encargaba de mantener muy bien conservada ya que sent\u00eda un especial afecto por ser una excelente herramienta de trabajo.<\/p>\n<figure id=\"attachment_63946\" aria-describedby=\"caption-attachment-63946\" style=\"width: 300px\" class=\"wp-caption alignright\"><a href=\"https:\/\/i0.wp.com\/www.eltrabajo.cl\/portal\/wp-content\/uploads\/2015\/11\/carlos-varas-ovalle.jpg\"><img data-recalc-dims=\"1\" loading=\"lazy\" decoding=\"async\" class=\"wp-image-63946 size-medium\" src=\"https:\/\/i0.wp.com\/www.eltrabajo.cl\/portal\/wp-content\/uploads\/2015\/11\/carlos-varas-ovalle-300x197.jpg?resize=300%2C197\" alt=\"Carlos Varas, sanfelipe\u00f1o ampliamente conocido, sufri\u00f3 el robo y p\u00e9rdida total de su herramienta de trabajo.\" width=\"300\" height=\"197\" srcset=\"https:\/\/i0.wp.com\/eltrabajo.cl\/portal\/wp-content\/uploads\/2015\/11\/carlos-varas-ovalle.jpg?resize=300%2C197&amp;ssl=1 300w, https:\/\/i0.wp.com\/eltrabajo.cl\/portal\/wp-content\/uploads\/2015\/11\/carlos-varas-ovalle.jpg?resize=200%2C131&amp;ssl=1 200w, https:\/\/i0.wp.com\/eltrabajo.cl\/portal\/wp-content\/uploads\/2015\/11\/carlos-varas-ovalle.jpg?resize=228%2C150&amp;ssl=1 228w, https:\/\/i0.wp.com\/eltrabajo.cl\/portal\/wp-content\/uploads\/2015\/11\/carlos-varas-ovalle.jpg?resize=400%2C263&amp;ssl=1 400w, https:\/\/i0.wp.com\/eltrabajo.cl\/portal\/wp-content\/uploads\/2015\/11\/carlos-varas-ovalle.jpg?w=530&amp;ssl=1 530w\" sizes=\"auto, (max-width: 300px) 100vw, 300px\" \/><\/a><figcaption id=\"caption-attachment-63946\" class=\"wp-caption-text\">Carlos Varas, sanfelipe\u00f1o ampliamente conocido, sufri\u00f3 el robo y p\u00e9rdida total de su herramienta de trabajo.<\/figcaption><\/figure>\n<p>Seg\u00fan nos relat\u00f3 el propio Carlos Varas Ovalle, de 56 a\u00f1os, ampliamente conocido en San Felipe, el robo se registr\u00f3 el viernes pasado en el sector de la poblaci\u00f3n San Felipe, a eso de las 20,30 horas, cuando se encontraba jugando un partido de f\u00fatbol en la cancha de Parras\u00eda por la Liga Vecinal. A la salida pudo descubrir con amarga sorpresa que le hab\u00edan robado su querida camioneta.<br \/>\nDe inmediato se dirigi\u00f3 a Carabineros para realizar la denuncia, comenzando un patrullaje por diferentes sectores en busca de la camioneta, b\u00fasqueda que se extendi\u00f3 hasta las tres de la madrugada sin resultados positivos. Una hora despu\u00e9s lo llaman a su casa para avisarle que el veh\u00edculo hab\u00eda aparecido, aunque desmantelado y quemado.<br \/>\nSeg\u00fan pudo conocer, el autor del robo ser\u00eda un delincuente ampliamente conocido, apodado \u2018El Zafrada\u2019, quien junto a otros delincuentes desmantelaron la camioneta y luego la quemaron probablemente para borrar las huellas.<br \/>\nFinalmente Carlos Varas se\u00f1al\u00f3 que deseaba hacer p\u00fablica esta situaci\u00f3n para que la gente se entere de lo que est\u00e1 pasando con la delincuencia y para que ojala no le suceda a otras personas.<\/p>\n","protected":false},"excerpt":{"rendered":"<p>Pena, bastante pena, adem\u00e1s de la natural rabia e impotencia que sufre toda v\u00edctima de robo, fue lo que sinti\u00f3 Carlos Varas Ovalle al encontrar su camioneta totalmente desmantelada y quemada detr\u00e1s&#8230;<\/p>\n","protected":false},"author":482,"featured_media":63945,"comment_status":"open","ping_status":"open","sticky":false,"template":"","format":"standard","meta":{"advanced_seo_description":"","jetpack_seo_html_title":"","jetpack_seo_noindex":false,"_jetpack_memberships_contains_paid_content":false,"footnotes":""},"categories":[1],"tags":[],"class_list":["post-63944","post","type-post","status-publish","format-standard","has-post-thumbnail","hentry","category-cronica"],"jetpack_featured_media_url":"https:\/\/i0.wp.com\/eltrabajo.cl\/portal\/wp-content\/uploads\/2015\/11\/camioneta-quemada.jpg?fit=530%2C348&ssl=1","jetpack_sharing_enabled":true,"jetpack_likes_enabled":true,"jetpack-related-posts":[],"_links":{"self":[{"href":"https:\/\/eltrabajo.cl\/portal\/wp-json\/wp\/v2\/posts\/63944","targetHints":{"allow":["GET"]}}],"collection":[{"href":"https:\/\/eltrabajo.cl\/portal\/wp-json\/wp\/v2\/posts"}],"about":[{"href":"https:\/\/eltrabajo.cl\/portal\/wp-json\/wp\/v2\/types\/post"}],"author":[{"embeddable":true,"href":"https:\/\/eltrabajo.cl\/portal\/wp-json\/wp\/v2\/users\/482"}],"replies":[{"embeddable":true,"href":"https:\/\/eltrabajo.cl\/portal\/wp-json\/wp\/v2\/comments?post=63944"}],"version-history":[{"count":0,"href":"https:\/\/eltrabajo.cl\/portal\/wp-json\/wp\/v2\/posts\/63944\/revisions"}],"wp:featuredmedia":[{"embeddable":true,"href":"https:\/\/eltrabajo.cl\/portal\/wp-json\/wp\/v2\/media\/63945"}],"wp:attachment":[{"href":"https:\/\/eltrabajo.cl\/portal\/wp-json\/wp\/v2\/media?parent=63944"}],"wp:term":[{"taxonomy":"category","embeddable":true,"href":"https:\/\/eltrabajo.cl\/portal\/wp-json\/wp\/v2\/categories?post=63944"},{"taxonomy":"post_tag","embeddable":true,"href":"https:\/\/eltrabajo.cl\/portal\/wp-json\/wp\/v2\/tags?post=63944"}],"curies":[{"name":"wp","href":"https:\/\/api.w.org\/{rel}","templated":true}]}}