{"id":63948,"date":"2015-11-17T09:38:47","date_gmt":"2015-11-17T12:38:47","guid":{"rendered":"http:\/\/www.eltrabajo.cl\/portal\/?p=63948"},"modified":"2015-11-17T09:38:47","modified_gmt":"2015-11-17T12:38:47","slug":"gobernador-afirma-que-no-se-referira-a-proyectos-que-aun-no-entran-a-evaluacion-de-impacto-ambiental","status":"publish","type":"post","link":"https:\/\/eltrabajo.cl\/portal\/gobernador-afirma-que-no-se-referira-a-proyectos-que-aun-no-entran-a-evaluacion-de-impacto-ambiental\/","title":{"rendered":"Gobernador afirma que no se referir\u00e1 a proyectos que a\u00fan no entran a Evaluaci\u00f3n de Impacto Ambiental"},"content":{"rendered":"<figure id=\"attachment_63949\" aria-describedby=\"caption-attachment-63949\" style=\"width: 300px\" class=\"wp-caption alignleft\"><a href=\"https:\/\/i0.wp.com\/www.eltrabajo.cl\/portal\/wp-content\/uploads\/2015\/11\/GobernadorLeon.jpg\"><img data-recalc-dims=\"1\" loading=\"lazy\" decoding=\"async\" class=\"wp-image-63949 size-medium\" src=\"https:\/\/i0.wp.com\/www.eltrabajo.cl\/portal\/wp-content\/uploads\/2015\/11\/GobernadorLeon-300x199.jpg?resize=300%2C199\" alt=\"Eduardo Le\u00f3n, gobernador de San Felipe.\" width=\"300\" height=\"199\" srcset=\"https:\/\/i0.wp.com\/eltrabajo.cl\/portal\/wp-content\/uploads\/2015\/11\/GobernadorLeon.jpg?resize=300%2C199&amp;ssl=1 300w, https:\/\/i0.wp.com\/eltrabajo.cl\/portal\/wp-content\/uploads\/2015\/11\/GobernadorLeon.jpg?resize=200%2C133&amp;ssl=1 200w, https:\/\/i0.wp.com\/eltrabajo.cl\/portal\/wp-content\/uploads\/2015\/11\/GobernadorLeon.jpg?resize=226%2C150&amp;ssl=1 226w, https:\/\/i0.wp.com\/eltrabajo.cl\/portal\/wp-content\/uploads\/2015\/11\/GobernadorLeon.jpg?resize=400%2C266&amp;ssl=1 400w, https:\/\/i0.wp.com\/eltrabajo.cl\/portal\/wp-content\/uploads\/2015\/11\/GobernadorLeon.jpg?w=527&amp;ssl=1 527w\" sizes=\"auto, (max-width: 300px) 100vw, 300px\" \/><\/a><figcaption id=\"caption-attachment-63949\" class=\"wp-caption-text\">Eduardo Le\u00f3n, gobernador de San Felipe.<\/figcaption><\/figure>\n<ul>\n<li><strong>\u201cDaremos garant\u00edas para que la comunidad est\u00e9 informada oportunamente y pueda participar del debate y an\u00e1lisis sobre las etapas de presentaci\u00f3n del proyecto\u201d, sostuvo la autoridad provincial.<\/strong><\/li>\n<\/ul>\n<p><strong>PUTAENDO<\/strong>.- El Gobernador de la Provincia de San Felipe, Eduardo Le\u00f3n, sali\u00f3 al paso de algunas cr\u00edticas que apuntan a no entregar una opini\u00f3n sobre el proyecto hidroel\u00e9ctrico y minero que pretende llevar adelante la empresa Andes Cooper al interior de Los Patos, asegurando que no puede pronunciarse sobre un proyecto que a\u00fan no ingresa al Sistema de Evaluaci\u00f3n de Impacto Ambiental.<br \/>\nEl representante del gobierno en la Provincia de San Felipe, asegur\u00f3 que est\u00e1 al tanto de la preocupaci\u00f3n y postura de las organizaciones y autoridades de Putaendo, agregando que apenas tom\u00f3 conocimiento de los trabajos que est\u00e1 desarrollando la transnacional en el sector Las Tejas, solicit\u00f3 en forma inmediata y urgente a Sernageomin, Conaf y la DGA una fiscalizaci\u00f3n en terreno a las faenas, petici\u00f3n que se concretar\u00eda esta semana.<br \/>\nLe\u00f3n expres\u00f3 que se le ha pedido incluso una opini\u00f3n de tipo personal respecto a esta situaci\u00f3n, recalcando que \u00e9l representa al Gobierno de la Presidenta Bachelet en todo momento, por lo que no puede emitir declaraciones al respecto, principalmente porque tanto el proyecto hidroel\u00e9ctrico como el minero a\u00fan no son ingresados al Sistema de Evaluaci\u00f3n de Impacto Ambiental (SEA).<br \/>\nEl Gobernador Eduardo Le\u00f3n precis\u00f3 que la comunidad puede tener la certeza que como Gobernaci\u00f3n dar\u00e1n todas las garant\u00edas para que los habitantes de Putaendo est\u00e9 informada y participe del debate y an\u00e1lisis respecto a la presentaci\u00f3n de Andes Copper ante el SEA, a fin que tambi\u00e9n se tenga una opini\u00f3n representativa en el desarrollo de ambas presentaciones en sus diferentes etapas.<br \/>\nFinalmente, la autoridad provincial de gobierno destac\u00f3 el trabajo desarrollado por la comunidad organizada y las autoridades de Putaendo, que han demostrado mucha unidad y un fuerte compromiso c\u00edvico en hacer sentir sus puntos de vista con el leg\u00edtimo derecho de escuchar y hacer part\u00edcipe a quienes tengan opiniones diversas, a\u00f1adiendo que como gobernaci\u00f3n est\u00e1n llanos a asistir y gestionar la presencia de distintas autoridades que sean requeridas por la comunidad.<br \/>\n<strong>Patricio Gallardo M.<\/strong><\/p>\n","protected":false},"excerpt":{"rendered":"<p>\u201cDaremos garant\u00edas para que la comunidad est\u00e9 informada oportunamente y pueda participar del debate y an\u00e1lisis sobre las etapas de presentaci\u00f3n del proyecto\u201d, sostuvo la autoridad provincial. PUTAENDO.- El Gobernador de la&#8230;<\/p>\n","protected":false},"author":482,"featured_media":63949,"comment_status":"open","ping_status":"open","sticky":false,"template":"","format":"standard","meta":{"advanced_seo_description":"","jetpack_seo_html_title":"","jetpack_seo_noindex":false,"_jetpack_memberships_contains_paid_content":false,"footnotes":""},"categories":[15],"tags":[],"class_list":["post-63948","post","type-post","status-publish","format-standard","has-post-thumbnail","hentry","category-comunidad"],"jetpack_featured_media_url":"https:\/\/i0.wp.com\/eltrabajo.cl\/portal\/wp-content\/uploads\/2015\/11\/GobernadorLeon.jpg?fit=527%2C350&ssl=1","jetpack_sharing_enabled":true,"jetpack_likes_enabled":true,"jetpack-related-posts":[],"_links":{"self":[{"href":"https:\/\/eltrabajo.cl\/portal\/wp-json\/wp\/v2\/posts\/63948","targetHints":{"allow":["GET"]}}],"collection":[{"href":"https:\/\/eltrabajo.cl\/portal\/wp-json\/wp\/v2\/posts"}],"about":[{"href":"https:\/\/eltrabajo.cl\/portal\/wp-json\/wp\/v2\/types\/post"}],"author":[{"embeddable":true,"href":"https:\/\/eltrabajo.cl\/portal\/wp-json\/wp\/v2\/users\/482"}],"replies":[{"embeddable":true,"href":"https:\/\/eltrabajo.cl\/portal\/wp-json\/wp\/v2\/comments?post=63948"}],"version-history":[{"count":0,"href":"https:\/\/eltrabajo.cl\/portal\/wp-json\/wp\/v2\/posts\/63948\/revisions"}],"wp:featuredmedia":[{"embeddable":true,"href":"https:\/\/eltrabajo.cl\/portal\/wp-json\/wp\/v2\/media\/63949"}],"wp:attachment":[{"href":"https:\/\/eltrabajo.cl\/portal\/wp-json\/wp\/v2\/media?parent=63948"}],"wp:term":[{"taxonomy":"category","embeddable":true,"href":"https:\/\/eltrabajo.cl\/portal\/wp-json\/wp\/v2\/categories?post=63948"},{"taxonomy":"post_tag","embeddable":true,"href":"https:\/\/eltrabajo.cl\/portal\/wp-json\/wp\/v2\/tags?post=63948"}],"curies":[{"name":"wp","href":"https:\/\/api.w.org\/{rel}","templated":true}]}}