{"id":63951,"date":"2015-11-17T09:41:16","date_gmt":"2015-11-17T12:41:16","guid":{"rendered":"http:\/\/www.eltrabajo.cl\/portal\/?p=63951"},"modified":"2015-11-17T09:41:16","modified_gmt":"2015-11-17T12:41:16","slug":"se-extienden-operativos-de-limpieza-en-poblaciones-de-san-felipe","status":"publish","type":"post","link":"https:\/\/eltrabajo.cl\/portal\/se-extienden-operativos-de-limpieza-en-poblaciones-de-san-felipe\/","title":{"rendered":"Se extienden operativos de limpieza en poblaciones de San Felipe"},"content":{"rendered":"<figure id=\"attachment_63952\" aria-describedby=\"caption-attachment-63952\" style=\"width: 300px\" class=\"wp-caption alignleft\"><a href=\"https:\/\/i0.wp.com\/www.eltrabajo.cl\/portal\/wp-content\/uploads\/2015\/11\/operativo.jpg\"><img data-recalc-dims=\"1\" loading=\"lazy\" decoding=\"async\" class=\"wp-image-63952 size-medium\" src=\"https:\/\/i0.wp.com\/www.eltrabajo.cl\/portal\/wp-content\/uploads\/2015\/11\/operativo-300x198.jpg?resize=300%2C198\" alt=\"Este fin de semana se realizar\u00e1 un nuevo operativo de limpieza en el sector de la villa El Canelo.\" width=\"300\" height=\"198\" srcset=\"https:\/\/i0.wp.com\/eltrabajo.cl\/portal\/wp-content\/uploads\/2015\/11\/operativo.jpg?resize=300%2C198&amp;ssl=1 300w, https:\/\/i0.wp.com\/eltrabajo.cl\/portal\/wp-content\/uploads\/2015\/11\/operativo.jpg?resize=200%2C132&amp;ssl=1 200w, https:\/\/i0.wp.com\/eltrabajo.cl\/portal\/wp-content\/uploads\/2015\/11\/operativo.jpg?resize=227%2C150&amp;ssl=1 227w, https:\/\/i0.wp.com\/eltrabajo.cl\/portal\/wp-content\/uploads\/2015\/11\/operativo.jpg?resize=400%2C264&amp;ssl=1 400w, https:\/\/i0.wp.com\/eltrabajo.cl\/portal\/wp-content\/uploads\/2015\/11\/operativo.jpg?w=530&amp;ssl=1 530w\" sizes=\"auto, (max-width: 300px) 100vw, 300px\" \/><\/a><figcaption id=\"caption-attachment-63952\" class=\"wp-caption-text\">Este fin de semana se realizar\u00e1 un nuevo operativo de limpieza en el sector de la villa El Canelo.<\/figcaption><\/figure>\n<ul>\n<li><strong>Alcalde Freire resalt\u00f3 iniciativa que permite evitar la formaci\u00f3n de microbasurales en la comuna, pero que adem\u00e1s desfavorecen la calidad de vida de los vecinos.<\/strong><\/li>\n<\/ul>\n<p>Cincuenta y cinco toneladas de desechos, entre escombros y material en desuso, retir\u00f3 el equipo de talleres de la Municipalidad de San Felipe, en el \u00faltimo operativo de limpieza desarrollado en las villas Las Acacias, El Esplendor y El Totoral, as\u00ed como el sector Pedro de Valdivia, este fin de semana reci\u00e9n pasado.<br \/>\nEl programa ejecutado por instrucciones del alcalde Patricio Freire, correspondiente a operativos de limpieza con instalaci\u00f3n en puntos espec\u00edficos de las poblaciones de contenedores para el dep\u00f3sito de desechos de grandes dimensiones, que en general no retira el cami\u00f3n recolector, ha sido muy bien acogido por los vecinos, principalmente porque permite evitar la formaci\u00f3n de microbasurales y por ende tambi\u00e9n de focos infecciosos en las poblaciones.<br \/>\nSe trata de una labor que se ha realizado a lo largo del a\u00f1o, cada fin de semana, en distintos puntos de la comuna de San Felipe, la que se ha coordinado con las juntas de vecinos, a partir de los requerimientos que sus dirigentes formulan.<br \/>\nSeg\u00fan asever\u00f3 el alcalde Patricio Freire, \u201cestas instancias son valoradas por los vecinos, porque se entiende que en los hogares siempre existen elementos que est\u00e1n en desuso, o por ejemplo escombros producto de trabajos que se realizan y esos elementos no se los lleva el cami\u00f3n recolector, entonces cuando coordinamos la instalaci\u00f3n de estos cubos, nuestros vecinos lo agradecen mucho\u201d.<br \/>\nA\u00f1adi\u00f3 el jefe comunal que \u201ccon estos operativos adem\u00e1s evitamos que se formen microbasurales, lo que no solo es desagradable porque en esos lugares terminan botando de todo, sino tambi\u00e9n porque terminan afeando los sectores poblacionales, afectando la calidad de vida de los vecinos y las vecinas\u201d.<br \/>\nLos vecinos pueden solicitar operativos de este tipo, para ello deben comunicarse con el tel\u00e9fono 250 90 17 del \u00e1rea de operaciones y talleres de la municipalidad de San Felipe.<br \/>\nEste fin de semana se realizar\u00e1 un nuevo operativo en el sector de la villa El Canelo.<\/p>\n","protected":false},"excerpt":{"rendered":"<p>Alcalde Freire resalt\u00f3 iniciativa que permite evitar la formaci\u00f3n de microbasurales en la comuna, pero que adem\u00e1s desfavorecen la calidad de vida de los vecinos. Cincuenta y cinco toneladas de desechos, entre&#8230;<\/p>\n","protected":false},"author":482,"featured_media":63952,"comment_status":"open","ping_status":"open","sticky":false,"template":"","format":"standard","meta":{"advanced_seo_description":"","jetpack_seo_html_title":"","jetpack_seo_noindex":false,"_jetpack_memberships_contains_paid_content":false,"footnotes":""},"categories":[1],"tags":[],"class_list":["post-63951","post","type-post","status-publish","format-standard","has-post-thumbnail","hentry","category-cronica"],"jetpack_featured_media_url":"https:\/\/i0.wp.com\/eltrabajo.cl\/portal\/wp-content\/uploads\/2015\/11\/operativo.jpg?fit=530%2C350&ssl=1","jetpack_sharing_enabled":true,"jetpack_likes_enabled":true,"jetpack-related-posts":[],"_links":{"self":[{"href":"https:\/\/eltrabajo.cl\/portal\/wp-json\/wp\/v2\/posts\/63951","targetHints":{"allow":["GET"]}}],"collection":[{"href":"https:\/\/eltrabajo.cl\/portal\/wp-json\/wp\/v2\/posts"}],"about":[{"href":"https:\/\/eltrabajo.cl\/portal\/wp-json\/wp\/v2\/types\/post"}],"author":[{"embeddable":true,"href":"https:\/\/eltrabajo.cl\/portal\/wp-json\/wp\/v2\/users\/482"}],"replies":[{"embeddable":true,"href":"https:\/\/eltrabajo.cl\/portal\/wp-json\/wp\/v2\/comments?post=63951"}],"version-history":[{"count":0,"href":"https:\/\/eltrabajo.cl\/portal\/wp-json\/wp\/v2\/posts\/63951\/revisions"}],"wp:featuredmedia":[{"embeddable":true,"href":"https:\/\/eltrabajo.cl\/portal\/wp-json\/wp\/v2\/media\/63952"}],"wp:attachment":[{"href":"https:\/\/eltrabajo.cl\/portal\/wp-json\/wp\/v2\/media?parent=63951"}],"wp:term":[{"taxonomy":"category","embeddable":true,"href":"https:\/\/eltrabajo.cl\/portal\/wp-json\/wp\/v2\/categories?post=63951"},{"taxonomy":"post_tag","embeddable":true,"href":"https:\/\/eltrabajo.cl\/portal\/wp-json\/wp\/v2\/tags?post=63951"}],"curies":[{"name":"wp","href":"https:\/\/api.w.org\/{rel}","templated":true}]}}