{"id":63968,"date":"2015-11-18T09:09:22","date_gmt":"2015-11-18T12:09:22","guid":{"rendered":"http:\/\/www.eltrabajo.cl\/portal\/?p=63968"},"modified":"2015-11-18T09:09:22","modified_gmt":"2015-11-18T12:09:22","slug":"este-jueves-inician-operativos-de-esterilizacion-gracias-a-programa-de-tenencia-responsable-de-mascotas","status":"publish","type":"post","link":"https:\/\/eltrabajo.cl\/portal\/este-jueves-inician-operativos-de-esterilizacion-gracias-a-programa-de-tenencia-responsable-de-mascotas\/","title":{"rendered":"Este jueves inician operativos de esterilizaci\u00f3n gracias a programa de Tenencia Responsable de Mascotas"},"content":{"rendered":"<figure id=\"attachment_63969\" aria-describedby=\"caption-attachment-63969\" style=\"width: 300px\" class=\"wp-caption alignleft\"><a href=\"https:\/\/i0.wp.com\/www.eltrabajo.cl\/portal\/wp-content\/uploads\/2015\/11\/Luis-Soto-secretario-municipalidad-Llay-Llay.jpg\"><img data-recalc-dims=\"1\" loading=\"lazy\" decoding=\"async\" class=\"wp-image-63969 size-medium\" src=\"https:\/\/i0.wp.com\/www.eltrabajo.cl\/portal\/wp-content\/uploads\/2015\/11\/Luis-Soto-secretario-municipalidad-Llay-Llay-300x197.jpg?resize=300%2C197\" alt=\"Luis Soto, secretario Municipalidad de Llay Llay.\" width=\"300\" height=\"197\" srcset=\"https:\/\/i0.wp.com\/eltrabajo.cl\/portal\/wp-content\/uploads\/2015\/11\/Luis-Soto-secretario-municipalidad-Llay-Llay.jpg?resize=300%2C197&amp;ssl=1 300w, https:\/\/i0.wp.com\/eltrabajo.cl\/portal\/wp-content\/uploads\/2015\/11\/Luis-Soto-secretario-municipalidad-Llay-Llay.jpg?resize=200%2C131&amp;ssl=1 200w, https:\/\/i0.wp.com\/eltrabajo.cl\/portal\/wp-content\/uploads\/2015\/11\/Luis-Soto-secretario-municipalidad-Llay-Llay.jpg?resize=228%2C150&amp;ssl=1 228w, https:\/\/i0.wp.com\/eltrabajo.cl\/portal\/wp-content\/uploads\/2015\/11\/Luis-Soto-secretario-municipalidad-Llay-Llay.jpg?resize=400%2C263&amp;ssl=1 400w, https:\/\/i0.wp.com\/eltrabajo.cl\/portal\/wp-content\/uploads\/2015\/11\/Luis-Soto-secretario-municipalidad-Llay-Llay.jpg?w=530&amp;ssl=1 530w\" sizes=\"auto, (max-width: 300px) 100vw, 300px\" \/><\/a><figcaption id=\"caption-attachment-63969\" class=\"wp-caption-text\">Luis Soto, secretario Municipalidad de Llay Llay.<\/figcaption><\/figure>\n<p><strong>LLAY LLAY<\/strong>.- A\u00fan quedan cupos para inscribir a las mascotas en los operativos de esterilizaci\u00f3n que realizar\u00e1 el municipio en el marco del Plan Nacional de Tenencia Responsable de Mascotas.<br \/>\nLas inscripciones se realizan en la Secretar\u00eda Municipal o directamente en las juntas de vecinos de tu sector. Son siete operativos dirigidos a hembras y machos de los caninos y felinos, con hogar o estado de calle. Para ello, es necesario que un vecino inscriba a las mascotas.<br \/>\nEl Secretario Municipal, Luis Soto, entreg\u00f3 un detallado calendario, con fechas y lugares. \u201cPartimos en Santa Teresa, en la misma sede: 19, 20 y 21 de noviembre; el 26, 27 y 28 de noviembre en Juan Cort\u00e9s. Posteriormente del 3 al 5 de diciembre, junta de vecinos El Porvenir; 10 y 11 de diciembre en Para\u00edso; 12 de diciembre villa Italia; 17 de diciembre Leucot\u00f3n, 18 y 19 de diciembre villa Sor Teresa Las Vegas. Los operativos se realizaran desde las 9:00 de la ma\u00f1ana hasta aproximadamente las seis de la tarde\u201d, detall\u00f3 Soto.<br \/>\nLa planificaci\u00f3n del operativo, para asegurar el \u00e9xito de la cirug\u00eda, entrega las siguientes indicaciones: el paciente debe asistir un due\u00f1o o tutor, la \u00faltima comida debe ser la noche anterior, traer una frazada limpia, contar con correa o arn\u00e9s, el carnet de vacunas o control.<br \/>\n<strong>Marianela Quevedo<\/strong><\/p>\n","protected":false},"excerpt":{"rendered":"<p>LLAY LLAY.- A\u00fan quedan cupos para inscribir a las mascotas en los operativos de esterilizaci\u00f3n que realizar\u00e1 el municipio en el marco del Plan Nacional de Tenencia Responsable de Mascotas. Las inscripciones&#8230;<\/p>\n","protected":false},"author":482,"featured_media":63969,"comment_status":"open","ping_status":"open","sticky":false,"template":"","format":"standard","meta":{"advanced_seo_description":"","jetpack_seo_html_title":"","jetpack_seo_noindex":false,"_jetpack_memberships_contains_paid_content":false,"footnotes":""},"categories":[15],"tags":[],"class_list":["post-63968","post","type-post","status-publish","format-standard","has-post-thumbnail","hentry","category-comunidad"],"jetpack_featured_media_url":"https:\/\/i0.wp.com\/eltrabajo.cl\/portal\/wp-content\/uploads\/2015\/11\/Luis-Soto-secretario-municipalidad-Llay-Llay.jpg?fit=530%2C348&ssl=1","jetpack_sharing_enabled":true,"jetpack_likes_enabled":true,"jetpack-related-posts":[],"_links":{"self":[{"href":"https:\/\/eltrabajo.cl\/portal\/wp-json\/wp\/v2\/posts\/63968","targetHints":{"allow":["GET"]}}],"collection":[{"href":"https:\/\/eltrabajo.cl\/portal\/wp-json\/wp\/v2\/posts"}],"about":[{"href":"https:\/\/eltrabajo.cl\/portal\/wp-json\/wp\/v2\/types\/post"}],"author":[{"embeddable":true,"href":"https:\/\/eltrabajo.cl\/portal\/wp-json\/wp\/v2\/users\/482"}],"replies":[{"embeddable":true,"href":"https:\/\/eltrabajo.cl\/portal\/wp-json\/wp\/v2\/comments?post=63968"}],"version-history":[{"count":0,"href":"https:\/\/eltrabajo.cl\/portal\/wp-json\/wp\/v2\/posts\/63968\/revisions"}],"wp:featuredmedia":[{"embeddable":true,"href":"https:\/\/eltrabajo.cl\/portal\/wp-json\/wp\/v2\/media\/63969"}],"wp:attachment":[{"href":"https:\/\/eltrabajo.cl\/portal\/wp-json\/wp\/v2\/media?parent=63968"}],"wp:term":[{"taxonomy":"category","embeddable":true,"href":"https:\/\/eltrabajo.cl\/portal\/wp-json\/wp\/v2\/categories?post=63968"},{"taxonomy":"post_tag","embeddable":true,"href":"https:\/\/eltrabajo.cl\/portal\/wp-json\/wp\/v2\/tags?post=63968"}],"curies":[{"name":"wp","href":"https:\/\/api.w.org\/{rel}","templated":true}]}}