{"id":63974,"date":"2015-11-18T09:16:30","date_gmt":"2015-11-18T12:16:30","guid":{"rendered":"http:\/\/www.eltrabajo.cl\/portal\/?p=63974"},"modified":"2015-11-18T09:16:30","modified_gmt":"2015-11-18T12:16:30","slug":"estudiantes-sordos-del-liceo-bicentenario-cordillera-se-lucieron-en-las-xxx-olimpiadas-del-silencio","status":"publish","type":"post","link":"https:\/\/eltrabajo.cl\/portal\/estudiantes-sordos-del-liceo-bicentenario-cordillera-se-lucieron-en-las-xxx-olimpiadas-del-silencio\/","title":{"rendered":"Estudiantes sordos del Liceo Bicentenario Cordillera se lucieron en las XXX Olimpiadas del Silencio"},"content":{"rendered":"<figure id=\"attachment_63975\" aria-describedby=\"caption-attachment-63975\" style=\"width: 300px\" class=\"wp-caption alignleft\"><a href=\"https:\/\/i0.wp.com\/www.eltrabajo.cl\/portal\/wp-content\/uploads\/2015\/11\/FOTO-1-Danitza-Valencia-compitiendo-en-salto-largo.jpg\"><img data-recalc-dims=\"1\" loading=\"lazy\" decoding=\"async\" class=\"wp-image-63975 size-medium\" src=\"https:\/\/i0.wp.com\/www.eltrabajo.cl\/portal\/wp-content\/uploads\/2015\/11\/FOTO-1-Danitza-Valencia-compitiendo-en-salto-largo-300x197.jpg?resize=300%2C197\" alt=\"Danitza Valencia compitiendo en Salto Largo.\" width=\"300\" height=\"197\" srcset=\"https:\/\/i0.wp.com\/eltrabajo.cl\/portal\/wp-content\/uploads\/2015\/11\/FOTO-1-Danitza-Valencia-compitiendo-en-salto-largo.jpg?resize=300%2C197&amp;ssl=1 300w, https:\/\/i0.wp.com\/eltrabajo.cl\/portal\/wp-content\/uploads\/2015\/11\/FOTO-1-Danitza-Valencia-compitiendo-en-salto-largo.jpg?resize=200%2C131&amp;ssl=1 200w, https:\/\/i0.wp.com\/eltrabajo.cl\/portal\/wp-content\/uploads\/2015\/11\/FOTO-1-Danitza-Valencia-compitiendo-en-salto-largo.jpg?resize=228%2C150&amp;ssl=1 228w, https:\/\/i0.wp.com\/eltrabajo.cl\/portal\/wp-content\/uploads\/2015\/11\/FOTO-1-Danitza-Valencia-compitiendo-en-salto-largo.jpg?resize=400%2C263&amp;ssl=1 400w, https:\/\/i0.wp.com\/eltrabajo.cl\/portal\/wp-content\/uploads\/2015\/11\/FOTO-1-Danitza-Valencia-compitiendo-en-salto-largo.jpg?w=530&amp;ssl=1 530w\" sizes=\"auto, (max-width: 300px) 100vw, 300px\" \/><\/a><figcaption id=\"caption-attachment-63975\" class=\"wp-caption-text\">Danitza Valencia compitiendo en Salto Largo.<\/figcaption><\/figure>\n<ul>\n<li><strong>Establecimiento educacional realiz\u00f3 un reconocimiento a estos deportistas, destacando la importancia que tiene la inclusi\u00f3n para el desarrollo integral de los alumnos<\/strong><\/li>\n<\/ul>\n<p>Una destacad\u00edsima participaci\u00f3n tuvieron los estudiantes sanfelipe\u00f1os con discapacidad auditiva en la XXX versi\u00f3n de las Olimpiadas Nacionales del Silencio, las que se realizaron el fin de semana pasado en la ciudad de Concepci\u00f3n y que en esta ocasi\u00f3n reuni\u00f3 a cerca de 400 ni\u00f1os sordos de todo el pa\u00eds.<br \/>\nEn el certamen participaron los alumnos del Liceo Bicentenario Cordillera Oscar Valencia, quien cursa 1\u00ba a\u00f1o medio y obtuvo el cuarto lugar nacional en Salto Largo y adem\u00e1s tercer puesto en 100 metros Planos; Ignacio Salinas estudiante de cuarto b\u00e1sico, quien obtuvo en su categor\u00eda el tercer lugar en salto largo y Danitza Valencia, quien tambi\u00e9n cursa cuarto a\u00f1o y que se qued\u00f3 con la medalla de oro en Salto Largo y Segundo lugar nacional en 60 metros Planos.<br \/>\nEl encargado de Deportes de la Municipalidad de San Felipe, Danilo Pe\u00f1a, fue quien acompa\u00f1\u00f3 a estos deportistas hasta la Regi\u00f3n del Bio-Bio y se mostr\u00f3 muy complacido de haber compartido semejante experiencia, destacando que \u201ccon estos chicos estuvimos entrenando aproximadamente dos meses en dependencias del Colegio Alem\u00e1n, agradecer la gentileza de su directora, nos preparamos bien, pero la verdad no sab\u00edamos a lo que \u00edbamos y nos encontramos con una tremenda sorpresa. No pens\u00e9 nunca que en Chile hubiese tanto ni\u00f1o sordo. Fueron 22 colegios participantes desde La Serena hasta Puerto Montt y fue una experiencia maravillosa\u201d, dijo.<br \/>\nEn el mismo \u00e1mbito, Pe\u00f1a agreg\u00f3 que \u201cestos ni\u00f1os nos dejaron con la boca abierta, trajimos algunas medallas, pero m\u00e1s all\u00e1 del premio mismo, la gran experiencia vivida en este campeonato es tremenda y es para todos\u201d, sumando que \u201cquienes no nos comunicamos con los ni\u00f1os sordos somos nosotros. Ver all\u00ed a todos los profesores y las personas que acompa\u00f1aban a los alumnos hablando en lengua de se\u00f1as y con una ansia de comunicarse con lo dem\u00e1s, en donde no hay barreras socio econ\u00f3micas, ni de tama\u00f1o, ni de color, es extraordinario y va m\u00e1s all\u00e1 de un tema deportivo\u201d, sostuvo.<br \/>\nRespecto del valor que tiene esta experiencia para el Departamento de Deportes de la Municipalidad de San Felipe, Pe\u00f1a expres\u00f3 que \u201ces tan provechosa para nosotros esta competencia que ya estamos comprometidos para el pr\u00f3ximo a\u00f1o participar en La Serena y en cuanto podamos trataremos de ser locales, porque a nosotros nos hace falta ver esto, cuando hablamos de interculturalidad, \u00e9sta es una cultura que es parte nuestra pero nosotros a\u00fan no la hemos desarrollado\u201d, enfatiz\u00f3.<br \/>\nUno de los m\u00e1s felices con este logro fue Patricio Cordero, Int\u00e9rprete en Lengua de Se\u00f1as y parte del equipo del Proyecto de Integraci\u00f3n del Liceo Bicentenario Cordillera quien asegur\u00f3 que \u201cen un principio nosotros pretend\u00edamos que participaran, que compitieran, que vivieran la experiencia, pero el que hayan obtenido medallas es un verdadero orgullo para todos nosotros\u201d, manifest\u00f3.<br \/>\nLos estudiantes fueron homenajeados en el Liceo Bicentenario Cordillera con un desayuno, en donde estuvo presente el Director del establecimiento Jorge Sep\u00falveda G\u00f3mez y la Coordinadora del Programa de Integraci\u00f3n Escolar, Pie, Camila Barbera.<br \/>\nLos presentes elogiaron tanto el esp\u00edritu deportivo de sus alumnos, como tambi\u00e9n la importancia de la inclusi\u00f3n, poniendo a este colegio como piloto en la regi\u00f3n, pues valora el desarrollo integral de todos sus alumnos independiente de sus capacidades.<\/p>\n<div class=\"tiled-gallery type-rectangular tiled-gallery-unresized\" data-original-width=\"640\" data-carousel-extra='null' itemscope itemtype=\"http:\/\/schema.org\/ImageGallery\" > <div class=\"gallery-row\" style=\"width: 640px; height: 282px;\" data-original-width=\"640\" data-original-height=\"282\" > <div class=\"gallery-group images-1\" style=\"width: 428px; height: 282px;\" data-original-width=\"428\" data-original-height=\"282\" > <div class=\"tiled-gallery-item tiled-gallery-item-large\" itemprop=\"associatedMedia\" itemscope itemtype=\"http:\/\/schema.org\/ImageObject\"> <a href=\"https:\/\/eltrabajo.cl\/portal\/estudiantes-sordos-del-liceo-bicentenario-cordillera-se-lucieron-en-las-xxx-olimpiadas-del-silencio\/foto-3-ignacio-salinas-realizando-el-salto-largo\/\" border=\"0\" itemprop=\"url\"> <meta itemprop=\"width\" content=\"424\"> <meta itemprop=\"height\" content=\"278\"> <img decoding=\"async\" class=\"\" data-attachment-id=\"63977\" data-orig-file=\"https:\/\/eltrabajo.cl\/portal\/wp-content\/uploads\/2015\/11\/FOTO-3-Ignacio-Salinas-realizando-el-salto-largo.jpg\" data-orig-size=\"530,348\" data-comments-opened=\"1\" data-image-meta=\"{&quot;aperture&quot;:&quot;0&quot;,&quot;credit&quot;:&quot;&quot;,&quot;camera&quot;:&quot;&quot;,&quot;caption&quot;:&quot;&quot;,&quot;created_timestamp&quot;:&quot;0&quot;,&quot;copyright&quot;:&quot;&quot;,&quot;focal_length&quot;:&quot;0&quot;,&quot;iso&quot;:&quot;0&quot;,&quot;shutter_speed&quot;:&quot;0&quot;,&quot;title&quot;:&quot;&quot;,&quot;orientation&quot;:&quot;0&quot;}\" data-image-title=\"FOTO 3 Ignacio Salinas realizando el salto largo\" data-image-description=\"&lt;p&gt;Ignacio Salinas realizando el Salto Largo.&lt;\/p&gt; \" data-medium-file=\"https:\/\/i0.wp.com\/eltrabajo.cl\/portal\/wp-content\/uploads\/2015\/11\/FOTO-3-Ignacio-Salinas-realizando-el-salto-largo.jpg?fit=300%2C197&#038;ssl=1\" data-large-file=\"https:\/\/i0.wp.com\/eltrabajo.cl\/portal\/wp-content\/uploads\/2015\/11\/FOTO-3-Ignacio-Salinas-realizando-el-salto-largo.jpg?fit=530%2C348&#038;ssl=1\" src=\"https:\/\/i0.wp.com\/eltrabajo.cl\/portal\/wp-content\/uploads\/2015\/11\/FOTO-3-Ignacio-Salinas-realizando-el-salto-largo.jpg?w=424&#038;h=278&#038;ssl=1\" srcset=\"https:\/\/i0.wp.com\/eltrabajo.cl\/portal\/wp-content\/uploads\/2015\/11\/FOTO-3-Ignacio-Salinas-realizando-el-salto-largo.jpg?w=530&amp;ssl=1 530w, https:\/\/i0.wp.com\/eltrabajo.cl\/portal\/wp-content\/uploads\/2015\/11\/FOTO-3-Ignacio-Salinas-realizando-el-salto-largo.jpg?resize=200%2C131&amp;ssl=1 200w, https:\/\/i0.wp.com\/eltrabajo.cl\/portal\/wp-content\/uploads\/2015\/11\/FOTO-3-Ignacio-Salinas-realizando-el-salto-largo.jpg?resize=300%2C197&amp;ssl=1 300w, https:\/\/i0.wp.com\/eltrabajo.cl\/portal\/wp-content\/uploads\/2015\/11\/FOTO-3-Ignacio-Salinas-realizando-el-salto-largo.jpg?resize=228%2C150&amp;ssl=1 228w, https:\/\/i0.wp.com\/eltrabajo.cl\/portal\/wp-content\/uploads\/2015\/11\/FOTO-3-Ignacio-Salinas-realizando-el-salto-largo.jpg?resize=400%2C263&amp;ssl=1 400w\" width=\"424\" height=\"278\" loading=\"lazy\" data-original-width=\"424\" data-original-height=\"278\" itemprop=\"http:\/\/schema.org\/image\" title=\"FOTO 3 Ignacio Salinas realizando el salto largo\" alt=\"Ignacio Salinas realizando el Salto Largo.\" style=\"width: 424px; height: 278px;\" \/> <\/a> <div class=\"tiled-gallery-caption\" itemprop=\"caption description\"> Ignacio Salinas realizando el Salto Largo. <\/div> <\/div> <\/div> <!-- close group --> <div class=\"gallery-group images-2\" style=\"width: 212px; height: 282px;\" data-original-width=\"212\" data-original-height=\"282\" > <div class=\"tiled-gallery-item tiled-gallery-item-small\" itemprop=\"associatedMedia\" itemscope itemtype=\"http:\/\/schema.org\/ImageObject\"> <a href=\"https:\/\/eltrabajo.cl\/portal\/estudiantes-sordos-del-liceo-bicentenario-cordillera-se-lucieron-en-las-xxx-olimpiadas-del-silencio\/foto-2-oscar-valencia-corriendo-los-100-mts-planos\/\" border=\"0\" itemprop=\"url\"> <meta itemprop=\"width\" content=\"208\"> <meta itemprop=\"height\" content=\"137\"> <img decoding=\"async\" class=\"\" data-attachment-id=\"63976\" data-orig-file=\"https:\/\/eltrabajo.cl\/portal\/wp-content\/uploads\/2015\/11\/FOTO-2-Oscar-Valencia-corriendo-los-100-mts.-planos.jpg\" data-orig-size=\"530,348\" data-comments-opened=\"1\" data-image-meta=\"{&quot;aperture&quot;:&quot;0&quot;,&quot;credit&quot;:&quot;&quot;,&quot;camera&quot;:&quot;&quot;,&quot;caption&quot;:&quot;&quot;,&quot;created_timestamp&quot;:&quot;0&quot;,&quot;copyright&quot;:&quot;&quot;,&quot;focal_length&quot;:&quot;0&quot;,&quot;iso&quot;:&quot;0&quot;,&quot;shutter_speed&quot;:&quot;0&quot;,&quot;title&quot;:&quot;&quot;,&quot;orientation&quot;:&quot;0&quot;}\" data-image-title=\"FOTO 2 Oscar Valencia corriendo los 100 mts. planos\" data-image-description=\"&lt;p&gt;Oscar Valencia corriendo los 100 metros Planos.&lt;\/p&gt; \" data-medium-file=\"https:\/\/i0.wp.com\/eltrabajo.cl\/portal\/wp-content\/uploads\/2015\/11\/FOTO-2-Oscar-Valencia-corriendo-los-100-mts.-planos.jpg?fit=300%2C197&#038;ssl=1\" data-large-file=\"https:\/\/i0.wp.com\/eltrabajo.cl\/portal\/wp-content\/uploads\/2015\/11\/FOTO-2-Oscar-Valencia-corriendo-los-100-mts.-planos.jpg?fit=530%2C348&#038;ssl=1\" src=\"https:\/\/i0.wp.com\/eltrabajo.cl\/portal\/wp-content\/uploads\/2015\/11\/FOTO-2-Oscar-Valencia-corriendo-los-100-mts.-planos.jpg?w=208&#038;h=137&#038;ssl=1\" srcset=\"https:\/\/i0.wp.com\/eltrabajo.cl\/portal\/wp-content\/uploads\/2015\/11\/FOTO-2-Oscar-Valencia-corriendo-los-100-mts.-planos.jpg?w=530&amp;ssl=1 530w, https:\/\/i0.wp.com\/eltrabajo.cl\/portal\/wp-content\/uploads\/2015\/11\/FOTO-2-Oscar-Valencia-corriendo-los-100-mts.-planos.jpg?resize=200%2C131&amp;ssl=1 200w, https:\/\/i0.wp.com\/eltrabajo.cl\/portal\/wp-content\/uploads\/2015\/11\/FOTO-2-Oscar-Valencia-corriendo-los-100-mts.-planos.jpg?resize=300%2C197&amp;ssl=1 300w, https:\/\/i0.wp.com\/eltrabajo.cl\/portal\/wp-content\/uploads\/2015\/11\/FOTO-2-Oscar-Valencia-corriendo-los-100-mts.-planos.jpg?resize=228%2C150&amp;ssl=1 228w, https:\/\/i0.wp.com\/eltrabajo.cl\/portal\/wp-content\/uploads\/2015\/11\/FOTO-2-Oscar-Valencia-corriendo-los-100-mts.-planos.jpg?resize=400%2C263&amp;ssl=1 400w\" width=\"208\" height=\"137\" loading=\"lazy\" data-original-width=\"208\" data-original-height=\"137\" itemprop=\"http:\/\/schema.org\/image\" title=\"FOTO 2 Oscar Valencia corriendo los 100 mts. planos\" alt=\"Oscar Valencia corriendo los 100 metros Planos.\" style=\"width: 208px; height: 137px;\" \/> <\/a> <div class=\"tiled-gallery-caption\" itemprop=\"caption description\"> Oscar Valencia corriendo los 100 metros Planos. <\/div> <\/div> <div class=\"tiled-gallery-item tiled-gallery-item-small\" itemprop=\"associatedMedia\" itemscope itemtype=\"http:\/\/schema.org\/ImageObject\"> <a href=\"https:\/\/eltrabajo.cl\/portal\/estudiantes-sordos-del-liceo-bicentenario-cordillera-se-lucieron-en-las-xxx-olimpiadas-del-silencio\/foto-4-danitza-valencia\/\" border=\"0\" itemprop=\"url\"> <meta itemprop=\"width\" content=\"208\"> <meta itemprop=\"height\" content=\"137\"> <img decoding=\"async\" class=\"\" data-attachment-id=\"63978\" data-orig-file=\"https:\/\/eltrabajo.cl\/portal\/wp-content\/uploads\/2015\/11\/FOTO-4-Danitza-Valencia.jpg\" data-orig-size=\"530,350\" data-comments-opened=\"1\" data-image-meta=\"{&quot;aperture&quot;:&quot;0&quot;,&quot;credit&quot;:&quot;&quot;,&quot;camera&quot;:&quot;&quot;,&quot;caption&quot;:&quot;&quot;,&quot;created_timestamp&quot;:&quot;0&quot;,&quot;copyright&quot;:&quot;&quot;,&quot;focal_length&quot;:&quot;0&quot;,&quot;iso&quot;:&quot;0&quot;,&quot;shutter_speed&quot;:&quot;0&quot;,&quot;title&quot;:&quot;&quot;,&quot;orientation&quot;:&quot;0&quot;}\" data-image-title=\"FOTO 4 Danitza Valencia\" data-image-description=\"&lt;p&gt;Danitza Valencia.&lt;\/p&gt; \" data-medium-file=\"https:\/\/i0.wp.com\/eltrabajo.cl\/portal\/wp-content\/uploads\/2015\/11\/FOTO-4-Danitza-Valencia.jpg?fit=300%2C198&#038;ssl=1\" data-large-file=\"https:\/\/i0.wp.com\/eltrabajo.cl\/portal\/wp-content\/uploads\/2015\/11\/FOTO-4-Danitza-Valencia.jpg?fit=530%2C350&#038;ssl=1\" src=\"https:\/\/i0.wp.com\/eltrabajo.cl\/portal\/wp-content\/uploads\/2015\/11\/FOTO-4-Danitza-Valencia.jpg?w=208&#038;h=137&#038;ssl=1\" srcset=\"https:\/\/i0.wp.com\/eltrabajo.cl\/portal\/wp-content\/uploads\/2015\/11\/FOTO-4-Danitza-Valencia.jpg?w=530&amp;ssl=1 530w, https:\/\/i0.wp.com\/eltrabajo.cl\/portal\/wp-content\/uploads\/2015\/11\/FOTO-4-Danitza-Valencia.jpg?resize=200%2C132&amp;ssl=1 200w, https:\/\/i0.wp.com\/eltrabajo.cl\/portal\/wp-content\/uploads\/2015\/11\/FOTO-4-Danitza-Valencia.jpg?resize=300%2C198&amp;ssl=1 300w, https:\/\/i0.wp.com\/eltrabajo.cl\/portal\/wp-content\/uploads\/2015\/11\/FOTO-4-Danitza-Valencia.jpg?resize=227%2C150&amp;ssl=1 227w, https:\/\/i0.wp.com\/eltrabajo.cl\/portal\/wp-content\/uploads\/2015\/11\/FOTO-4-Danitza-Valencia.jpg?resize=400%2C264&amp;ssl=1 400w\" width=\"208\" height=\"137\" loading=\"lazy\" data-original-width=\"208\" data-original-height=\"137\" itemprop=\"http:\/\/schema.org\/image\" title=\"FOTO 4 Danitza Valencia\" alt=\"Danitza Valencia.\" style=\"width: 208px; height: 137px;\" \/> <\/a> <div class=\"tiled-gallery-caption\" itemprop=\"caption description\"> Danitza Valencia. <\/div> <\/div> <\/div> <!-- close group --> <\/div> <!-- close row --> <div class=\"gallery-row\" style=\"width: 640px; height: 212px;\" data-original-width=\"640\" data-original-height=\"212\" > <div class=\"gallery-group images-1\" style=\"width: 320px; height: 212px;\" data-original-width=\"320\" data-original-height=\"212\" > <div class=\"tiled-gallery-item tiled-gallery-item-large\" itemprop=\"associatedMedia\" itemscope itemtype=\"http:\/\/schema.org\/ImageObject\"> <a href=\"https:\/\/eltrabajo.cl\/portal\/estudiantes-sordos-del-liceo-bicentenario-cordillera-se-lucieron-en-las-xxx-olimpiadas-del-silencio\/foto-5-oscar-valencia\/\" border=\"0\" itemprop=\"url\"> <meta itemprop=\"width\" content=\"316\"> <meta itemprop=\"height\" content=\"208\"> <img decoding=\"async\" class=\"\" data-attachment-id=\"63979\" data-orig-file=\"https:\/\/eltrabajo.cl\/portal\/wp-content\/uploads\/2015\/11\/FOTO-5-Oscar-Valencia.jpg\" data-orig-size=\"530,350\" data-comments-opened=\"1\" data-image-meta=\"{&quot;aperture&quot;:&quot;0&quot;,&quot;credit&quot;:&quot;&quot;,&quot;camera&quot;:&quot;&quot;,&quot;caption&quot;:&quot;&quot;,&quot;created_timestamp&quot;:&quot;0&quot;,&quot;copyright&quot;:&quot;&quot;,&quot;focal_length&quot;:&quot;0&quot;,&quot;iso&quot;:&quot;0&quot;,&quot;shutter_speed&quot;:&quot;0&quot;,&quot;title&quot;:&quot;&quot;,&quot;orientation&quot;:&quot;0&quot;}\" data-image-title=\"FOTO 5 Oscar Valencia\" data-image-description=\"&lt;p&gt;Oscar Valencia.&lt;\/p&gt; \" data-medium-file=\"https:\/\/i0.wp.com\/eltrabajo.cl\/portal\/wp-content\/uploads\/2015\/11\/FOTO-5-Oscar-Valencia.jpg?fit=300%2C198&#038;ssl=1\" data-large-file=\"https:\/\/i0.wp.com\/eltrabajo.cl\/portal\/wp-content\/uploads\/2015\/11\/FOTO-5-Oscar-Valencia.jpg?fit=530%2C350&#038;ssl=1\" src=\"https:\/\/i0.wp.com\/eltrabajo.cl\/portal\/wp-content\/uploads\/2015\/11\/FOTO-5-Oscar-Valencia.jpg?w=316&#038;h=208&#038;ssl=1\" srcset=\"https:\/\/i0.wp.com\/eltrabajo.cl\/portal\/wp-content\/uploads\/2015\/11\/FOTO-5-Oscar-Valencia.jpg?w=530&amp;ssl=1 530w, https:\/\/i0.wp.com\/eltrabajo.cl\/portal\/wp-content\/uploads\/2015\/11\/FOTO-5-Oscar-Valencia.jpg?resize=200%2C132&amp;ssl=1 200w, https:\/\/i0.wp.com\/eltrabajo.cl\/portal\/wp-content\/uploads\/2015\/11\/FOTO-5-Oscar-Valencia.jpg?resize=300%2C198&amp;ssl=1 300w, https:\/\/i0.wp.com\/eltrabajo.cl\/portal\/wp-content\/uploads\/2015\/11\/FOTO-5-Oscar-Valencia.jpg?resize=227%2C150&amp;ssl=1 227w, https:\/\/i0.wp.com\/eltrabajo.cl\/portal\/wp-content\/uploads\/2015\/11\/FOTO-5-Oscar-Valencia.jpg?resize=400%2C264&amp;ssl=1 400w\" width=\"316\" height=\"208\" loading=\"lazy\" data-original-width=\"316\" data-original-height=\"208\" itemprop=\"http:\/\/schema.org\/image\" title=\"FOTO 5 Oscar Valencia\" alt=\"Oscar Valencia.\" style=\"width: 316px; height: 208px;\" \/> <\/a> <div class=\"tiled-gallery-caption\" itemprop=\"caption description\"> Oscar Valencia. <\/div> <\/div> <\/div> <!-- close group --> <div class=\"gallery-group images-1\" style=\"width: 320px; height: 212px;\" data-original-width=\"320\" data-original-height=\"212\" > <div class=\"tiled-gallery-item tiled-gallery-item-large\" itemprop=\"associatedMedia\" itemscope itemtype=\"http:\/\/schema.org\/ImageObject\"> <a href=\"https:\/\/eltrabajo.cl\/portal\/estudiantes-sordos-del-liceo-bicentenario-cordillera-se-lucieron-en-las-xxx-olimpiadas-del-silencio\/foto-6-ignacio-salinas\/\" border=\"0\" itemprop=\"url\"> <meta itemprop=\"width\" content=\"316\"> <meta itemprop=\"height\" content=\"208\"> <img decoding=\"async\" class=\"\" data-attachment-id=\"63980\" data-orig-file=\"https:\/\/eltrabajo.cl\/portal\/wp-content\/uploads\/2015\/11\/FOTO-6-Ignacio-Salinas.jpg\" data-orig-size=\"530,349\" data-comments-opened=\"1\" data-image-meta=\"{&quot;aperture&quot;:&quot;0&quot;,&quot;credit&quot;:&quot;&quot;,&quot;camera&quot;:&quot;&quot;,&quot;caption&quot;:&quot;&quot;,&quot;created_timestamp&quot;:&quot;0&quot;,&quot;copyright&quot;:&quot;&quot;,&quot;focal_length&quot;:&quot;0&quot;,&quot;iso&quot;:&quot;0&quot;,&quot;shutter_speed&quot;:&quot;0&quot;,&quot;title&quot;:&quot;&quot;,&quot;orientation&quot;:&quot;0&quot;}\" data-image-title=\"FOTO 6 Ignacio Salinas\" data-image-description=\"&lt;p&gt;Ignacio Salinas.&lt;\/p&gt; \" data-medium-file=\"https:\/\/i0.wp.com\/eltrabajo.cl\/portal\/wp-content\/uploads\/2015\/11\/FOTO-6-Ignacio-Salinas.jpg?fit=300%2C198&#038;ssl=1\" data-large-file=\"https:\/\/i0.wp.com\/eltrabajo.cl\/portal\/wp-content\/uploads\/2015\/11\/FOTO-6-Ignacio-Salinas.jpg?fit=530%2C349&#038;ssl=1\" src=\"https:\/\/i0.wp.com\/eltrabajo.cl\/portal\/wp-content\/uploads\/2015\/11\/FOTO-6-Ignacio-Salinas.jpg?w=316&#038;h=208&#038;ssl=1\" srcset=\"https:\/\/i0.wp.com\/eltrabajo.cl\/portal\/wp-content\/uploads\/2015\/11\/FOTO-6-Ignacio-Salinas.jpg?w=530&amp;ssl=1 530w, https:\/\/i0.wp.com\/eltrabajo.cl\/portal\/wp-content\/uploads\/2015\/11\/FOTO-6-Ignacio-Salinas.jpg?resize=200%2C132&amp;ssl=1 200w, https:\/\/i0.wp.com\/eltrabajo.cl\/portal\/wp-content\/uploads\/2015\/11\/FOTO-6-Ignacio-Salinas.jpg?resize=300%2C198&amp;ssl=1 300w, https:\/\/i0.wp.com\/eltrabajo.cl\/portal\/wp-content\/uploads\/2015\/11\/FOTO-6-Ignacio-Salinas.jpg?resize=228%2C150&amp;ssl=1 228w, https:\/\/i0.wp.com\/eltrabajo.cl\/portal\/wp-content\/uploads\/2015\/11\/FOTO-6-Ignacio-Salinas.jpg?resize=400%2C263&amp;ssl=1 400w\" width=\"316\" height=\"208\" loading=\"lazy\" data-original-width=\"316\" data-original-height=\"208\" itemprop=\"http:\/\/schema.org\/image\" title=\"FOTO 6 Ignacio Salinas\" alt=\"Ignacio Salinas.\" style=\"width: 316px; height: 208px;\" \/> <\/a> <div class=\"tiled-gallery-caption\" itemprop=\"caption description\"> Ignacio Salinas. <\/div> <\/div> <\/div> <!-- close group --> <\/div> <!-- close row --> <\/div>\n<p>&nbsp;<\/p>\n","protected":false},"excerpt":{"rendered":"<p>Establecimiento educacional realiz\u00f3 un reconocimiento a estos deportistas, destacando la importancia que tiene la inclusi\u00f3n para el desarrollo integral de los alumnos Una destacad\u00edsima participaci\u00f3n tuvieron los estudiantes sanfelipe\u00f1os con discapacidad auditiva&#8230;<\/p>\n","protected":false},"author":482,"featured_media":63975,"comment_status":"open","ping_status":"open","sticky":false,"template":"","format":"standard","meta":{"advanced_seo_description":"","jetpack_seo_html_title":"","jetpack_seo_noindex":false,"_jetpack_memberships_contains_paid_content":false,"footnotes":""},"categories":[15],"tags":[],"class_list":["post-63974","post","type-post","status-publish","format-standard","has-post-thumbnail","hentry","category-comunidad"],"jetpack_featured_media_url":"https:\/\/i0.wp.com\/eltrabajo.cl\/portal\/wp-content\/uploads\/2015\/11\/FOTO-1-Danitza-Valencia-compitiendo-en-salto-largo.jpg?fit=530%2C348&ssl=1","jetpack_sharing_enabled":true,"jetpack_likes_enabled":true,"jetpack-related-posts":[],"_links":{"self":[{"href":"https:\/\/eltrabajo.cl\/portal\/wp-json\/wp\/v2\/posts\/63974","targetHints":{"allow":["GET"]}}],"collection":[{"href":"https:\/\/eltrabajo.cl\/portal\/wp-json\/wp\/v2\/posts"}],"about":[{"href":"https:\/\/eltrabajo.cl\/portal\/wp-json\/wp\/v2\/types\/post"}],"author":[{"embeddable":true,"href":"https:\/\/eltrabajo.cl\/portal\/wp-json\/wp\/v2\/users\/482"}],"replies":[{"embeddable":true,"href":"https:\/\/eltrabajo.cl\/portal\/wp-json\/wp\/v2\/comments?post=63974"}],"version-history":[{"count":0,"href":"https:\/\/eltrabajo.cl\/portal\/wp-json\/wp\/v2\/posts\/63974\/revisions"}],"wp:featuredmedia":[{"embeddable":true,"href":"https:\/\/eltrabajo.cl\/portal\/wp-json\/wp\/v2\/media\/63975"}],"wp:attachment":[{"href":"https:\/\/eltrabajo.cl\/portal\/wp-json\/wp\/v2\/media?parent=63974"}],"wp:term":[{"taxonomy":"category","embeddable":true,"href":"https:\/\/eltrabajo.cl\/portal\/wp-json\/wp\/v2\/categories?post=63974"},{"taxonomy":"post_tag","embeddable":true,"href":"https:\/\/eltrabajo.cl\/portal\/wp-json\/wp\/v2\/tags?post=63974"}],"curies":[{"name":"wp","href":"https:\/\/api.w.org\/{rel}","templated":true}]}}