{"id":63982,"date":"2015-11-18T09:18:21","date_gmt":"2015-11-18T12:18:21","guid":{"rendered":"http:\/\/www.eltrabajo.cl\/portal\/?p=63982"},"modified":"2015-11-18T09:18:21","modified_gmt":"2015-11-18T12:18:21","slug":"con-gran-exito-se-desarrollaron-las-primeras-olimpiadas-biprovinciales-para-personas-con-capacidades-diferentes","status":"publish","type":"post","link":"https:\/\/eltrabajo.cl\/portal\/con-gran-exito-se-desarrollaron-las-primeras-olimpiadas-biprovinciales-para-personas-con-capacidades-diferentes\/","title":{"rendered":"Con gran \u00e9xito se desarrollaron las Primeras Olimpiadas Biprovinciales para personas con capacidades diferentes\u00a0"},"content":{"rendered":"<figure id=\"attachment_63983\" aria-describedby=\"caption-attachment-63983\" style=\"width: 300px\" class=\"wp-caption alignleft\"><a href=\"https:\/\/i0.wp.com\/www.eltrabajo.cl\/portal\/wp-content\/uploads\/2015\/11\/Olimpiadas-Calle-Larga.jpg\"><img data-recalc-dims=\"1\" loading=\"lazy\" decoding=\"async\" class=\"wp-image-63983 size-medium\" src=\"https:\/\/i0.wp.com\/www.eltrabajo.cl\/portal\/wp-content\/uploads\/2015\/11\/Olimpiadas-Calle-Larga-300x197.jpg?resize=300%2C197\" alt=\"La actividad ten\u00eda como finalidad integrar y generar espacios de inclusi\u00f3n para personas con capacidades diferentes.\" width=\"300\" height=\"197\" srcset=\"https:\/\/i0.wp.com\/eltrabajo.cl\/portal\/wp-content\/uploads\/2015\/11\/Olimpiadas-Calle-Larga.jpg?resize=300%2C197&amp;ssl=1 300w, https:\/\/i0.wp.com\/eltrabajo.cl\/portal\/wp-content\/uploads\/2015\/11\/Olimpiadas-Calle-Larga.jpg?resize=200%2C131&amp;ssl=1 200w, https:\/\/i0.wp.com\/eltrabajo.cl\/portal\/wp-content\/uploads\/2015\/11\/Olimpiadas-Calle-Larga.jpg?resize=228%2C150&amp;ssl=1 228w, https:\/\/i0.wp.com\/eltrabajo.cl\/portal\/wp-content\/uploads\/2015\/11\/Olimpiadas-Calle-Larga.jpg?resize=400%2C263&amp;ssl=1 400w, https:\/\/i0.wp.com\/eltrabajo.cl\/portal\/wp-content\/uploads\/2015\/11\/Olimpiadas-Calle-Larga.jpg?w=530&amp;ssl=1 530w\" sizes=\"auto, (max-width: 300px) 100vw, 300px\" \/><\/a><figcaption id=\"caption-attachment-63983\" class=\"wp-caption-text\">La actividad ten\u00eda como finalidad integrar y generar espacios de inclusi\u00f3n para personas con capacidades diferentes.<\/figcaption><\/figure>\n<ul>\n<li><strong>Bochas, lanzamiento de la pelota, salto y atletismo fueron algunas de las pruebas m\u00e1s requeridas por los participantes.<\/strong><\/li>\n<\/ul>\n<p><strong>CALLE LARGA<\/strong>.- Todo un \u00e9xito resultaron ser las primeras Olimpiadas Biprovinciales de ni\u00f1os con capacidades diferentes que se realizaron en el estadio de la comuna el pasado viernes 13 de noviembre.<br \/>\nCatorce instituciones entre agrupaciones y colegios, participaron de esta primera versi\u00f3n que reuni\u00f3 a ni\u00f1os y adultos en torno a pruebas deportivas dise\u00f1adas especialmente para la ocasi\u00f3n.<br \/>\nEl alcalde de la comuna de Calle Larga Nelson Venegas Salazar, sostuvo que, \u201cpara nosotros es una cuesti\u00f3n de principios este tema de la integraci\u00f3n y la inclusi\u00f3n, la salud y el deporte, tratamos de juntar todos esos componentes y hacer algo bonito. Todas las autoridades deben ir comprometi\u00e9ndose, esto no es solo de un alcalde, es un desaf\u00edo que como sociedad debemos asumir\u201d.<br \/>\nLa actividad tuvo como objetivo generar los espacios para el deporte y la integraci\u00f3n social, instancia que agradeci\u00f3 la Gobernadora de la Provincia de Los Andes Mar\u00eda Victoria Rodr\u00edguez,\u201c quiero agradecer la invitaci\u00f3n y felicitar al alcalde Nelson Venegas por la organizaci\u00f3n de estas Olimpiadas, como una actividad de inclusi\u00f3n, de participaci\u00f3n y de generar espacios de desarrollo del deporte para las personas en condiciones de discapacidad, quiero valorar la alegr\u00eda de las personas cuando son consideradas y tienen estos espacios\u201d.<br \/>\nSe espera que el pr\u00f3ximo a\u00f1o, puedan participar todas las escuelas y agrupaciones del Valle del Aconcagua invitadas, para transformar esta actividad en la olimpiada m\u00e1s importante a nivel regional y nacional.<\/p>\n","protected":false},"excerpt":{"rendered":"<p>Bochas, lanzamiento de la pelota, salto y atletismo fueron algunas de las pruebas m\u00e1s requeridas por los participantes. CALLE LARGA.- Todo un \u00e9xito resultaron ser las primeras Olimpiadas Biprovinciales de ni\u00f1os con&#8230;<\/p>\n","protected":false},"author":482,"featured_media":63983,"comment_status":"open","ping_status":"open","sticky":false,"template":"","format":"standard","meta":{"advanced_seo_description":"","jetpack_seo_html_title":"","jetpack_seo_noindex":false,"_jetpack_memberships_contains_paid_content":false,"footnotes":""},"categories":[15],"tags":[],"class_list":["post-63982","post","type-post","status-publish","format-standard","has-post-thumbnail","hentry","category-comunidad"],"jetpack_featured_media_url":"https:\/\/i0.wp.com\/eltrabajo.cl\/portal\/wp-content\/uploads\/2015\/11\/Olimpiadas-Calle-Larga.jpg?fit=530%2C348&ssl=1","jetpack_sharing_enabled":true,"jetpack_likes_enabled":true,"jetpack-related-posts":[],"_links":{"self":[{"href":"https:\/\/eltrabajo.cl\/portal\/wp-json\/wp\/v2\/posts\/63982","targetHints":{"allow":["GET"]}}],"collection":[{"href":"https:\/\/eltrabajo.cl\/portal\/wp-json\/wp\/v2\/posts"}],"about":[{"href":"https:\/\/eltrabajo.cl\/portal\/wp-json\/wp\/v2\/types\/post"}],"author":[{"embeddable":true,"href":"https:\/\/eltrabajo.cl\/portal\/wp-json\/wp\/v2\/users\/482"}],"replies":[{"embeddable":true,"href":"https:\/\/eltrabajo.cl\/portal\/wp-json\/wp\/v2\/comments?post=63982"}],"version-history":[{"count":0,"href":"https:\/\/eltrabajo.cl\/portal\/wp-json\/wp\/v2\/posts\/63982\/revisions"}],"wp:featuredmedia":[{"embeddable":true,"href":"https:\/\/eltrabajo.cl\/portal\/wp-json\/wp\/v2\/media\/63983"}],"wp:attachment":[{"href":"https:\/\/eltrabajo.cl\/portal\/wp-json\/wp\/v2\/media?parent=63982"}],"wp:term":[{"taxonomy":"category","embeddable":true,"href":"https:\/\/eltrabajo.cl\/portal\/wp-json\/wp\/v2\/categories?post=63982"},{"taxonomy":"post_tag","embeddable":true,"href":"https:\/\/eltrabajo.cl\/portal\/wp-json\/wp\/v2\/tags?post=63982"}],"curies":[{"name":"wp","href":"https:\/\/api.w.org\/{rel}","templated":true}]}}