{"id":63991,"date":"2015-11-18T09:24:06","date_gmt":"2015-11-18T12:24:06","guid":{"rendered":"http:\/\/www.eltrabajo.cl\/portal\/?p=63991"},"modified":"2015-11-18T09:24:06","modified_gmt":"2015-11-18T12:24:06","slug":"uac-otorgara-hasta-un-40-de-descuento-arancelario-a-estudiantes-de-san-esteban","status":"publish","type":"post","link":"https:\/\/eltrabajo.cl\/portal\/uac-otorgara-hasta-un-40-de-descuento-arancelario-a-estudiantes-de-san-esteban\/","title":{"rendered":"UAC otorgar\u00e1 hasta un 40% de descuento arancelario a estudiantes de San Esteban"},"content":{"rendered":"<figure id=\"attachment_63992\" aria-describedby=\"caption-attachment-63992\" style=\"width: 300px\" class=\"wp-caption alignleft\"><a href=\"https:\/\/i0.wp.com\/www.eltrabajo.cl\/portal\/wp-content\/uploads\/2015\/11\/CONVENIO-1.jpg\"><img data-recalc-dims=\"1\" loading=\"lazy\" decoding=\"async\" class=\"wp-image-63992 size-medium\" src=\"https:\/\/i0.wp.com\/www.eltrabajo.cl\/portal\/wp-content\/uploads\/2015\/11\/CONVENIO-1-300x198.jpg?resize=300%2C198\" alt=\"El director del Liceo San Esteban, Frank Abd-El-Kader (izquierda), luego de firmar el convenio acad\u00e9mico entre su establecimiento y la sede San Felipe de la Universidad de Aconcagua.\" width=\"300\" height=\"198\" srcset=\"https:\/\/i0.wp.com\/eltrabajo.cl\/portal\/wp-content\/uploads\/2015\/11\/CONVENIO-1.jpg?resize=300%2C198&amp;ssl=1 300w, https:\/\/i0.wp.com\/eltrabajo.cl\/portal\/wp-content\/uploads\/2015\/11\/CONVENIO-1.jpg?resize=200%2C132&amp;ssl=1 200w, https:\/\/i0.wp.com\/eltrabajo.cl\/portal\/wp-content\/uploads\/2015\/11\/CONVENIO-1.jpg?resize=227%2C150&amp;ssl=1 227w, https:\/\/i0.wp.com\/eltrabajo.cl\/portal\/wp-content\/uploads\/2015\/11\/CONVENIO-1.jpg?resize=400%2C264&amp;ssl=1 400w, https:\/\/i0.wp.com\/eltrabajo.cl\/portal\/wp-content\/uploads\/2015\/11\/CONVENIO-1.jpg?w=530&amp;ssl=1 530w\" sizes=\"auto, (max-width: 300px) 100vw, 300px\" \/><\/a><figcaption id=\"caption-attachment-63992\" class=\"wp-caption-text\">El director del Liceo San Esteban, Frank Abd-El-Kader (izquierda), luego de firmar el convenio acad\u00e9mico entre su establecimiento y la sede San Felipe de la Universidad de Aconcagua.<\/figcaption><\/figure>\n<ul>\n<li><strong>El convenio de articulaci\u00f3n acad\u00e9mica comenzar\u00e1 a regir a contar del pr\u00f3ximo a\u00f1o, para lo cual ya se est\u00e1 conformando el curso para determinar la rebaja<\/strong><\/li>\n<\/ul>\n<p>Obtener el t\u00edtulo de T\u00e9cnico Superior en Administraci\u00f3n de Empresas y posteriormente continuar con la carrera de Ingenier\u00eda Comercial, es uno de los principales objetivos del acuerdo que firm\u00f3 el Liceo San Esteban con la Universidad de Aconcagua, sede San Felipe.<br \/>\nEl convenio de articulaci\u00f3n acad\u00e9mica entre la UAC y el liceo sanestebino se concret\u00f3 luego del acercamiento y las gestiones realizadas entre el director de la instituci\u00f3n acad\u00e9mica superior, Javier Cerda, y el director del establecimiento t\u00e9cnico-profesional, Frank Abd-El-Kader.<br \/>\nEn la ceremonia de protocolizaci\u00f3n del acuerdo entre ambas organizaciones educacionales, Javier Cerda, reconoci\u00f3 la labor de los profesores del Liceo San Esteban, lo que permitir\u00e1 que el primer semestre de estudios en la entidad de educaci\u00f3n superior, se convaliden pr\u00e1cticamente todas las asignaturas de la malla curricular.<br \/>\n\u201cOtro beneficio importante es el tema econ\u00f3mico, porque no solo estamos rebajando un semestre a la carrera en s\u00ed, sino que adem\u00e1s estamos aplicando un descuento importante para permitir que los estudiantes puedan ingresar a estudiar\u201d, destac\u00f3 Cerda.<\/p>\n<figure id=\"attachment_63993\" aria-describedby=\"caption-attachment-63993\" style=\"width: 300px\" class=\"wp-caption alignright\"><a href=\"https:\/\/i0.wp.com\/www.eltrabajo.cl\/portal\/wp-content\/uploads\/2015\/11\/CONVENIO-3.jpg\"><img data-recalc-dims=\"1\" loading=\"lazy\" decoding=\"async\" class=\"wp-image-63993 size-medium\" src=\"https:\/\/i0.wp.com\/www.eltrabajo.cl\/portal\/wp-content\/uploads\/2015\/11\/CONVENIO-3-300x198.jpg?resize=300%2C198\" alt=\"En la biblioteca del Liceo San Esteban se llev\u00f3 a cabo la firma del convenio de articulaci\u00f3n acad\u00e9mica entre la Universidad de Aconcagua y el Liceo San Esteban.\" width=\"300\" height=\"198\" srcset=\"https:\/\/i0.wp.com\/eltrabajo.cl\/portal\/wp-content\/uploads\/2015\/11\/CONVENIO-3.jpg?resize=300%2C198&amp;ssl=1 300w, https:\/\/i0.wp.com\/eltrabajo.cl\/portal\/wp-content\/uploads\/2015\/11\/CONVENIO-3.jpg?resize=200%2C132&amp;ssl=1 200w, https:\/\/i0.wp.com\/eltrabajo.cl\/portal\/wp-content\/uploads\/2015\/11\/CONVENIO-3.jpg?resize=227%2C150&amp;ssl=1 227w, https:\/\/i0.wp.com\/eltrabajo.cl\/portal\/wp-content\/uploads\/2015\/11\/CONVENIO-3.jpg?resize=400%2C264&amp;ssl=1 400w, https:\/\/i0.wp.com\/eltrabajo.cl\/portal\/wp-content\/uploads\/2015\/11\/CONVENIO-3.jpg?w=530&amp;ssl=1 530w\" sizes=\"auto, (max-width: 300px) 100vw, 300px\" \/><\/a><figcaption id=\"caption-attachment-63993\" class=\"wp-caption-text\">En la biblioteca del Liceo San Esteban se llev\u00f3 a cabo la firma del convenio de articulaci\u00f3n acad\u00e9mica entre la Universidad de Aconcagua y el Liceo San Esteban.<\/figcaption><\/figure>\n<p>A\u00f1adi\u00f3 que \u201cnos interesa es que los estudiantes no se queden solo con el cuarto medio y puedan acceder a la educaci\u00f3n superior con un arancel muy bajo para el sistema universitario\u201d.<br \/>\nCerda destac\u00f3 tambi\u00e9n el hecho de que los j\u00f3venes que estudien en la UAC no tendr\u00e1n que trasladarse a otra zona del pa\u00eds, lo que tambi\u00e9n significar\u00eda un ahorro importante para las familias a la vez que minimiza los riesgos de tener lejos los hijos.<br \/>\nEl convenio se pondr\u00e1 en marcha a contar del pr\u00f3ximo a\u00f1o, y se dispuso de una matr\u00edcula de 40 cupos, los que ser\u00e1n completados con estudiantes del Liceo San Esteban y el Liceo Comercial de Los Andes, entre otros establecimientos que imparten la carrera de Administraci\u00f3n.<br \/>\nUna vez concluidos los primeros dos a\u00f1os en la UAC, los j\u00f3venes podr\u00e1n optar a continuar otros tres a\u00f1os para obtener el t\u00edtulo de Ingeniero Comercial Licenciado en Ciencias de la Administraci\u00f3n de Empresas.<br \/>\nPara el director del Liceo San Esteban, Frank Adb-El-Kader, este convenio con la Universidad de Aconcagua \u201ces la consolidaci\u00f3n del acercamiento que hemos tenido con esta casa de estudios superiores, y que trae un beneficio concreto para nuestros estudiantes\u201d.<br \/>\nAdem\u00e1s, recalc\u00f3 la importancia de que los estudiantes tengan la posibilidad de \u201ccontinuar su perfeccionamiento t\u00e9cnico y profesional en una universidad\u201d.<br \/>\nLa firma del convenio se llev\u00f3 a cabo en la biblioteca del Liceo San Esteban, y estuvo encabezada por el alcalde de la comuna del mismo nombre, Esteban Mardones Valencia, el jefe del Departamento de Administraci\u00f3n de Educaci\u00f3n Municipal (Daem), Jaime Rojas, estudiantes de la carrera de Administraci\u00f3n, apoderados y profesores.<\/p>\n","protected":false},"excerpt":{"rendered":"<p>El convenio de articulaci\u00f3n acad\u00e9mica comenzar\u00e1 a regir a contar del pr\u00f3ximo a\u00f1o, para lo cual ya se est\u00e1 conformando el curso para determinar la rebaja Obtener el t\u00edtulo de T\u00e9cnico Superior&#8230;<\/p>\n","protected":false},"author":482,"featured_media":63992,"comment_status":"open","ping_status":"open","sticky":false,"template":"","format":"standard","meta":{"advanced_seo_description":"","jetpack_seo_html_title":"","jetpack_seo_noindex":false,"_jetpack_memberships_contains_paid_content":false,"footnotes":""},"categories":[1],"tags":[],"class_list":["post-63991","post","type-post","status-publish","format-standard","has-post-thumbnail","hentry","category-cronica"],"jetpack_featured_media_url":"https:\/\/i0.wp.com\/eltrabajo.cl\/portal\/wp-content\/uploads\/2015\/11\/CONVENIO-1.jpg?fit=530%2C350&ssl=1","jetpack_sharing_enabled":true,"jetpack_likes_enabled":true,"jetpack-related-posts":[],"_links":{"self":[{"href":"https:\/\/eltrabajo.cl\/portal\/wp-json\/wp\/v2\/posts\/63991","targetHints":{"allow":["GET"]}}],"collection":[{"href":"https:\/\/eltrabajo.cl\/portal\/wp-json\/wp\/v2\/posts"}],"about":[{"href":"https:\/\/eltrabajo.cl\/portal\/wp-json\/wp\/v2\/types\/post"}],"author":[{"embeddable":true,"href":"https:\/\/eltrabajo.cl\/portal\/wp-json\/wp\/v2\/users\/482"}],"replies":[{"embeddable":true,"href":"https:\/\/eltrabajo.cl\/portal\/wp-json\/wp\/v2\/comments?post=63991"}],"version-history":[{"count":0,"href":"https:\/\/eltrabajo.cl\/portal\/wp-json\/wp\/v2\/posts\/63991\/revisions"}],"wp:featuredmedia":[{"embeddable":true,"href":"https:\/\/eltrabajo.cl\/portal\/wp-json\/wp\/v2\/media\/63992"}],"wp:attachment":[{"href":"https:\/\/eltrabajo.cl\/portal\/wp-json\/wp\/v2\/media?parent=63991"}],"wp:term":[{"taxonomy":"category","embeddable":true,"href":"https:\/\/eltrabajo.cl\/portal\/wp-json\/wp\/v2\/categories?post=63991"},{"taxonomy":"post_tag","embeddable":true,"href":"https:\/\/eltrabajo.cl\/portal\/wp-json\/wp\/v2\/tags?post=63991"}],"curies":[{"name":"wp","href":"https:\/\/api.w.org\/{rel}","templated":true}]}}