{"id":63998,"date":"2015-11-18T09:27:29","date_gmt":"2015-11-18T12:27:29","guid":{"rendered":"http:\/\/www.eltrabajo.cl\/portal\/?p=63998"},"modified":"2015-11-18T09:27:29","modified_gmt":"2015-11-18T12:27:29","slug":"municipio-lanzo-bases-del-festival-palmenia-pizarro-2016","status":"publish","type":"post","link":"https:\/\/eltrabajo.cl\/portal\/municipio-lanzo-bases-del-festival-palmenia-pizarro-2016\/","title":{"rendered":"Municipio lanz\u00f3 bases del Festival Palmenia Pizarro 2016"},"content":{"rendered":"<figure id=\"attachment_63999\" aria-describedby=\"caption-attachment-63999\" style=\"width: 300px\" class=\"wp-caption alignleft\"><a href=\"https:\/\/i0.wp.com\/www.eltrabajo.cl\/portal\/wp-content\/uploads\/2015\/11\/festival.jpg\"><img data-recalc-dims=\"1\" loading=\"lazy\" decoding=\"async\" class=\"wp-image-63999 size-medium\" src=\"https:\/\/i0.wp.com\/www.eltrabajo.cl\/portal\/wp-content\/uploads\/2015\/11\/festival-300x198.jpg?resize=300%2C198\" alt=\"El festival Palmenia Pizarro es el evento art\u00edstico m\u00e1s masivo que se realiza en San Felipe.\" width=\"300\" height=\"198\" srcset=\"https:\/\/i0.wp.com\/eltrabajo.cl\/portal\/wp-content\/uploads\/2015\/11\/festival.jpg?resize=300%2C198&amp;ssl=1 300w, https:\/\/i0.wp.com\/eltrabajo.cl\/portal\/wp-content\/uploads\/2015\/11\/festival.jpg?resize=200%2C132&amp;ssl=1 200w, https:\/\/i0.wp.com\/eltrabajo.cl\/portal\/wp-content\/uploads\/2015\/11\/festival.jpg?resize=228%2C150&amp;ssl=1 228w, https:\/\/i0.wp.com\/eltrabajo.cl\/portal\/wp-content\/uploads\/2015\/11\/festival.jpg?resize=400%2C263&amp;ssl=1 400w, https:\/\/i0.wp.com\/eltrabajo.cl\/portal\/wp-content\/uploads\/2015\/11\/festival.jpg?w=530&amp;ssl=1 530w\" sizes=\"auto, (max-width: 300px) 100vw, 300px\" \/><\/a><figcaption id=\"caption-attachment-63999\" class=\"wp-caption-text\">El festival Palmenia Pizarro es el evento art\u00edstico m\u00e1s masivo que se realiza en San Felipe.<\/figcaption><\/figure>\n<p>Este martes el alcalde Patricio Freire lanz\u00f3 las bases del XVII Festival Palmenia Pizarro 2016, que se realizar\u00e1 los d\u00edas viernes 19 y s\u00e1bado 20 de Febrero, lo que constituye el puntapi\u00e9 inicial de este certamen del verano aconcag\u00fcino.<br \/>\nSeg\u00fan se\u00f1al\u00f3 el jefe comunal, una comisi\u00f3n ya se encuentra trabajando en la organizaci\u00f3n del festival, especialmente en lo que dice relaci\u00f3n con la parrilla de artistas que estar\u00e1n presentes en el m\u00e1s importante evento del verano en el valle y con la publicaci\u00f3n de las bases se inicia todo el proceso de competencia, que este a\u00f1o tendr\u00e1 siete canciones participantes. Asimismo y a diferencia de otras versiones, esta vez no se realizar\u00e1 la selecci\u00f3n de representantes locales, sino que todos los participantes competir\u00e1n durante la primera noche de festival.<br \/>\nLas bases ya se encuentran en la p\u00e1gina de la Municipalidad, www.municipalidaddesanfelipe.cl, donde se explican quienes pueden participar y sobre la inscripci\u00f3n de los participantes, entregando como plazo para la recepci\u00f3n de canciones el 15 de enero del 2016.<br \/>\nDe acuerdo a lo se\u00f1alado por el alcalde Patricio Freire, quienes resulten ganadores recibir\u00e1n, en el caso del primer lugar 2 millones de pesos; el segundo lugar, un mill\u00f3n de pesos y el tercer lugar, 500 mil pesos, mientras que el mejor int\u00e9rprete recibir\u00e1 300 mil pesos. El jefe comunal hizo una invitaci\u00f3n a toda la comunidad a disfrutar de este evento, que se ha caracterizado estos \u00faltimos a\u00f1os por contar con artistas de renombre nacional e internacional, as\u00ed como tambi\u00e9n invit\u00f3 a los int\u00e9rpretes a ser parte de la competencia que entrega importantes premios.<br \/>\n\u201cEste a\u00f1o vamos a tener siete canciones en competencia y sabemos que ser\u00e1n de la misma calidad que en a\u00f1os anteriores, ya que han sido de muy buen nivel, esperamos que sea una linda competencia y por otro lado ya estamos trabajando en la parrilla de artistas, con la idea de que el p\u00fablico que llegue durante los dos d\u00edas de festival disfrute de artistas de muy buen nivel\u201d, dijo el jefe comunal.<\/p>\n","protected":false},"excerpt":{"rendered":"<p>Este martes el alcalde Patricio Freire lanz\u00f3 las bases del XVII Festival Palmenia Pizarro 2016, que se realizar\u00e1 los d\u00edas viernes 19 y s\u00e1bado 20 de Febrero, lo que constituye el puntapi\u00e9&#8230;<\/p>\n","protected":false},"author":482,"featured_media":63999,"comment_status":"open","ping_status":"open","sticky":false,"template":"","format":"standard","meta":{"advanced_seo_description":"","jetpack_seo_html_title":"","jetpack_seo_noindex":false,"_jetpack_memberships_contains_paid_content":false,"footnotes":""},"categories":[1],"tags":[],"class_list":["post-63998","post","type-post","status-publish","format-standard","has-post-thumbnail","hentry","category-cronica"],"jetpack_featured_media_url":"https:\/\/i0.wp.com\/eltrabajo.cl\/portal\/wp-content\/uploads\/2015\/11\/festival.jpg?fit=530%2C349&ssl=1","jetpack_sharing_enabled":true,"jetpack_likes_enabled":true,"jetpack-related-posts":[],"_links":{"self":[{"href":"https:\/\/eltrabajo.cl\/portal\/wp-json\/wp\/v2\/posts\/63998","targetHints":{"allow":["GET"]}}],"collection":[{"href":"https:\/\/eltrabajo.cl\/portal\/wp-json\/wp\/v2\/posts"}],"about":[{"href":"https:\/\/eltrabajo.cl\/portal\/wp-json\/wp\/v2\/types\/post"}],"author":[{"embeddable":true,"href":"https:\/\/eltrabajo.cl\/portal\/wp-json\/wp\/v2\/users\/482"}],"replies":[{"embeddable":true,"href":"https:\/\/eltrabajo.cl\/portal\/wp-json\/wp\/v2\/comments?post=63998"}],"version-history":[{"count":0,"href":"https:\/\/eltrabajo.cl\/portal\/wp-json\/wp\/v2\/posts\/63998\/revisions"}],"wp:featuredmedia":[{"embeddable":true,"href":"https:\/\/eltrabajo.cl\/portal\/wp-json\/wp\/v2\/media\/63999"}],"wp:attachment":[{"href":"https:\/\/eltrabajo.cl\/portal\/wp-json\/wp\/v2\/media?parent=63998"}],"wp:term":[{"taxonomy":"category","embeddable":true,"href":"https:\/\/eltrabajo.cl\/portal\/wp-json\/wp\/v2\/categories?post=63998"},{"taxonomy":"post_tag","embeddable":true,"href":"https:\/\/eltrabajo.cl\/portal\/wp-json\/wp\/v2\/tags?post=63998"}],"curies":[{"name":"wp","href":"https:\/\/api.w.org\/{rel}","templated":true}]}}