{"id":64001,"date":"2015-11-18T09:28:53","date_gmt":"2015-11-18T12:28:53","guid":{"rendered":"http:\/\/www.eltrabajo.cl\/portal\/?p=64001"},"modified":"2015-11-18T09:28:53","modified_gmt":"2015-11-18T12:28:53","slug":"municipalidad-logra-95-de-transparencia-en-sus-procesos-administrativos","status":"publish","type":"post","link":"https:\/\/eltrabajo.cl\/portal\/municipalidad-logra-95-de-transparencia-en-sus-procesos-administrativos\/","title":{"rendered":"Municipalidad logra 95% de transparencia en sus procesos administrativos"},"content":{"rendered":"<figure id=\"attachment_64002\" aria-describedby=\"caption-attachment-64002\" style=\"width: 300px\" class=\"wp-caption alignleft\"><a href=\"https:\/\/i0.wp.com\/www.eltrabajo.cl\/portal\/wp-content\/uploads\/2015\/11\/alcalde-Freire.jpg\"><img data-recalc-dims=\"1\" loading=\"lazy\" decoding=\"async\" class=\"wp-image-64002 size-medium\" src=\"https:\/\/i0.wp.com\/www.eltrabajo.cl\/portal\/wp-content\/uploads\/2015\/11\/alcalde-Freire-300x197.jpg?resize=300%2C197\" alt=\"Patricio Freire, alcalde de la comuna.\" width=\"300\" height=\"197\" srcset=\"https:\/\/i0.wp.com\/eltrabajo.cl\/portal\/wp-content\/uploads\/2015\/11\/alcalde-Freire.jpg?resize=300%2C197&amp;ssl=1 300w, https:\/\/i0.wp.com\/eltrabajo.cl\/portal\/wp-content\/uploads\/2015\/11\/alcalde-Freire.jpg?resize=200%2C131&amp;ssl=1 200w, https:\/\/i0.wp.com\/eltrabajo.cl\/portal\/wp-content\/uploads\/2015\/11\/alcalde-Freire.jpg?resize=228%2C150&amp;ssl=1 228w, https:\/\/i0.wp.com\/eltrabajo.cl\/portal\/wp-content\/uploads\/2015\/11\/alcalde-Freire.jpg?resize=400%2C263&amp;ssl=1 400w, https:\/\/i0.wp.com\/eltrabajo.cl\/portal\/wp-content\/uploads\/2015\/11\/alcalde-Freire.jpg?w=530&amp;ssl=1 530w\" sizes=\"auto, (max-width: 300px) 100vw, 300px\" \/><\/a><figcaption id=\"caption-attachment-64002\" class=\"wp-caption-text\">Patricio Freire, alcalde de la comuna.<\/figcaption><\/figure>\n<ul>\n<li><strong>Alcalde Freire dio a conocer la informaci\u00f3n, destacando el trabajo que se realiza al interior del municipio por los funcionarios municipales<\/strong><\/li>\n<\/ul>\n<p>Un 95% de cumplimiento en el \u00edndice de transparencia activa alcanz\u00f3 el Municipio de San Felipe, quedando en segundo lugar a nivel regional, seg\u00fan la \u00faltima medici\u00f3n realizada por el Consejo para la Transparencia.<br \/>\nAs\u00ed lo dio a conocer el alcalde Patricio Freire, quien se mostr\u00f3 muy contento del porcentaje alcanzado y sobre todo por el trabajo realizado al interior del municipio por todos los funcionarios municipales.<br \/>\nLa fiscalizaci\u00f3n realizada por el Consejo para la Transparencia finaliz\u00f3 el 25 de agosto pasado y tuvo como finalidad comprobar el cumplimiento del t\u00edtulo III de la Ley de Transparencia de la Funci\u00f3n P\u00fablica y acceso a la informaci\u00f3n de la administraci\u00f3n del Estado, proceso que dej\u00f3 a la Municipalidad de San Felipe con un 95% de transparencia activa en su accionar administrativo.<br \/>\nEl cumplimiento de la transparencia activa tiene relaci\u00f3n con organizaci\u00f3n interna, personal y remuneraciones, compras y licitaciones, subsidios y transferencias, presupuesto y auditor\u00eda y relaci\u00f3n con la ciudadan\u00eda.<br \/>\n\u201cEl cumplimiento de la Ley de Transparencia ha sido un eje fundamental en esta gesti\u00f3n y por eso estamos muy contentos con haber alcanzado el 95% de transparencia activa y ser considerados el segundo con el puntaje m\u00e1s alto en la regi\u00f3n, por eso agradezco a los funcionarios que hacen posibles estos resultados. Esto nos motiva a seguir trabajando en esta l\u00ednea\u201d, dijo el alcalde Patricio Freire.<br \/>\nEl jefe comunal tambi\u00e9n coment\u00f3 que en t\u00e9rminos de transparencia pasiva, cuyo \u00edndice tambi\u00e9n fue dado a conocer hace unos d\u00edas, el municipio logr\u00f3 un 100%, en un proceso que dice relaci\u00f3n con la entrega de informaci\u00f3n solicitada por la comunidad.<br \/>\n\u201cEstamos muy contentos de decir que somos un municipio que est\u00e1 dictando la pauta en t\u00e9rminos de los resultados de la transparencia. No solamente somos un municipio transparente, sino que damos muestras de que eso lo reconoce el Estado y eso para nosotros es una de la funciones principales y la sensaci\u00f3n que tiene la ciudadan\u00eda es que hemos avanzado enormemente en ese camino\u201d, dijo el administrador municipal, Patricio Gonz\u00e1lez.<br \/>\nSeg\u00fan los datos entregados, el municipio de San Felipe el a\u00f1o 2012 ten\u00eda un 39% de transparencia, mientras que el a\u00f1o 2013 logr\u00f3 un 74%, el 2014 un 66% y este a\u00f1o se culmina con un 95%.<\/p>\n","protected":false},"excerpt":{"rendered":"<p>Alcalde Freire dio a conocer la informaci\u00f3n, destacando el trabajo que se realiza al interior del municipio por los funcionarios municipales Un 95% de cumplimiento en el \u00edndice de transparencia activa alcanz\u00f3&#8230;<\/p>\n","protected":false},"author":482,"featured_media":64002,"comment_status":"open","ping_status":"open","sticky":false,"template":"","format":"standard","meta":{"advanced_seo_description":"","jetpack_seo_html_title":"","jetpack_seo_noindex":false,"_jetpack_memberships_contains_paid_content":false,"footnotes":""},"categories":[1],"tags":[],"class_list":["post-64001","post","type-post","status-publish","format-standard","has-post-thumbnail","hentry","category-cronica"],"jetpack_featured_media_url":"https:\/\/i0.wp.com\/eltrabajo.cl\/portal\/wp-content\/uploads\/2015\/11\/alcalde-Freire.jpg?fit=530%2C348&ssl=1","jetpack_sharing_enabled":true,"jetpack_likes_enabled":true,"jetpack-related-posts":[],"_links":{"self":[{"href":"https:\/\/eltrabajo.cl\/portal\/wp-json\/wp\/v2\/posts\/64001","targetHints":{"allow":["GET"]}}],"collection":[{"href":"https:\/\/eltrabajo.cl\/portal\/wp-json\/wp\/v2\/posts"}],"about":[{"href":"https:\/\/eltrabajo.cl\/portal\/wp-json\/wp\/v2\/types\/post"}],"author":[{"embeddable":true,"href":"https:\/\/eltrabajo.cl\/portal\/wp-json\/wp\/v2\/users\/482"}],"replies":[{"embeddable":true,"href":"https:\/\/eltrabajo.cl\/portal\/wp-json\/wp\/v2\/comments?post=64001"}],"version-history":[{"count":0,"href":"https:\/\/eltrabajo.cl\/portal\/wp-json\/wp\/v2\/posts\/64001\/revisions"}],"wp:featuredmedia":[{"embeddable":true,"href":"https:\/\/eltrabajo.cl\/portal\/wp-json\/wp\/v2\/media\/64002"}],"wp:attachment":[{"href":"https:\/\/eltrabajo.cl\/portal\/wp-json\/wp\/v2\/media?parent=64001"}],"wp:term":[{"taxonomy":"category","embeddable":true,"href":"https:\/\/eltrabajo.cl\/portal\/wp-json\/wp\/v2\/categories?post=64001"},{"taxonomy":"post_tag","embeddable":true,"href":"https:\/\/eltrabajo.cl\/portal\/wp-json\/wp\/v2\/tags?post=64001"}],"curies":[{"name":"wp","href":"https:\/\/api.w.org\/{rel}","templated":true}]}}