{"id":64004,"date":"2015-11-18T09:32:38","date_gmt":"2015-11-18T12:32:38","guid":{"rendered":"http:\/\/www.eltrabajo.cl\/portal\/?p=64004"},"modified":"2015-11-18T09:32:38","modified_gmt":"2015-11-18T12:32:38","slug":"feria-del-juguete-vivira-su-ultima-temporada-en-alameda-yungay","status":"publish","type":"post","link":"https:\/\/eltrabajo.cl\/portal\/feria-del-juguete-vivira-su-ultima-temporada-en-alameda-yungay\/","title":{"rendered":"Feria del juguete vivir\u00e1 su \u00faltima temporada en Alameda Yungay"},"content":{"rendered":"<figure id=\"attachment_64005\" aria-describedby=\"caption-attachment-64005\" style=\"width: 300px\" class=\"wp-caption alignleft\"><a href=\"https:\/\/i0.wp.com\/www.eltrabajo.cl\/portal\/wp-content\/uploads\/2015\/11\/FOTO-1-Patricio-Gonzalez-administrador-municipal.jpg\"><img data-recalc-dims=\"1\" loading=\"lazy\" decoding=\"async\" class=\"wp-image-64005 size-medium\" src=\"https:\/\/i0.wp.com\/www.eltrabajo.cl\/portal\/wp-content\/uploads\/2015\/11\/FOTO-1-Patricio-Gonzalez-administrador-municipal-300x197.jpg?resize=300%2C197\" alt=\"Patricio Gonz\u00e1lez, Administrador Municipal.\" width=\"300\" height=\"197\" srcset=\"https:\/\/i0.wp.com\/eltrabajo.cl\/portal\/wp-content\/uploads\/2015\/11\/FOTO-1-Patricio-Gonzalez-administrador-municipal.jpg?resize=300%2C197&amp;ssl=1 300w, https:\/\/i0.wp.com\/eltrabajo.cl\/portal\/wp-content\/uploads\/2015\/11\/FOTO-1-Patricio-Gonzalez-administrador-municipal.jpg?resize=200%2C131&amp;ssl=1 200w, https:\/\/i0.wp.com\/eltrabajo.cl\/portal\/wp-content\/uploads\/2015\/11\/FOTO-1-Patricio-Gonzalez-administrador-municipal.jpg?resize=228%2C150&amp;ssl=1 228w, https:\/\/i0.wp.com\/eltrabajo.cl\/portal\/wp-content\/uploads\/2015\/11\/FOTO-1-Patricio-Gonzalez-administrador-municipal.jpg?resize=400%2C263&amp;ssl=1 400w, https:\/\/i0.wp.com\/eltrabajo.cl\/portal\/wp-content\/uploads\/2015\/11\/FOTO-1-Patricio-Gonzalez-administrador-municipal.jpg?w=530&amp;ssl=1 530w\" sizes=\"auto, (max-width: 300px) 100vw, 300px\" \/><\/a><figcaption id=\"caption-attachment-64005\" class=\"wp-caption-text\">Patricio Gonz\u00e1lez, Administrador Municipal.<\/figcaption><\/figure>\n<ul>\n<li><strong>Administrador municipal asegur\u00f3 que a partir del 2016 se estudiar\u00e1 la posibilidad de encontrar otro espacio para el epicentro del comercio navide\u00f1o<\/strong><\/li>\n<\/ul>\n<p>Dentro del proyecto de mejoramiento y recuperaci\u00f3n de \u00e1reas verdes y espacios p\u00fablicos que realiza la Municipalidad de San Felipe, la alameda Yungay es un sector que se encuentra en plena etapa de hermoseamiento, espec\u00edficamente entre las calles Prat y Merced, donde todos los a\u00f1os, en esta fecha se instala la popular Feria del Juguete.<br \/>\nDentro de este contexto y ante los trabajos que se realizan en el lugar, es que surgi\u00f3 la posibilidad que este espacio, destinado al comercio de art\u00edculos navide\u00f1os, fuera cambiado a otro sector. Sin embargo, el Administrador Municipal Patricio Gonz\u00e1lez, se encarg\u00f3 de confirmar que \u00e9ste ser\u00e1 el \u00faltimo a\u00f1o que la feria funcione en este sitio aludiendo que \u201cse baraj\u00f3 la posibilidad de instalar la feria frente al Tottus, pero ellos (los feriantes) decidieron mantener la ubicaci\u00f3n por el n\u00famero de puestos que all\u00e1 no entraban y s\u00ed lo hac\u00edan en la alameda Yungay\u201d, y continu\u00f3 diciendo que \u201ceste debiera ser el \u00faltimo a\u00f1o que se instale en ese sector y durante el pr\u00f3ximo a\u00f1o vamos a definir en conjunto donde se va a instalar de manera definitiva\u201d, enfatiz\u00f3.<br \/>\nEn referencia a si los feriantes est\u00e1n en conocimiento de esta situaci\u00f3n, Gonz\u00e1lez dijo que \u201cdurante este a\u00f1o, con el alcalde Patricio Freire y la directiva de esta feria, hemos tenido algunas reuniones para fijar el futuro de \u00e9sta. Por este a\u00f1o la feria va a funcionar ah\u00ed, por supuesto con todas las medidas de precauci\u00f3n que ello implica\u201d, se\u00f1al\u00f3.<br \/>\nRespecto de los cuidados que se tendr\u00e1 para preservar los recientes trabajos realizados en el \u00e1rea verde del lugar, el administrador municipal expuso que \u201cvamos a cerrar el contorno del \u00e1rea verde que hoy ya se encuentra terminada, el pasto ya est\u00e1 brotando, por lo tanto es muy urgente cercar el lugar y tambi\u00e9n hemos llegado a un acuerdo de la firma de una boleta de garant\u00eda, cuyo monto estamos revisando. Pero hay un compromiso de los feriantes, por supuesto por los arreglos que se han hecho, de que este a\u00f1o tengan mucho cuidado al respecto\u201d, puntualiz\u00f3.<br \/>\nEn cuanto al futuro de la feria, Gonz\u00e1lez asegur\u00f3 que \u201ceste tema ser\u00e1 parte de conversaciones que, tal como en otras ocasiones, han logrado muy buenos acuerdos, como por ejemplo, la terraza de la Plaza de Armas, cuya problem\u00e1tica tuvo una muy buena salida\u201d, finaliz\u00f3<br \/>\nEs importante consignar que el municipio entregar\u00e1 este viernes el espacio a los feriantes, para que \u00e9stos comiencen a instalarse con sus puestos a partir del d\u00eda s\u00e1bado.<\/p>\n<div class=\"tiled-gallery type-rectangular tiled-gallery-unresized\" data-original-width=\"640\" data-carousel-extra='null' itemscope itemtype=\"http:\/\/schema.org\/ImageGallery\" > <div class=\"gallery-row\" style=\"width: 640px; height: 212px;\" data-original-width=\"640\" data-original-height=\"212\" > <div class=\"gallery-group images-1\" style=\"width: 320px; height: 212px;\" data-original-width=\"320\" data-original-height=\"212\" > <div class=\"tiled-gallery-item tiled-gallery-item-large\" itemprop=\"associatedMedia\" itemscope itemtype=\"http:\/\/schema.org\/ImageObject\"> <a href=\"https:\/\/eltrabajo.cl\/portal\/feria-del-juguete-vivira-su-ultima-temporada-en-alameda-yungay\/foto-3-pasto-alameda-yungay\/\" border=\"0\" itemprop=\"url\"> <meta itemprop=\"width\" content=\"316\"> <meta itemprop=\"height\" content=\"208\"> <img decoding=\"async\" class=\"\" data-attachment-id=\"64007\" data-orig-file=\"https:\/\/eltrabajo.cl\/portal\/wp-content\/uploads\/2015\/11\/FOTO-3-PASTO-ALAMEDA-YUNGAY.jpg\" data-orig-size=\"530,350\" data-comments-opened=\"1\" data-image-meta=\"{&quot;aperture&quot;:&quot;0&quot;,&quot;credit&quot;:&quot;&quot;,&quot;camera&quot;:&quot;&quot;,&quot;caption&quot;:&quot;&quot;,&quot;created_timestamp&quot;:&quot;0&quot;,&quot;copyright&quot;:&quot;Copyright 2012&quot;,&quot;focal_length&quot;:&quot;0&quot;,&quot;iso&quot;:&quot;0&quot;,&quot;shutter_speed&quot;:&quot;0&quot;,&quot;title&quot;:&quot;&quot;,&quot;orientation&quot;:&quot;0&quot;}\" data-image-title=\"FOTO 3 PASTO ALAMEDA YUNGAY\" data-image-description=\"&lt;p&gt;En el lugar se aprecia el pasto reci\u00e9n germinando, tras los trabajos de hermoseamiento que ha efectuado el municipio sanfelipe\u00f1o.&lt;\/p&gt; \" data-medium-file=\"https:\/\/i0.wp.com\/eltrabajo.cl\/portal\/wp-content\/uploads\/2015\/11\/FOTO-3-PASTO-ALAMEDA-YUNGAY.jpg?fit=300%2C198&#038;ssl=1\" data-large-file=\"https:\/\/i0.wp.com\/eltrabajo.cl\/portal\/wp-content\/uploads\/2015\/11\/FOTO-3-PASTO-ALAMEDA-YUNGAY.jpg?fit=530%2C350&#038;ssl=1\" src=\"https:\/\/i0.wp.com\/eltrabajo.cl\/portal\/wp-content\/uploads\/2015\/11\/FOTO-3-PASTO-ALAMEDA-YUNGAY.jpg?w=316&#038;h=208&#038;ssl=1\" srcset=\"https:\/\/i0.wp.com\/eltrabajo.cl\/portal\/wp-content\/uploads\/2015\/11\/FOTO-3-PASTO-ALAMEDA-YUNGAY.jpg?w=530&amp;ssl=1 530w, https:\/\/i0.wp.com\/eltrabajo.cl\/portal\/wp-content\/uploads\/2015\/11\/FOTO-3-PASTO-ALAMEDA-YUNGAY.jpg?resize=200%2C132&amp;ssl=1 200w, https:\/\/i0.wp.com\/eltrabajo.cl\/portal\/wp-content\/uploads\/2015\/11\/FOTO-3-PASTO-ALAMEDA-YUNGAY.jpg?resize=300%2C198&amp;ssl=1 300w, https:\/\/i0.wp.com\/eltrabajo.cl\/portal\/wp-content\/uploads\/2015\/11\/FOTO-3-PASTO-ALAMEDA-YUNGAY.jpg?resize=227%2C150&amp;ssl=1 227w, https:\/\/i0.wp.com\/eltrabajo.cl\/portal\/wp-content\/uploads\/2015\/11\/FOTO-3-PASTO-ALAMEDA-YUNGAY.jpg?resize=400%2C264&amp;ssl=1 400w\" width=\"316\" height=\"208\" loading=\"lazy\" data-original-width=\"316\" data-original-height=\"208\" itemprop=\"http:\/\/schema.org\/image\" title=\"FOTO 3 PASTO ALAMEDA YUNGAY\" alt=\"En el lugar se aprecia el pasto reci\u00e9n germinando, tras los trabajos de hermoseamiento que ha efectuado el municipio sanfelipe\u00f1o.\" style=\"width: 316px; height: 208px;\" \/> <\/a> <div class=\"tiled-gallery-caption\" itemprop=\"caption description\"> En el lugar se aprecia el pasto reci\u00e9n germinando, tras los trabajos de hermoseamiento que ha efectuado el municipio sanfelipe\u00f1o. <\/div> <\/div> <\/div> <!-- close group --> <div class=\"gallery-group images-1\" style=\"width: 320px; height: 212px;\" data-original-width=\"320\" data-original-height=\"212\" > <div class=\"tiled-gallery-item tiled-gallery-item-large\" itemprop=\"associatedMedia\" itemscope itemtype=\"http:\/\/schema.org\/ImageObject\"> <a href=\"https:\/\/eltrabajo.cl\/portal\/feria-del-juguete-vivira-su-ultima-temporada-en-alameda-yungay\/foto-2-alameda-yungay-entre-prat-y-merced\/\" border=\"0\" itemprop=\"url\"> <meta itemprop=\"width\" content=\"316\"> <meta itemprop=\"height\" content=\"208\"> <img decoding=\"async\" class=\"\" data-attachment-id=\"64006\" data-orig-file=\"https:\/\/eltrabajo.cl\/portal\/wp-content\/uploads\/2015\/11\/FOTO-2-ALAMEDA-YUNGAY-ENTRE-PRAT-Y-MERCED.jpg\" data-orig-size=\"530,349\" data-comments-opened=\"1\" data-image-meta=\"{&quot;aperture&quot;:&quot;0&quot;,&quot;credit&quot;:&quot;&quot;,&quot;camera&quot;:&quot;&quot;,&quot;caption&quot;:&quot;&quot;,&quot;created_timestamp&quot;:&quot;0&quot;,&quot;copyright&quot;:&quot;Copyright 2012&quot;,&quot;focal_length&quot;:&quot;0&quot;,&quot;iso&quot;:&quot;0&quot;,&quot;shutter_speed&quot;:&quot;0&quot;,&quot;title&quot;:&quot;&quot;,&quot;orientation&quot;:&quot;0&quot;}\" data-image-title=\"FOTO 2 ALAMEDA YUNGAY ENTRE PRAT Y MERCED\" data-image-description=\"&lt;p&gt;Alameda Yungay entre Prat y Merced, espacio en el que se instala la feria del juguete.&lt;\/p&gt; \" data-medium-file=\"https:\/\/i0.wp.com\/eltrabajo.cl\/portal\/wp-content\/uploads\/2015\/11\/FOTO-2-ALAMEDA-YUNGAY-ENTRE-PRAT-Y-MERCED.jpg?fit=300%2C198&#038;ssl=1\" data-large-file=\"https:\/\/i0.wp.com\/eltrabajo.cl\/portal\/wp-content\/uploads\/2015\/11\/FOTO-2-ALAMEDA-YUNGAY-ENTRE-PRAT-Y-MERCED.jpg?fit=530%2C349&#038;ssl=1\" src=\"https:\/\/i0.wp.com\/eltrabajo.cl\/portal\/wp-content\/uploads\/2015\/11\/FOTO-2-ALAMEDA-YUNGAY-ENTRE-PRAT-Y-MERCED.jpg?w=316&#038;h=208&#038;ssl=1\" srcset=\"https:\/\/i0.wp.com\/eltrabajo.cl\/portal\/wp-content\/uploads\/2015\/11\/FOTO-2-ALAMEDA-YUNGAY-ENTRE-PRAT-Y-MERCED.jpg?w=530&amp;ssl=1 530w, https:\/\/i0.wp.com\/eltrabajo.cl\/portal\/wp-content\/uploads\/2015\/11\/FOTO-2-ALAMEDA-YUNGAY-ENTRE-PRAT-Y-MERCED.jpg?resize=200%2C132&amp;ssl=1 200w, https:\/\/i0.wp.com\/eltrabajo.cl\/portal\/wp-content\/uploads\/2015\/11\/FOTO-2-ALAMEDA-YUNGAY-ENTRE-PRAT-Y-MERCED.jpg?resize=300%2C198&amp;ssl=1 300w, https:\/\/i0.wp.com\/eltrabajo.cl\/portal\/wp-content\/uploads\/2015\/11\/FOTO-2-ALAMEDA-YUNGAY-ENTRE-PRAT-Y-MERCED.jpg?resize=228%2C150&amp;ssl=1 228w, https:\/\/i0.wp.com\/eltrabajo.cl\/portal\/wp-content\/uploads\/2015\/11\/FOTO-2-ALAMEDA-YUNGAY-ENTRE-PRAT-Y-MERCED.jpg?resize=400%2C263&amp;ssl=1 400w\" width=\"316\" height=\"208\" loading=\"lazy\" data-original-width=\"316\" data-original-height=\"208\" itemprop=\"http:\/\/schema.org\/image\" title=\"FOTO 2 ALAMEDA YUNGAY ENTRE PRAT Y MERCED\" alt=\"Alameda Yungay entre Prat y Merced, espacio en el que se instala la feria del juguete.\" style=\"width: 316px; height: 208px;\" \/> <\/a> <div class=\"tiled-gallery-caption\" itemprop=\"caption description\"> Alameda Yungay entre Prat y Merced, espacio en el que se instala la feria del juguete. <\/div> <\/div> <\/div> <!-- close group --> <\/div> <!-- close row --> <\/div>\n","protected":false},"excerpt":{"rendered":"<p>Administrador municipal asegur\u00f3 que a partir del 2016 se estudiar\u00e1 la posibilidad de encontrar otro espacio para el epicentro del comercio navide\u00f1o Dentro del proyecto de mejoramiento y recuperaci\u00f3n de \u00e1reas verdes&#8230;<\/p>\n","protected":false},"author":482,"featured_media":64005,"comment_status":"open","ping_status":"open","sticky":false,"template":"","format":"standard","meta":{"advanced_seo_description":"","jetpack_seo_html_title":"","jetpack_seo_noindex":false,"_jetpack_memberships_contains_paid_content":false,"footnotes":""},"categories":[15],"tags":[],"class_list":["post-64004","post","type-post","status-publish","format-standard","has-post-thumbnail","hentry","category-comunidad"],"jetpack_featured_media_url":"https:\/\/i0.wp.com\/eltrabajo.cl\/portal\/wp-content\/uploads\/2015\/11\/FOTO-1-Patricio-Gonzalez-administrador-municipal.jpg?fit=530%2C348&ssl=1","jetpack_sharing_enabled":true,"jetpack_likes_enabled":true,"jetpack-related-posts":[],"_links":{"self":[{"href":"https:\/\/eltrabajo.cl\/portal\/wp-json\/wp\/v2\/posts\/64004","targetHints":{"allow":["GET"]}}],"collection":[{"href":"https:\/\/eltrabajo.cl\/portal\/wp-json\/wp\/v2\/posts"}],"about":[{"href":"https:\/\/eltrabajo.cl\/portal\/wp-json\/wp\/v2\/types\/post"}],"author":[{"embeddable":true,"href":"https:\/\/eltrabajo.cl\/portal\/wp-json\/wp\/v2\/users\/482"}],"replies":[{"embeddable":true,"href":"https:\/\/eltrabajo.cl\/portal\/wp-json\/wp\/v2\/comments?post=64004"}],"version-history":[{"count":0,"href":"https:\/\/eltrabajo.cl\/portal\/wp-json\/wp\/v2\/posts\/64004\/revisions"}],"wp:featuredmedia":[{"embeddable":true,"href":"https:\/\/eltrabajo.cl\/portal\/wp-json\/wp\/v2\/media\/64005"}],"wp:attachment":[{"href":"https:\/\/eltrabajo.cl\/portal\/wp-json\/wp\/v2\/media?parent=64004"}],"wp:term":[{"taxonomy":"category","embeddable":true,"href":"https:\/\/eltrabajo.cl\/portal\/wp-json\/wp\/v2\/categories?post=64004"},{"taxonomy":"post_tag","embeddable":true,"href":"https:\/\/eltrabajo.cl\/portal\/wp-json\/wp\/v2\/tags?post=64004"}],"curies":[{"name":"wp","href":"https:\/\/api.w.org\/{rel}","templated":true}]}}