{"id":64009,"date":"2015-11-18T09:35:11","date_gmt":"2015-11-18T12:35:11","guid":{"rendered":"http:\/\/www.eltrabajo.cl\/portal\/?p=64009"},"modified":"2015-11-18T09:35:11","modified_gmt":"2015-11-18T12:35:11","slug":"turba-agrede-a-pedradas-a-carabineros-para-impedir-detencion","status":"publish","type":"post","link":"https:\/\/eltrabajo.cl\/portal\/turba-agrede-a-pedradas-a-carabineros-para-impedir-detencion\/","title":{"rendered":"Turba agrede a pedradas a Carabineros para impedir detenci\u00f3n"},"content":{"rendered":"<figure id=\"attachment_64010\" aria-describedby=\"caption-attachment-64010\" style=\"width: 300px\" class=\"wp-caption alignleft\"><a href=\"https:\/\/i0.wp.com\/www.eltrabajo.cl\/portal\/wp-content\/uploads\/2015\/11\/DETENIDO.jpg\"><img data-recalc-dims=\"1\" loading=\"lazy\" decoding=\"async\" class=\"wp-image-64010 size-medium\" src=\"https:\/\/i0.wp.com\/www.eltrabajo.cl\/portal\/wp-content\/uploads\/2015\/11\/DETENIDO-300x198.jpg?resize=300%2C198\" alt=\"Tras el descontrol de los residentes de la Villa 250 a\u00f1os de San Felipe, ambos detenidos por Carabineros fueron dejados en libertad tras las instrucciones de la Fiscal\u00eda. (Foto Archivo).\" width=\"300\" height=\"198\" srcset=\"https:\/\/i0.wp.com\/eltrabajo.cl\/portal\/wp-content\/uploads\/2015\/11\/DETENIDO.jpg?resize=300%2C198&amp;ssl=1 300w, https:\/\/i0.wp.com\/eltrabajo.cl\/portal\/wp-content\/uploads\/2015\/11\/DETENIDO.jpg?resize=200%2C132&amp;ssl=1 200w, https:\/\/i0.wp.com\/eltrabajo.cl\/portal\/wp-content\/uploads\/2015\/11\/DETENIDO.jpg?resize=227%2C150&amp;ssl=1 227w, https:\/\/i0.wp.com\/eltrabajo.cl\/portal\/wp-content\/uploads\/2015\/11\/DETENIDO.jpg?resize=400%2C264&amp;ssl=1 400w, https:\/\/i0.wp.com\/eltrabajo.cl\/portal\/wp-content\/uploads\/2015\/11\/DETENIDO.jpg?w=530&amp;ssl=1 530w\" sizes=\"auto, (max-width: 300px) 100vw, 300px\" \/><\/a><figcaption id=\"caption-attachment-64010\" class=\"wp-caption-text\">Tras el descontrol de los residentes de la Villa 250 a\u00f1os de San Felipe, ambos detenidos por Carabineros fueron dejados en libertad tras las instrucciones de la Fiscal\u00eda. (Foto Archivo).<\/figcaption><\/figure>\n<ul>\n<li><strong>Mientras los efectivos policiales realizaban una fiscalizaci\u00f3n vehicular, desconocidos arrojaron piedras contra los funcionarios y el carro policial. Asimismo un grupo de pobladores descontrolados se agolparon en el lugar para impedir la detenci\u00f3n de dos individuos, uno de ellos por golpear el rostro de un oficial de Carabineros.<\/strong><\/li>\n<\/ul>\n<p>En medio de pedradas y el descontrol de una turba de residentes de la villa 250 A\u00f1os de San Felipe, Carabineros detuvo a dos sujetos que agredieron y se opusieron a la acci\u00f3n policial cuando se les realizaba una fiscalizaci\u00f3n vehicular en dicha poblaci\u00f3n la ma\u00f1ana de ayer martes.<br \/>\nLos hechos se desencadenaron a eso de las 11:25 horas en el pasaje Eduardo Frei esquina calle 9, en circunstancias que Carabineros efectuaba patrullajes preventivos y observaron a dos sujetos que se movilizaban en una motocicleta, los que al advertir la presencia policial, escaparon en direcci\u00f3n a la villa 250 A\u00f1os.<br \/>\nCarabineros, al perseguir a estos individuos en las inmediaciones de esta poblaci\u00f3n, logr\u00f3 interceptar a uno de los sujetos identificado como Rey David Escobar Neira, para practicarle un control de identidad, sin embargo al momento de esta fiscalizaci\u00f3n, desconocidos comenzaron a arrojar piedras contra los uniformados y el carro policial.<br \/>\nEn esos precisos momentos, cuando el ambiente se tornaba peligroso, uno de los funcionarios se dirigi\u00f3 en b\u00fasqueda de uno de los atacantes que result\u00f3 ser un menor de edad de 17 a\u00f1os individualizado con las iniciales A.M.A.G.<br \/>\nAsimismo Escobar Neira, quien se encontraba retenido en el lugar, habr\u00eda agredido con el casco que portaba el rostro de un oficial de Carabineros para luego darse a la fuga, sin embargo tras su persecuci\u00f3n fue capturado a metros del lugar quedando en calidad de detenido.<br \/>\nEn estas circunstancias una turba de vecinos de ese sector se agolp\u00f3 en la patrulla policial, repudiando la acci\u00f3n de Carabineros. Enfurecidos trataron de liberar a los detenidos quienes se encontraban esposados al interior del m\u00f3vil.<br \/>\nEn medio del descontrol de los residentes de la villa 250 A\u00f1os, Carabineros se retir\u00f3 del lugar en direcci\u00f3n a la unidad policial para adoptar los procedimientos de rigor con los detenidos capturados.<br \/>\nLa polic\u00eda uniformada inform\u00f3 que un oficial de Carabineros result\u00f3 con erosiones en sus brazos y una contusi\u00f3n facial, tras el diagn\u00f3stico realizado en el Servicio de Urgencias del Hospital San Camilo de San Felipe. Asimismo un segundo funcionario result\u00f3 con lesiones leves.<br \/>\nSin embargo tras el ajetreado procedimiento policial, los detenidos con antecedentes penales, fueron dejados en libertad por instrucci\u00f3n de la Fiscal\u00eda quedando a la espera de citaci\u00f3n por parte del Ministerio P\u00fablico que investigar\u00e1 estas denuncias.<br \/>\n<strong>Pablo Salinas Sald\u00edas<\/strong><\/p>\n","protected":false},"excerpt":{"rendered":"<p>Mientras los efectivos policiales realizaban una fiscalizaci\u00f3n vehicular, desconocidos arrojaron piedras contra los funcionarios y el carro policial. Asimismo un grupo de pobladores descontrolados se agolparon en el lugar para impedir la&#8230;<\/p>\n","protected":false},"author":482,"featured_media":64010,"comment_status":"open","ping_status":"open","sticky":false,"template":"","format":"standard","meta":{"advanced_seo_description":"","jetpack_seo_html_title":"","jetpack_seo_noindex":false,"_jetpack_memberships_contains_paid_content":false,"footnotes":""},"categories":[21],"tags":[],"class_list":["post-64009","post","type-post","status-publish","format-standard","has-post-thumbnail","hentry","category-policial"],"jetpack_featured_media_url":"https:\/\/i0.wp.com\/eltrabajo.cl\/portal\/wp-content\/uploads\/2015\/11\/DETENIDO.jpg?fit=530%2C350&ssl=1","jetpack_sharing_enabled":true,"jetpack_likes_enabled":true,"jetpack-related-posts":[],"_links":{"self":[{"href":"https:\/\/eltrabajo.cl\/portal\/wp-json\/wp\/v2\/posts\/64009","targetHints":{"allow":["GET"]}}],"collection":[{"href":"https:\/\/eltrabajo.cl\/portal\/wp-json\/wp\/v2\/posts"}],"about":[{"href":"https:\/\/eltrabajo.cl\/portal\/wp-json\/wp\/v2\/types\/post"}],"author":[{"embeddable":true,"href":"https:\/\/eltrabajo.cl\/portal\/wp-json\/wp\/v2\/users\/482"}],"replies":[{"embeddable":true,"href":"https:\/\/eltrabajo.cl\/portal\/wp-json\/wp\/v2\/comments?post=64009"}],"version-history":[{"count":0,"href":"https:\/\/eltrabajo.cl\/portal\/wp-json\/wp\/v2\/posts\/64009\/revisions"}],"wp:featuredmedia":[{"embeddable":true,"href":"https:\/\/eltrabajo.cl\/portal\/wp-json\/wp\/v2\/media\/64010"}],"wp:attachment":[{"href":"https:\/\/eltrabajo.cl\/portal\/wp-json\/wp\/v2\/media?parent=64009"}],"wp:term":[{"taxonomy":"category","embeddable":true,"href":"https:\/\/eltrabajo.cl\/portal\/wp-json\/wp\/v2\/categories?post=64009"},{"taxonomy":"post_tag","embeddable":true,"href":"https:\/\/eltrabajo.cl\/portal\/wp-json\/wp\/v2\/tags?post=64009"}],"curies":[{"name":"wp","href":"https:\/\/api.w.org\/{rel}","templated":true}]}}