{"id":64030,"date":"2015-11-19T09:42:10","date_gmt":"2015-11-19T12:42:10","guid":{"rendered":"http:\/\/www.eltrabajo.cl\/portal\/?p=64030"},"modified":"2015-11-19T09:42:10","modified_gmt":"2015-11-19T12:42:10","slug":"sociedad-de-hi-el-patrimonio","status":"publish","type":"post","link":"https:\/\/eltrabajo.cl\/portal\/sociedad-de-hi-el-patrimonio\/","title":{"rendered":"Sociedad de Historia y Arqueolog\u00eda de Aconcagua realizar\u00e1 charlas sobre el patrimonio"},"content":{"rendered":"<figure id=\"attachment_64031\" aria-describedby=\"caption-attachment-64031\" style=\"width: 300px\" class=\"wp-caption alignleft\"><a href=\"https:\/\/i0.wp.com\/www.eltrabajo.cl\/portal\/wp-content\/uploads\/2015\/11\/ADELA-CUBILLOS.jpg\"><img data-recalc-dims=\"1\" loading=\"lazy\" decoding=\"async\" class=\"wp-image-64031 size-medium\" src=\"https:\/\/i0.wp.com\/www.eltrabajo.cl\/portal\/wp-content\/uploads\/2015\/11\/ADELA-CUBILLOS-300x197.jpg?resize=300%2C197\" alt=\"Adela Cubillos, presidenta de la Sociedad de Historia y Arqueolog\u00eda de Aconcagua.\" width=\"300\" height=\"197\" srcset=\"https:\/\/i0.wp.com\/eltrabajo.cl\/portal\/wp-content\/uploads\/2015\/11\/ADELA-CUBILLOS.jpg?resize=300%2C197&amp;ssl=1 300w, https:\/\/i0.wp.com\/eltrabajo.cl\/portal\/wp-content\/uploads\/2015\/11\/ADELA-CUBILLOS.jpg?resize=200%2C131&amp;ssl=1 200w, https:\/\/i0.wp.com\/eltrabajo.cl\/portal\/wp-content\/uploads\/2015\/11\/ADELA-CUBILLOS.jpg?resize=228%2C150&amp;ssl=1 228w, https:\/\/i0.wp.com\/eltrabajo.cl\/portal\/wp-content\/uploads\/2015\/11\/ADELA-CUBILLOS.jpg?resize=400%2C263&amp;ssl=1 400w, https:\/\/i0.wp.com\/eltrabajo.cl\/portal\/wp-content\/uploads\/2015\/11\/ADELA-CUBILLOS.jpg?w=530&amp;ssl=1 530w\" sizes=\"auto, (max-width: 300px) 100vw, 300px\" \/><\/a><figcaption id=\"caption-attachment-64031\" class=\"wp-caption-text\">Adela Cubillos, presidenta de la Sociedad de Historia y Arqueolog\u00eda de Aconcagua.<\/figcaption><\/figure>\n<ul>\n<li><strong>Agrupaci\u00f3n se prepara para cumplir 70 a\u00f1os de funcionamiento, promoviendo y difundiendo la historia del Valle de Aconcagua<\/strong><\/li>\n<\/ul>\n<p>Ma\u00f1ana viernes a partir de las 19:30 horas, en el Sal\u00f3n de Honor de la Municipalidad de San Felipe, se llevar\u00e1 a cabo la charla mensual de la Sociedad de Historia y Arqueolog\u00eda de Aconcagua, que en esta oportunidad contar\u00e1 con la presencia de dos Mag\u00edster en Historia: Carolina Mart\u00ednez, profesora del Instituto Abd\u00f3n Cifuentes y Francisca Contreras, docente de Los Andes, quienes expondr\u00e1n respecto de La Llegada del Ferrocarril al Valle de Aconcagua con su impacto econ\u00f3mico y social y del Patrimonio Protegido de Aconcagua, respectivamente.<br \/>\nLa presidenta de esta Agrupaci\u00f3n, Adela Cubillos, record\u00f3 que es una actividad gratuita, la cual, no necesita preinscripci\u00f3n y por ende se mostr\u00f3 muy esperanzada en que la comunidad participe aludiendo que \u201cest\u00e1n cordialmente invitados, es una charla abierta, ojal\u00e1 tengamos participaci\u00f3n de la comunidad; invitamos a los j\u00f3venes, a los voluntarios por el Patrimonio para que asistan. Ojal\u00e1 est\u00e9 lleno el sal\u00f3n para que sea una actividad provechosa\u201d, adujo.<br \/>\nSeg\u00fan Cubillos, uno de los objetivos que se percibe con las charlas es difundir la Historia local, pero adem\u00e1s se busca preparar lo que ser\u00e1 la conmemoraci\u00f3n de un nuevo aniversario de la creaci\u00f3n de esta sociedad, que el pr\u00f3ximo 4 de diciembre celebrar\u00e1 70 a\u00f1os.<br \/>\nReferente a ese festejo Cubillos manifest\u00f3 que \u201cuna de las formas de difundir la historia local es invitando a historiadores nacionales, que esa ha sido la t\u00f3nica de todos estos a\u00f1os, as\u00ed como tambi\u00e9n de los historiadores locales que pertenecieron a esta sociedad, que pertenecen y que han hecho publicaciones muy importantes\u201d, expuso<br \/>\nCabe destacar que la Sociedad de Historia y Arqueolog\u00eda de Aconcagua se cre\u00f3 el 7 de diciembre de 1945 en Santiago y comenz\u00f3 a funcionar en el valle a partir de 1946. En el marco de su aniversario n\u00famero 70, el viernes 4 de Diciembre se realizar\u00e1 una ceremonia a las 10:30 de la ma\u00f1ana en el mismo Sal\u00f3n de Honor municipal, en la cual, se har\u00e1 un homenaje a los primeros socios y tambi\u00e9n un reconocimiento a los socios activos y algunas autoridades que colaboran constantemente con esta agrupaci\u00f3n. Adem\u00e1s, el evento contar\u00e1 con la participaci\u00f3n del Premio Nacional de Historia del a\u00f1o 2008, Eduardo Cavieres.<\/p>\n","protected":false},"excerpt":{"rendered":"<p>Agrupaci\u00f3n se prepara para cumplir 70 a\u00f1os de funcionamiento, promoviendo y difundiendo la historia del Valle de Aconcagua Ma\u00f1ana viernes a partir de las 19:30 horas, en el Sal\u00f3n de Honor de&#8230;<\/p>\n","protected":false},"author":482,"featured_media":64031,"comment_status":"open","ping_status":"open","sticky":false,"template":"","format":"standard","meta":{"advanced_seo_description":"","jetpack_seo_html_title":"","jetpack_seo_noindex":false,"_jetpack_memberships_contains_paid_content":false,"footnotes":""},"categories":[15],"tags":[],"class_list":["post-64030","post","type-post","status-publish","format-standard","has-post-thumbnail","hentry","category-comunidad"],"jetpack_featured_media_url":"https:\/\/i0.wp.com\/eltrabajo.cl\/portal\/wp-content\/uploads\/2015\/11\/ADELA-CUBILLOS.jpg?fit=530%2C348&ssl=1","jetpack_sharing_enabled":true,"jetpack_likes_enabled":true,"jetpack-related-posts":[],"_links":{"self":[{"href":"https:\/\/eltrabajo.cl\/portal\/wp-json\/wp\/v2\/posts\/64030","targetHints":{"allow":["GET"]}}],"collection":[{"href":"https:\/\/eltrabajo.cl\/portal\/wp-json\/wp\/v2\/posts"}],"about":[{"href":"https:\/\/eltrabajo.cl\/portal\/wp-json\/wp\/v2\/types\/post"}],"author":[{"embeddable":true,"href":"https:\/\/eltrabajo.cl\/portal\/wp-json\/wp\/v2\/users\/482"}],"replies":[{"embeddable":true,"href":"https:\/\/eltrabajo.cl\/portal\/wp-json\/wp\/v2\/comments?post=64030"}],"version-history":[{"count":0,"href":"https:\/\/eltrabajo.cl\/portal\/wp-json\/wp\/v2\/posts\/64030\/revisions"}],"wp:featuredmedia":[{"embeddable":true,"href":"https:\/\/eltrabajo.cl\/portal\/wp-json\/wp\/v2\/media\/64031"}],"wp:attachment":[{"href":"https:\/\/eltrabajo.cl\/portal\/wp-json\/wp\/v2\/media?parent=64030"}],"wp:term":[{"taxonomy":"category","embeddable":true,"href":"https:\/\/eltrabajo.cl\/portal\/wp-json\/wp\/v2\/categories?post=64030"},{"taxonomy":"post_tag","embeddable":true,"href":"https:\/\/eltrabajo.cl\/portal\/wp-json\/wp\/v2\/tags?post=64030"}],"curies":[{"name":"wp","href":"https:\/\/api.w.org\/{rel}","templated":true}]}}