{"id":64033,"date":"2015-11-19T09:43:33","date_gmt":"2015-11-19T12:43:33","guid":{"rendered":"http:\/\/www.eltrabajo.cl\/portal\/?p=64033"},"modified":"2015-11-19T09:43:33","modified_gmt":"2015-11-19T12:43:33","slug":"mujeres-fueronncia-de-genero","status":"publish","type":"post","link":"https:\/\/eltrabajo.cl\/portal\/mujeres-fueronncia-de-genero\/","title":{"rendered":"Mujeres fueron certificadas Monitoras contra Violencia de G\u00e9nero"},"content":{"rendered":"<figure id=\"attachment_64034\" aria-describedby=\"caption-attachment-64034\" style=\"width: 300px\" class=\"wp-caption alignleft\"><a href=\"https:\/\/i0.wp.com\/www.eltrabajo.cl\/portal\/wp-content\/uploads\/2015\/11\/Monitoras-en-violencia-de-genero.jpg\"><img data-recalc-dims=\"1\" loading=\"lazy\" decoding=\"async\" class=\"wp-image-64034 size-medium\" src=\"https:\/\/i0.wp.com\/www.eltrabajo.cl\/portal\/wp-content\/uploads\/2015\/11\/Monitoras-en-violencia-de-genero-300x198.jpg?resize=300%2C198\" alt=\"16 mujeres fueron certificadas como monitoras en prevenci\u00f3n de la violencia de g\u00e9nero por el Sernam y el municipio llaylla\u00edno. \" width=\"300\" height=\"198\" srcset=\"https:\/\/i0.wp.com\/eltrabajo.cl\/portal\/wp-content\/uploads\/2015\/11\/Monitoras-en-violencia-de-genero.jpg?resize=300%2C198&amp;ssl=1 300w, https:\/\/i0.wp.com\/eltrabajo.cl\/portal\/wp-content\/uploads\/2015\/11\/Monitoras-en-violencia-de-genero.jpg?resize=200%2C132&amp;ssl=1 200w, https:\/\/i0.wp.com\/eltrabajo.cl\/portal\/wp-content\/uploads\/2015\/11\/Monitoras-en-violencia-de-genero.jpg?resize=228%2C150&amp;ssl=1 228w, https:\/\/i0.wp.com\/eltrabajo.cl\/portal\/wp-content\/uploads\/2015\/11\/Monitoras-en-violencia-de-genero.jpg?resize=400%2C263&amp;ssl=1 400w, https:\/\/i0.wp.com\/eltrabajo.cl\/portal\/wp-content\/uploads\/2015\/11\/Monitoras-en-violencia-de-genero.jpg?w=530&amp;ssl=1 530w\" sizes=\"auto, (max-width: 300px) 100vw, 300px\" \/><\/a><figcaption id=\"caption-attachment-64034\" class=\"wp-caption-text\">16 mujeres fueron certificadas como monitoras en prevenci\u00f3n de la violencia de g\u00e9nero por el Sernam y el municipio llaylla\u00edno.<\/figcaption><\/figure>\n<p><strong>LLAY LLAY.-<\/strong> 16 mujeres l\u00edderes de la ciudad fueron certificadas como monitoras en prevenci\u00f3n de la violencia de g\u00e9nero. Capacitaci\u00f3n entregada en conjunto, por Sernam (Servicio Nacional de la Mujer) Valpara\u00edso y el municipo.<br \/>\nPor su participaci\u00f3n en capacitaci\u00f3n \u2018Monitoras contra Violencia de G\u00e9nero\u2019, dice el diploma entregado por el alcalde de Llay Llay, Mario Marillanca; el abogado del Sernam; Edgardo Gonz\u00e1lez y la asistente social Monserrat P\u00e9rez, encargada de la Oficina de Relaciones Comunitarias de la municipalidad llaylla\u00edna.<br \/>\nFueron un total de 16 horas cronol\u00f3gicas dictadas en tres talleres. Participando dirigentes de junta de vecinos Leucot\u00f3n, agrupaci\u00f3n Buscando una Sonrisa, comit\u00e9 villa Italia, club deportivo Leones, junta de vecinos villa Sor Teresa Las Vegas, Uni\u00f3n Comunal de Centros de Madres, junta de vecinos 28 de Marzo; agrupaci\u00f3n de Mujeres Emprendedoras El Porvenir y el centro de padres del Liceo Polit\u00e9cnico.<br \/>\n<strong>Marianela Quevedo<\/strong><\/p>\n","protected":false},"excerpt":{"rendered":"<p>LLAY LLAY.- 16 mujeres l\u00edderes de la ciudad fueron certificadas como monitoras en prevenci\u00f3n de la violencia de g\u00e9nero. Capacitaci\u00f3n entregada en conjunto, por Sernam (Servicio Nacional de la Mujer) Valpara\u00edso y&#8230;<\/p>\n","protected":false},"author":482,"featured_media":64034,"comment_status":"open","ping_status":"open","sticky":false,"template":"","format":"standard","meta":{"advanced_seo_description":"","jetpack_seo_html_title":"","jetpack_seo_noindex":false,"_jetpack_memberships_contains_paid_content":false,"footnotes":""},"categories":[15],"tags":[],"class_list":["post-64033","post","type-post","status-publish","format-standard","has-post-thumbnail","hentry","category-comunidad"],"jetpack_featured_media_url":"https:\/\/i0.wp.com\/eltrabajo.cl\/portal\/wp-content\/uploads\/2015\/11\/Monitoras-en-violencia-de-genero.jpg?fit=530%2C349&ssl=1","jetpack_sharing_enabled":true,"jetpack_likes_enabled":true,"jetpack-related-posts":[],"_links":{"self":[{"href":"https:\/\/eltrabajo.cl\/portal\/wp-json\/wp\/v2\/posts\/64033","targetHints":{"allow":["GET"]}}],"collection":[{"href":"https:\/\/eltrabajo.cl\/portal\/wp-json\/wp\/v2\/posts"}],"about":[{"href":"https:\/\/eltrabajo.cl\/portal\/wp-json\/wp\/v2\/types\/post"}],"author":[{"embeddable":true,"href":"https:\/\/eltrabajo.cl\/portal\/wp-json\/wp\/v2\/users\/482"}],"replies":[{"embeddable":true,"href":"https:\/\/eltrabajo.cl\/portal\/wp-json\/wp\/v2\/comments?post=64033"}],"version-history":[{"count":0,"href":"https:\/\/eltrabajo.cl\/portal\/wp-json\/wp\/v2\/posts\/64033\/revisions"}],"wp:featuredmedia":[{"embeddable":true,"href":"https:\/\/eltrabajo.cl\/portal\/wp-json\/wp\/v2\/media\/64034"}],"wp:attachment":[{"href":"https:\/\/eltrabajo.cl\/portal\/wp-json\/wp\/v2\/media?parent=64033"}],"wp:term":[{"taxonomy":"category","embeddable":true,"href":"https:\/\/eltrabajo.cl\/portal\/wp-json\/wp\/v2\/categories?post=64033"},{"taxonomy":"post_tag","embeddable":true,"href":"https:\/\/eltrabajo.cl\/portal\/wp-json\/wp\/v2\/tags?post=64033"}],"curies":[{"name":"wp","href":"https:\/\/api.w.org\/{rel}","templated":true}]}}