{"id":64036,"date":"2015-11-19T09:44:47","date_gmt":"2015-11-19T12:44:47","guid":{"rendered":"http:\/\/www.eltrabajo.cl\/portal\/?p=64036"},"modified":"2015-11-19T09:44:47","modified_gmt":"2015-11-19T12:44:47","slug":"municipio-y-apias-del-sector","status":"publish","type":"post","link":"https:\/\/eltrabajo.cl\/portal\/municipio-y-apias-del-sector\/","title":{"rendered":"Municipio y APR de Panquehue realizar\u00e1n estudio de factibilidad de agua para 15 familias del sector"},"content":{"rendered":"<figure id=\"attachment_64037\" aria-describedby=\"caption-attachment-64037\" style=\"width: 300px\" class=\"wp-caption alignleft\"><a href=\"https:\/\/i0.wp.com\/www.eltrabajo.cl\/portal\/wp-content\/uploads\/2015\/11\/Reunion-APR.jpg\"><img data-recalc-dims=\"1\" loading=\"lazy\" decoding=\"async\" class=\"wp-image-64037 size-medium\" src=\"https:\/\/i0.wp.com\/www.eltrabajo.cl\/portal\/wp-content\/uploads\/2015\/11\/Reunion-APR-300x197.jpg?resize=300%2C197\" alt=\"El alcalde Luis Pradenas, en reuni\u00f3n de concejo, acord\u00f3 financiar junto a la Directiva del APR Panquehue Centro, la realizaci\u00f3n de un estudio de factibilidad para efectuar la conexi\u00f3n de agua potable a 15 familias del sector.\" width=\"300\" height=\"197\" srcset=\"https:\/\/i0.wp.com\/eltrabajo.cl\/portal\/wp-content\/uploads\/2015\/11\/Reunion-APR.jpg?resize=300%2C197&amp;ssl=1 300w, https:\/\/i0.wp.com\/eltrabajo.cl\/portal\/wp-content\/uploads\/2015\/11\/Reunion-APR.jpg?resize=200%2C131&amp;ssl=1 200w, https:\/\/i0.wp.com\/eltrabajo.cl\/portal\/wp-content\/uploads\/2015\/11\/Reunion-APR.jpg?resize=228%2C150&amp;ssl=1 228w, https:\/\/i0.wp.com\/eltrabajo.cl\/portal\/wp-content\/uploads\/2015\/11\/Reunion-APR.jpg?resize=400%2C263&amp;ssl=1 400w, https:\/\/i0.wp.com\/eltrabajo.cl\/portal\/wp-content\/uploads\/2015\/11\/Reunion-APR.jpg?w=530&amp;ssl=1 530w\" sizes=\"auto, (max-width: 300px) 100vw, 300px\" \/><\/a><figcaption id=\"caption-attachment-64037\" class=\"wp-caption-text\">El alcalde Luis Pradenas, en reuni\u00f3n de concejo, acord\u00f3 financiar junto a la Directiva del APR Panquehue Centro, la realizaci\u00f3n de un estudio de factibilidad para efectuar la conexi\u00f3n de agua potable a 15 familias del sector.<\/figcaption><\/figure>\n<p><strong>PANQUEHUE<\/strong>.- El alcalde Luis Pradenas con el apoyo del concejo municipal, financiar\u00e1 junto a la Directiva del APR Panquehue Centro, la realizaci\u00f3n de un estudio de factibilidad, para efectuar la conexi\u00f3n de agua potable a 15 familias del sector.<br \/>\nSe trata de una petici\u00f3n hecha por los afectados al propio alcalde Pradenas en una sesi\u00f3n anterior de concejo, pues han esperado por muchos a\u00f1os una soluci\u00f3n, que a la fecha no ha tenido respuesta de parte de la administraci\u00f3n de la cooperativa de agua potable.<br \/>\nEn la reuni\u00f3n de concejo, el alcalde expuso los puntos de vista, sobre la urgente necesidad de dotar de agua a estas familias, pues cuesta entender que no exista una voluntad para dotar de un elemento de primera necesidad, como es el agua potable.<br \/>\nLuego de la lectura de varios oficios y el intercambio de opiniones entre el concejo, la directiva del APR, profesionales de la DOH y las propias familias afectadas, se lleg\u00f3 a un acuerdo de realizar un financiamiento conjunto y as\u00ed poder dotar de agua a la brevedad a estas 15 familias.<br \/>\nActo seguido, el concejo municipal aprob\u00f3 una ordenanza le\u00edda por el Secretario Municipal, Luis Alvarado y que tiene relaci\u00f3n al uso de la m\u00e1quina retroexcavadora y cami\u00f3n limpiafosa, para terminar con la presentaci\u00f3n de los puntos varios, informados por los concejales asistentes al alcalde Luis Pradenas.<\/p>\n","protected":false},"excerpt":{"rendered":"<p>PANQUEHUE.- El alcalde Luis Pradenas con el apoyo del concejo municipal, financiar\u00e1 junto a la Directiva del APR Panquehue Centro, la realizaci\u00f3n de un estudio de factibilidad, para efectuar la conexi\u00f3n de&#8230;<\/p>\n","protected":false},"author":482,"featured_media":64037,"comment_status":"open","ping_status":"open","sticky":false,"template":"","format":"standard","meta":{"advanced_seo_description":"","jetpack_seo_html_title":"","jetpack_seo_noindex":false,"_jetpack_memberships_contains_paid_content":false,"footnotes":""},"categories":[15],"tags":[],"class_list":["post-64036","post","type-post","status-publish","format-standard","has-post-thumbnail","hentry","category-comunidad"],"jetpack_featured_media_url":"https:\/\/i0.wp.com\/eltrabajo.cl\/portal\/wp-content\/uploads\/2015\/11\/Reunion-APR.jpg?fit=530%2C348&ssl=1","jetpack_sharing_enabled":true,"jetpack_likes_enabled":true,"jetpack-related-posts":[],"_links":{"self":[{"href":"https:\/\/eltrabajo.cl\/portal\/wp-json\/wp\/v2\/posts\/64036","targetHints":{"allow":["GET"]}}],"collection":[{"href":"https:\/\/eltrabajo.cl\/portal\/wp-json\/wp\/v2\/posts"}],"about":[{"href":"https:\/\/eltrabajo.cl\/portal\/wp-json\/wp\/v2\/types\/post"}],"author":[{"embeddable":true,"href":"https:\/\/eltrabajo.cl\/portal\/wp-json\/wp\/v2\/users\/482"}],"replies":[{"embeddable":true,"href":"https:\/\/eltrabajo.cl\/portal\/wp-json\/wp\/v2\/comments?post=64036"}],"version-history":[{"count":0,"href":"https:\/\/eltrabajo.cl\/portal\/wp-json\/wp\/v2\/posts\/64036\/revisions"}],"wp:featuredmedia":[{"embeddable":true,"href":"https:\/\/eltrabajo.cl\/portal\/wp-json\/wp\/v2\/media\/64037"}],"wp:attachment":[{"href":"https:\/\/eltrabajo.cl\/portal\/wp-json\/wp\/v2\/media?parent=64036"}],"wp:term":[{"taxonomy":"category","embeddable":true,"href":"https:\/\/eltrabajo.cl\/portal\/wp-json\/wp\/v2\/categories?post=64036"},{"taxonomy":"post_tag","embeddable":true,"href":"https:\/\/eltrabajo.cl\/portal\/wp-json\/wp\/v2\/tags?post=64036"}],"curies":[{"name":"wp","href":"https:\/\/api.w.org\/{rel}","templated":true}]}}