{"id":64039,"date":"2015-11-19T09:47:33","date_gmt":"2015-11-19T12:47:33","guid":{"rendered":"http:\/\/www.eltrabajo.cl\/portal\/?p=64039"},"modified":"2015-11-19T09:47:33","modified_gmt":"2015-11-19T12:47:33","slug":"codelco-y-gobes-de-los-andes","status":"publish","type":"post","link":"https:\/\/eltrabajo.cl\/portal\/codelco-y-gobes-de-los-andes\/","title":{"rendered":"Codelco y Gobernaci\u00f3n entregan Fondos Concursables a organizaciones sociales de Los Andes"},"content":{"rendered":"<figure id=\"attachment_64040\" aria-describedby=\"caption-attachment-64040\" style=\"width: 300px\" class=\"wp-caption alignleft\"><a href=\"https:\/\/i0.wp.com\/www.eltrabajo.cl\/portal\/wp-content\/uploads\/2015\/11\/bernardo-salinas.jpg\"><img data-recalc-dims=\"1\" loading=\"lazy\" decoding=\"async\" class=\"wp-image-64040 size-medium\" src=\"https:\/\/i0.wp.com\/www.eltrabajo.cl\/portal\/wp-content\/uploads\/2015\/11\/bernardo-salinas-300x197.jpg?resize=300%2C197\" alt=\"Bernardo Salinas, presidente Junta de Vecinos \u2018Jos\u00e9 Joaqu\u00edn Aguirre\u2019 Los Andes.\" width=\"300\" height=\"197\" srcset=\"https:\/\/i0.wp.com\/eltrabajo.cl\/portal\/wp-content\/uploads\/2015\/11\/bernardo-salinas.jpg?resize=300%2C197&amp;ssl=1 300w, https:\/\/i0.wp.com\/eltrabajo.cl\/portal\/wp-content\/uploads\/2015\/11\/bernardo-salinas.jpg?resize=200%2C131&amp;ssl=1 200w, https:\/\/i0.wp.com\/eltrabajo.cl\/portal\/wp-content\/uploads\/2015\/11\/bernardo-salinas.jpg?resize=228%2C150&amp;ssl=1 228w, https:\/\/i0.wp.com\/eltrabajo.cl\/portal\/wp-content\/uploads\/2015\/11\/bernardo-salinas.jpg?resize=400%2C263&amp;ssl=1 400w, https:\/\/i0.wp.com\/eltrabajo.cl\/portal\/wp-content\/uploads\/2015\/11\/bernardo-salinas.jpg?w=530&amp;ssl=1 530w\" sizes=\"auto, (max-width: 300px) 100vw, 300px\" \/><\/a><figcaption id=\"caption-attachment-64040\" class=\"wp-caption-text\">Bernardo Salinas, presidente Junta de Vecinos \u2018Jos\u00e9 Joaqu\u00edn Aguirre\u2019 Los Andes.<\/figcaption><\/figure>\n<ul>\n<li><strong>La recuperaci\u00f3n de espacios y la promoci\u00f3n de la vida sana son los principales focos en los proyectos presentados, donde m\u00e1s de 30 organizaciones sociales han sido beneficiadas.<\/strong><\/li>\n<\/ul>\n<p><strong>LOS ANDES.<\/strong>&#8211; En la ex estaci\u00f3n de ferrocarriles de la ciudad, vecinos de las comunas de Los Andes, Calle Larga, San Esteban y Rinconada participaron en la entrega de los Fondos Concursables de Codelco Andina y la Gobernaci\u00f3n Provincial, herramienta que aporta al desarrollo social de las comunidades aleda\u00f1as a las operaciones de la Divisi\u00f3n.<br \/>\nLa jornada estuvo marcada por el apoyo financiero pese al complejo escenario que enfrenta la industria minera. Este a\u00f1o, m\u00e1s de 30 organizaciones resultaron beneficiadas con una inversi\u00f3n total de cerca de 54 millones de pesos.<br \/>\nLa gobernadora de Los Andes, Mar\u00eda Victoria Rodr\u00edguez, destac\u00f3 que esta herramienta, m\u00e1s el trabajo de todas las uniones comunales, \u00abpermiten activar las capacidades de las organizaciones para formular un proyecto exitoso, siempre a trav\u00e9s de la participaci\u00f3n ciudadana. Con estas iniciativas podemos avanzar y cumplir sue\u00f1os\u00bb.<br \/>\nEn tanto, el director de Desarrollo Comunitario de Andina, Carlos R\u00edos, evalu\u00f3 de manera exitosa esta entrega pese al complejo escenario econ\u00f3mico del metal rojo y de la industria minera en general. \u00abComo Codelco hemos hecho un gran esfuerzo para mantener estos proyectos vigentes y para que este aporte a la comunidad se mantenga en el tiempo.<\/p>\n<figure id=\"attachment_64041\" aria-describedby=\"caption-attachment-64041\" style=\"width: 300px\" class=\"wp-caption alignright\"><a href=\"https:\/\/i0.wp.com\/www.eltrabajo.cl\/portal\/wp-content\/uploads\/2015\/11\/carmen-gloria-duran.jpg\"><img data-recalc-dims=\"1\" loading=\"lazy\" decoding=\"async\" class=\"wp-image-64041 size-medium\" src=\"https:\/\/i0.wp.com\/www.eltrabajo.cl\/portal\/wp-content\/uploads\/2015\/11\/carmen-gloria-duran-300x197.jpg?resize=300%2C197\" alt=\"Carmen Gloria Dur\u00e1n, presidenta Junta de Vecinos \u2018Uni\u00f3n Santa Rosa\u2019, Los Andes.\" width=\"300\" height=\"197\" srcset=\"https:\/\/i0.wp.com\/eltrabajo.cl\/portal\/wp-content\/uploads\/2015\/11\/carmen-gloria-duran.jpg?resize=300%2C197&amp;ssl=1 300w, https:\/\/i0.wp.com\/eltrabajo.cl\/portal\/wp-content\/uploads\/2015\/11\/carmen-gloria-duran.jpg?resize=200%2C131&amp;ssl=1 200w, https:\/\/i0.wp.com\/eltrabajo.cl\/portal\/wp-content\/uploads\/2015\/11\/carmen-gloria-duran.jpg?resize=228%2C150&amp;ssl=1 228w, https:\/\/i0.wp.com\/eltrabajo.cl\/portal\/wp-content\/uploads\/2015\/11\/carmen-gloria-duran.jpg?resize=400%2C263&amp;ssl=1 400w, https:\/\/i0.wp.com\/eltrabajo.cl\/portal\/wp-content\/uploads\/2015\/11\/carmen-gloria-duran.jpg?w=530&amp;ssl=1 530w\" sizes=\"auto, (max-width: 300px) 100vw, 300px\" \/><\/a><figcaption id=\"caption-attachment-64041\" class=\"wp-caption-text\">Carmen Gloria Dur\u00e1n, presidenta Junta de Vecinos \u2018Uni\u00f3n Santa Rosa\u2019, Los Andes.<\/figcaption><\/figure>\n<p>Queremos que estas iniciativas se sigan respaldando durante los pr\u00f3ximos a\u00f1os, para esto debemos ser responsables en su ejecuci\u00f3n y en la direcci\u00f3n que estos proyectos deben tener\u00bb.<\/p>\n<p><strong>PROMOVIENDO EL BIENESTAR Y EL DESARROLLO SUSTENTABLE<\/strong><br \/>\nEste a\u00f1o, al concurso postularon m\u00e1s de 100 proyectos destinados principalmente a la recuperaci\u00f3n de \u00e1reas verdes, edificaci\u00f3n de espacios deportivos, adquisici\u00f3n de nuevos implementos y el apoyo a programas educacionales que beneficiar\u00e1n a un n\u00famero importante de vecinos de las diferentes comunas de la Provincia de Los Andes.<br \/>\nAdem\u00e1s, destac\u00f3 un aumento en el n\u00famero de proyectos tendientes al emprendimiento, el desarrollo de energ\u00edas renovables y la promoci\u00f3n de la sustentabilidad.<br \/>\nEl presidente de la Uni\u00f3n Comunal Juntas de Vecinos de Los Andes (Unco), Jorge Ponce, valor\u00f3 la transparencia del proceso y la alta convocatoria de postulaciones, pues \u00abse trat\u00f3 de un trabajo arduo donde se presentaron varios proyectos importantes que van en beneficio de la comunidad y que mejoran la calidad de vida de los vecinos\u00bb.<br \/>\nSe espera que en las pr\u00f3ximas semanas se lleven a cabo ceremonias de inauguraci\u00f3n de los proyectos con la presencia de las autoridades y los vecinos beneficiados.<\/p>\n<p><strong>CREANDO COMUNIDAD\u00a0<\/strong><br \/>\nBernardo Salinas, presidente Junta de Vecinos \u2018Jos\u00e9 Joaqu\u00edn Aguirre\u2019 Los Andes. Proyecto: Instauraci\u00f3n de juegos infantiles y sistema de iluminaci\u00f3n.<br \/>\n\u00abObtener este apoyo es un gran reconocimiento porque desde que llegamos a esta poblaci\u00f3n jam\u00e1s hab\u00edamos tenido juegos infantiles y ahora, gracias a los fondos de Codelco, estamos felices\u00bb.<br \/>\nDomingo Campos, presidente Junta de Vecinos \u2018Villa Caldera Nueva\u2019 San Vicente. Proyecto: Recuperaci\u00f3n de \u00e1reas verdes. \u00abGracias a Codelco vamos a poder financiar este proyecto de recuperar un \u00e1rea verde. Estamos muy agradecidos y esperamos que esto siga. Sabemos que la Divisi\u00f3n hace un esfuerzo por entregar este apoyo y ojal\u00e1 se pueda mantener\u00bb.<br \/>\nCarmen Gloria Dur\u00e1n, presidenta Junta de Vecinos \u2018Uni\u00f3n Santa Rosa\u2019 Los Andes. Proyecto: Implementaci\u00f3n de tambores de reciclaje. \u00abEsto es importante porque as\u00ed se le demuestra a los vecinos que con participaci\u00f3n y uni\u00f3n se consiguen proyectos. Queremos ense\u00f1arle a los ni\u00f1os que el futuro es el reciclaje, que ellos diferencien los residuos y puedan mantener el espacio libre de contaminaci\u00f3n\u00bb.<\/p>\n","protected":false},"excerpt":{"rendered":"<p>La recuperaci\u00f3n de espacios y la promoci\u00f3n de la vida sana son los principales focos en los proyectos presentados, donde m\u00e1s de 30 organizaciones sociales han sido beneficiadas. LOS ANDES.&#8211; En la&#8230;<\/p>\n","protected":false},"author":482,"featured_media":64040,"comment_status":"open","ping_status":"open","sticky":false,"template":"","format":"standard","meta":{"advanced_seo_description":"","jetpack_seo_html_title":"","jetpack_seo_noindex":false,"_jetpack_memberships_contains_paid_content":false,"footnotes":""},"categories":[15],"tags":[],"class_list":["post-64039","post","type-post","status-publish","format-standard","has-post-thumbnail","hentry","category-comunidad"],"jetpack_featured_media_url":"https:\/\/i0.wp.com\/eltrabajo.cl\/portal\/wp-content\/uploads\/2015\/11\/bernardo-salinas.jpg?fit=530%2C348&ssl=1","jetpack_sharing_enabled":true,"jetpack_likes_enabled":true,"jetpack-related-posts":[],"_links":{"self":[{"href":"https:\/\/eltrabajo.cl\/portal\/wp-json\/wp\/v2\/posts\/64039","targetHints":{"allow":["GET"]}}],"collection":[{"href":"https:\/\/eltrabajo.cl\/portal\/wp-json\/wp\/v2\/posts"}],"about":[{"href":"https:\/\/eltrabajo.cl\/portal\/wp-json\/wp\/v2\/types\/post"}],"author":[{"embeddable":true,"href":"https:\/\/eltrabajo.cl\/portal\/wp-json\/wp\/v2\/users\/482"}],"replies":[{"embeddable":true,"href":"https:\/\/eltrabajo.cl\/portal\/wp-json\/wp\/v2\/comments?post=64039"}],"version-history":[{"count":0,"href":"https:\/\/eltrabajo.cl\/portal\/wp-json\/wp\/v2\/posts\/64039\/revisions"}],"wp:featuredmedia":[{"embeddable":true,"href":"https:\/\/eltrabajo.cl\/portal\/wp-json\/wp\/v2\/media\/64040"}],"wp:attachment":[{"href":"https:\/\/eltrabajo.cl\/portal\/wp-json\/wp\/v2\/media?parent=64039"}],"wp:term":[{"taxonomy":"category","embeddable":true,"href":"https:\/\/eltrabajo.cl\/portal\/wp-json\/wp\/v2\/categories?post=64039"},{"taxonomy":"post_tag","embeddable":true,"href":"https:\/\/eltrabajo.cl\/portal\/wp-json\/wp\/v2\/tags?post=64039"}],"curies":[{"name":"wp","href":"https:\/\/api.w.org\/{rel}","templated":true}]}}