{"id":64043,"date":"2015-11-19T09:49:20","date_gmt":"2015-11-19T12:49:20","guid":{"rendered":"http:\/\/www.eltrabajo.cl\/portal\/?p=64043"},"modified":"2015-11-19T09:49:20","modified_gmt":"2015-11-19T12:49:20","slug":"hospital-san-c-del-prematuro","status":"publish","type":"post","link":"https:\/\/eltrabajo.cl\/portal\/hospital-san-c-del-prematuro\/","title":{"rendered":"Hospital San Camilo celebr\u00f3 el D\u00eda Internacional del Prematuro"},"content":{"rendered":"<figure id=\"attachment_64044\" aria-describedby=\"caption-attachment-64044\" style=\"width: 300px\" class=\"wp-caption alignleft\"><a href=\"https:\/\/i0.wp.com\/www.eltrabajo.cl\/portal\/wp-content\/uploads\/2015\/11\/Dia-del-prematuro-1.jpg\"><img data-recalc-dims=\"1\" loading=\"lazy\" decoding=\"async\" class=\"wp-image-64044 size-medium\" src=\"https:\/\/i0.wp.com\/www.eltrabajo.cl\/portal\/wp-content\/uploads\/2015\/11\/Dia-del-prematuro-1-300x198.jpg?resize=300%2C198\" alt=\"Unidad de neonatolog\u00eda de Hospital San Camilo con madres celebrando el D\u00eda  Internacional de Ni\u00f1os Prematuros.\" width=\"300\" height=\"198\" srcset=\"https:\/\/i0.wp.com\/eltrabajo.cl\/portal\/wp-content\/uploads\/2015\/11\/Dia-del-prematuro-1.jpg?resize=300%2C198&amp;ssl=1 300w, https:\/\/i0.wp.com\/eltrabajo.cl\/portal\/wp-content\/uploads\/2015\/11\/Dia-del-prematuro-1.jpg?resize=200%2C132&amp;ssl=1 200w, https:\/\/i0.wp.com\/eltrabajo.cl\/portal\/wp-content\/uploads\/2015\/11\/Dia-del-prematuro-1.jpg?resize=228%2C150&amp;ssl=1 228w, https:\/\/i0.wp.com\/eltrabajo.cl\/portal\/wp-content\/uploads\/2015\/11\/Dia-del-prematuro-1.jpg?resize=400%2C263&amp;ssl=1 400w, https:\/\/i0.wp.com\/eltrabajo.cl\/portal\/wp-content\/uploads\/2015\/11\/Dia-del-prematuro-1.jpg?w=530&amp;ssl=1 530w\" sizes=\"auto, (max-width: 300px) 100vw, 300px\" \/><\/a><figcaption id=\"caption-attachment-64044\" class=\"wp-caption-text\">Unidad de neonatolog\u00eda de Hospital San Camilo con madres celebrando el D\u00eda Internacional de Ni\u00f1os Prematuros.<\/figcaption><\/figure>\n<ul>\n<li><strong>\u00cdndice de sobre vida de estos beb\u00e9s llega al 95% y se reduce s\u00f3lo a un 78% en los casos extremos.<\/strong><\/li>\n<\/ul>\n<p>\u201cCada vez son m\u00e1s los ni\u00f1os prematuros que logran sobrevivir gracias a una multiplicidad de beneficios que tienen dentro del sistema p\u00fablico a trav\u00e9s del GES o de diferentes programas que hoy podemos ofrecerles a sus familias\u201d, asegur\u00f3 la Dra. Paulina Moncada, encargada del seguimiento del prematuro del Servicio de Salud Aconcagua, en el marco del d\u00eda internacional del beb\u00e9 prematuro, el cual, se celebr\u00f3 el pasado martes en el Servicio de Neonatolog\u00eda del Hospital San Camilo.<br \/>\nLos t\u00e9cnicos de esta unidad m\u00e9dica, organizaron una actividad para celebrar a los ni\u00f1os hospitalizados con esta caracter\u00edstica, y en la ocasi\u00f3n se logr\u00f3 reunir tanto a quienes hoy se encuentran en esta condici\u00f3n, como algunas de las mam\u00e1s que vienen con sus peque\u00f1os de uno o m\u00e1s a\u00f1os a control del prematuro, demostr\u00e1ndoles a quienes reci\u00e9n comienzan, que sus hijos pueden llegar a pesar y medir lo mismo que el resto de ni\u00f1os.<br \/>\nEn la oportunidad, las mam\u00e1s y pap\u00e1s presentes con sus menores hospitalizados, pudieron compartir y conversar con quienes ya superaron la etapa cr\u00edtica, recibiendo el aliento y la tranquilidad en estos momentos de preocupaci\u00f3n por lo delicado que se ven sus beb\u00e9s.<br \/>\nCabe consignar que se considera prematuro a aquellos beb\u00e9s de menos de 37 semanas, quienes actualmente tienen una sobrevida del 95%, y un 78% en el caso de los prematuros extremos, a quienes se mantiene en control hasta los 10 a\u00f1os y m\u00e1s, dependiendo la condici\u00f3n de cada caso.<br \/>\nCada a\u00f1o, s\u00f3lo en el hospital San Camilo, nacen m\u00e1s de 100 beb\u00e9s en estado prematuro y entre 30 y 50 en estado de prematurez extrema, es decir de menos de 32 semanas y\/o 1500 gramos, lo que significa que requieren un tratamiento adecuado y un estricto seguimiento m\u00e9dico.<\/p>\n","protected":false},"excerpt":{"rendered":"<p>\u00cdndice de sobre vida de estos beb\u00e9s llega al 95% y se reduce s\u00f3lo a un 78% en los casos extremos. \u201cCada vez son m\u00e1s los ni\u00f1os prematuros que logran sobrevivir gracias&#8230;<\/p>\n","protected":false},"author":482,"featured_media":64044,"comment_status":"open","ping_status":"open","sticky":false,"template":"","format":"standard","meta":{"advanced_seo_description":"","jetpack_seo_html_title":"","jetpack_seo_noindex":false,"_jetpack_memberships_contains_paid_content":false,"footnotes":""},"categories":[15],"tags":[],"class_list":["post-64043","post","type-post","status-publish","format-standard","has-post-thumbnail","hentry","category-comunidad"],"jetpack_featured_media_url":"https:\/\/i0.wp.com\/eltrabajo.cl\/portal\/wp-content\/uploads\/2015\/11\/Dia-del-prematuro-1.jpg?fit=530%2C349&ssl=1","jetpack_sharing_enabled":true,"jetpack_likes_enabled":true,"jetpack-related-posts":[],"_links":{"self":[{"href":"https:\/\/eltrabajo.cl\/portal\/wp-json\/wp\/v2\/posts\/64043","targetHints":{"allow":["GET"]}}],"collection":[{"href":"https:\/\/eltrabajo.cl\/portal\/wp-json\/wp\/v2\/posts"}],"about":[{"href":"https:\/\/eltrabajo.cl\/portal\/wp-json\/wp\/v2\/types\/post"}],"author":[{"embeddable":true,"href":"https:\/\/eltrabajo.cl\/portal\/wp-json\/wp\/v2\/users\/482"}],"replies":[{"embeddable":true,"href":"https:\/\/eltrabajo.cl\/portal\/wp-json\/wp\/v2\/comments?post=64043"}],"version-history":[{"count":0,"href":"https:\/\/eltrabajo.cl\/portal\/wp-json\/wp\/v2\/posts\/64043\/revisions"}],"wp:featuredmedia":[{"embeddable":true,"href":"https:\/\/eltrabajo.cl\/portal\/wp-json\/wp\/v2\/media\/64044"}],"wp:attachment":[{"href":"https:\/\/eltrabajo.cl\/portal\/wp-json\/wp\/v2\/media?parent=64043"}],"wp:term":[{"taxonomy":"category","embeddable":true,"href":"https:\/\/eltrabajo.cl\/portal\/wp-json\/wp\/v2\/categories?post=64043"},{"taxonomy":"post_tag","embeddable":true,"href":"https:\/\/eltrabajo.cl\/portal\/wp-json\/wp\/v2\/tags?post=64043"}],"curies":[{"name":"wp","href":"https:\/\/api.w.org\/{rel}","templated":true}]}}