{"id":64046,"date":"2015-11-19T09:50:32","date_gmt":"2015-11-19T12:50:32","guid":{"rendered":"http:\/\/www.eltrabajo.cl\/portal\/?p=64046"},"modified":"2015-11-19T09:50:32","modified_gmt":"2015-11-19T12:50:32","slug":"establecen-neghidroelectrica","status":"publish","type":"post","link":"https:\/\/eltrabajo.cl\/portal\/establecen-neghidroelectrica\/","title":{"rendered":"Establecen negociaciones con empresa sueca para construcci\u00f3n de central hidroel\u00e9ctrica"},"content":{"rendered":"<figure id=\"attachment_64047\" aria-describedby=\"caption-attachment-64047\" style=\"width: 300px\" class=\"wp-caption alignleft\"><a href=\"https:\/\/i0.wp.com\/www.eltrabajo.cl\/portal\/wp-content\/uploads\/2015\/11\/Miguel-Vega.jpg\"><img data-recalc-dims=\"1\" loading=\"lazy\" decoding=\"async\" class=\"wp-image-64047 size-medium\" src=\"https:\/\/i0.wp.com\/www.eltrabajo.cl\/portal\/wp-content\/uploads\/2015\/11\/Miguel-Vega-300x198.jpg?resize=300%2C198\" alt=\"Miguel Vega, presidente de la Junta de Vigilancia del R\u00edo Putaendo.\" width=\"300\" height=\"198\" srcset=\"https:\/\/i0.wp.com\/eltrabajo.cl\/portal\/wp-content\/uploads\/2015\/11\/Miguel-Vega.jpg?resize=300%2C198&amp;ssl=1 300w, https:\/\/i0.wp.com\/eltrabajo.cl\/portal\/wp-content\/uploads\/2015\/11\/Miguel-Vega.jpg?resize=200%2C132&amp;ssl=1 200w, https:\/\/i0.wp.com\/eltrabajo.cl\/portal\/wp-content\/uploads\/2015\/11\/Miguel-Vega.jpg?resize=228%2C150&amp;ssl=1 228w, https:\/\/i0.wp.com\/eltrabajo.cl\/portal\/wp-content\/uploads\/2015\/11\/Miguel-Vega.jpg?resize=400%2C263&amp;ssl=1 400w, https:\/\/i0.wp.com\/eltrabajo.cl\/portal\/wp-content\/uploads\/2015\/11\/Miguel-Vega.jpg?w=530&amp;ssl=1 530w\" sizes=\"auto, (max-width: 300px) 100vw, 300px\" \/><\/a><figcaption id=\"caption-attachment-64047\" class=\"wp-caption-text\">Miguel Vega, presidente de la Junta de Vigilancia del R\u00edo Putaendo.<\/figcaption><\/figure>\n<p><strong>PUTAENDO<\/strong>.- La empresa sueca SL estar\u00eda interesada en construir la central hidroel\u00e9ctrica de la Junta de Vigilancia del R\u00edo Putaendo (J.V.R.P), entidad con la cual ya ha comenzado a negociar el futuro proyecto.<br \/>\nMiguel Vega, Presidente de la Junta de Vigilancia del R\u00edo Putaendo, confirm\u00f3 que la empresa que hoy abastece de electricidad al 60% del norte grande de Chile, est\u00e1 interesada en desarrollar en conjunto la futura central hidroel\u00e9ctrica aguas abajo del Embalse Chacrillas, que de acuerdo a lo se\u00f1alado por el dirigente, permitir\u00e1 que las ganancias econ\u00f3micas que genere vayan en directo beneficio de los agricultores de Putaendo, que deben pagar la parte no subsidiada de la construcci\u00f3n del Embalse Chacrillas.<br \/>\nEn este sentido, Vega sostuvo que este lunes se trasladaron hasta el Embalse Chacrillas junto a ejecutivos de la empresa, y tambi\u00e9n concurrieron hasta la localidad de Piguch\u00e9n, por donde transitar\u00edan los canales que deben ser construidos en la central de paso.<br \/>\nTras este recorrido, los representantes de SL se mostraron optimistas e interesados en el proyecto hidroel\u00e9ctrico.<br \/>\nEl Presidente de la JVRP expres\u00f3 que efectivamente existen conversaciones con la empresa alemana GPE, pero indic\u00f3 que como instituci\u00f3n les interesa transparentar este proceso, enfatizando que ven positivamente el inter\u00e9s de una nueva empresa, pues decidir\u00e1n en base a la mejor oferta econ\u00f3mica que favorezca a los regantes de la comuna.<br \/>\n<strong>Patricio Gallardo M.<\/strong><\/p>\n","protected":false},"excerpt":{"rendered":"<p>PUTAENDO.- La empresa sueca SL estar\u00eda interesada en construir la central hidroel\u00e9ctrica de la Junta de Vigilancia del R\u00edo Putaendo (J.V.R.P), entidad con la cual ya ha comenzado a negociar el futuro&#8230;<\/p>\n","protected":false},"author":482,"featured_media":64047,"comment_status":"open","ping_status":"open","sticky":false,"template":"","format":"standard","meta":{"advanced_seo_description":"","jetpack_seo_html_title":"","jetpack_seo_noindex":false,"_jetpack_memberships_contains_paid_content":false,"footnotes":""},"categories":[15],"tags":[],"class_list":["post-64046","post","type-post","status-publish","format-standard","has-post-thumbnail","hentry","category-comunidad"],"jetpack_featured_media_url":"https:\/\/i0.wp.com\/eltrabajo.cl\/portal\/wp-content\/uploads\/2015\/11\/Miguel-Vega.jpg?fit=530%2C349&ssl=1","jetpack_sharing_enabled":true,"jetpack_likes_enabled":true,"jetpack-related-posts":[],"_links":{"self":[{"href":"https:\/\/eltrabajo.cl\/portal\/wp-json\/wp\/v2\/posts\/64046","targetHints":{"allow":["GET"]}}],"collection":[{"href":"https:\/\/eltrabajo.cl\/portal\/wp-json\/wp\/v2\/posts"}],"about":[{"href":"https:\/\/eltrabajo.cl\/portal\/wp-json\/wp\/v2\/types\/post"}],"author":[{"embeddable":true,"href":"https:\/\/eltrabajo.cl\/portal\/wp-json\/wp\/v2\/users\/482"}],"replies":[{"embeddable":true,"href":"https:\/\/eltrabajo.cl\/portal\/wp-json\/wp\/v2\/comments?post=64046"}],"version-history":[{"count":0,"href":"https:\/\/eltrabajo.cl\/portal\/wp-json\/wp\/v2\/posts\/64046\/revisions"}],"wp:featuredmedia":[{"embeddable":true,"href":"https:\/\/eltrabajo.cl\/portal\/wp-json\/wp\/v2\/media\/64047"}],"wp:attachment":[{"href":"https:\/\/eltrabajo.cl\/portal\/wp-json\/wp\/v2\/media?parent=64046"}],"wp:term":[{"taxonomy":"category","embeddable":true,"href":"https:\/\/eltrabajo.cl\/portal\/wp-json\/wp\/v2\/categories?post=64046"},{"taxonomy":"post_tag","embeddable":true,"href":"https:\/\/eltrabajo.cl\/portal\/wp-json\/wp\/v2\/tags?post=64046"}],"curies":[{"name":"wp","href":"https:\/\/api.w.org\/{rel}","templated":true}]}}