{"id":64049,"date":"2015-11-19T09:54:47","date_gmt":"2015-11-19T12:54:47","guid":{"rendered":"http:\/\/www.eltrabajo.cl\/portal\/?p=64049"},"modified":"2015-11-19T09:54:47","modified_gmt":"2015-11-19T12:54:47","slug":"millonaria-muls-en-llay-llay","status":"publish","type":"post","link":"https:\/\/eltrabajo.cl\/portal\/millonaria-muls-en-llay-llay\/","title":{"rendered":"Millonaria multa para empresas que infringieron normativa de extracci\u00f3n de \u00e1ridos en Llay Llay"},"content":{"rendered":"<figure id=\"attachment_64050\" aria-describedby=\"caption-attachment-64050\" style=\"width: 300px\" class=\"wp-caption alignleft\"><a href=\"https:\/\/i0.wp.com\/www.eltrabajo.cl\/portal\/wp-content\/uploads\/2015\/11\/Fiscalizacion-1.jpg\"><img data-recalc-dims=\"1\" loading=\"lazy\" decoding=\"async\" class=\"wp-image-64050 size-medium\" src=\"https:\/\/i0.wp.com\/www.eltrabajo.cl\/portal\/wp-content\/uploads\/2015\/11\/Fiscalizacion-1-300x198.jpg?resize=300%2C198\" alt=\"El director Regional de la DGA junto al gobernador provincial y el seremi de OO.PP en plena fiscalizaci\u00f3n de extracci\u00f3n ilegal de \u00e1ridos.\" width=\"300\" height=\"198\" srcset=\"https:\/\/i0.wp.com\/eltrabajo.cl\/portal\/wp-content\/uploads\/2015\/11\/Fiscalizacion-1.jpg?resize=300%2C198&amp;ssl=1 300w, https:\/\/i0.wp.com\/eltrabajo.cl\/portal\/wp-content\/uploads\/2015\/11\/Fiscalizacion-1.jpg?resize=200%2C132&amp;ssl=1 200w, https:\/\/i0.wp.com\/eltrabajo.cl\/portal\/wp-content\/uploads\/2015\/11\/Fiscalizacion-1.jpg?resize=228%2C150&amp;ssl=1 228w, https:\/\/i0.wp.com\/eltrabajo.cl\/portal\/wp-content\/uploads\/2015\/11\/Fiscalizacion-1.jpg?resize=400%2C263&amp;ssl=1 400w, https:\/\/i0.wp.com\/eltrabajo.cl\/portal\/wp-content\/uploads\/2015\/11\/Fiscalizacion-1.jpg?w=530&amp;ssl=1 530w\" sizes=\"auto, (max-width: 300px) 100vw, 300px\" \/><\/a><figcaption id=\"caption-attachment-64050\" class=\"wp-caption-text\">El director Regional de la DGA junto al gobernador provincial y el seremi de OO.PP en plena fiscalizaci\u00f3n de extracci\u00f3n ilegal de \u00e1ridos.<\/figcaption><\/figure>\n<ul>\n<li><strong>La intervenci\u00f3n de cauces perjudica el curso normal de las aguas de los r\u00edos y puede provocar graves da\u00f1os tanto en per\u00edodos de sequ\u00eda como en la crecida de los caudales.<\/strong><\/li>\n<\/ul>\n<p>Con la clara intenci\u00f3n de marcar un precedente respecto de la extracci\u00f3n irregular de \u00e1ridos del R\u00edo Aconcagua, es que la Gobernaci\u00f3n Provincial, junto a la Seremi de Obras P\u00fablicas y la Direcci\u00f3n General de Aguas, DGA, dieron a conocer una millonaria multa cursada a dos empresas que en la comuna de Llay Llay no cumplieron con las normativas legales para dicha actividad.<br \/>\nUno de los encargados de hacer p\u00fablica esta severa sanci\u00f3n econ\u00f3mica fue el Director Regional de la DGA, Gonzalo Pe\u00f1a, quien se mostr\u00f3 satisfecho de culminar este proceso de extracci\u00f3n no autorizada de \u00e1ridos e intervenci\u00f3n de cauce directa, describiendo que \u201chay dos empresas del sector de Llay Llay que fiscalizamos personalmente en conjunto con la Gobernaci\u00f3n Provincial y se termina una etapa que implica la aplicaci\u00f3n de multa para las empresas Arecelli Gaete, multada con 100 Unidades Tributarias Anuales, UTA, cifra cercana a los 51 millones de pesos y la empresa SyR por una gran intervenci\u00f3n, sancionada con 200 UTA, vale decir cerca de 102 millones de pesos\u201d.<br \/>\nDe acuerdo a lo anterior, Pe\u00f1a agreg\u00f3 que \u201cculminamos este proceso en forma efectiva, que es lo que la gente espera, este es un hito dentro de la Provincia de San Felipe porque esto nunca se hab\u00eda dado y en un trabajo coordinado con las distintas Gobernaciones estamos realizando estas fiscalizaciones de tal forma de darle la lucha a lo que es la sequ\u00eda\u201d y contin\u00fao diciendo que \u201cnos hemos encontrado con que muchos dicen que esto se da por usurpaci\u00f3n de aguas, pero no, \u00e9ste es un factor bastante importante, evitar el libre escurrimiento de las aguas, que agrava lo que es la sequia. Ac\u00e1 hay una intervenci\u00f3n directa al ecosistema, vale decir al r\u00edo, se rompieron los sellos, por lo tanto, nosotros aplicamos el 172 del c\u00f3digo de aguas, el cual implica estas multas que deben ser ejemplificadoras, de tal manera de terminar con la extracci\u00f3n ilegal de \u00e1ridos\u201d, decret\u00f3.<br \/>\nPor su parte, el Gobernador Provincial Eduardo Le\u00f3n, record\u00f3 que este proceso de fiscalizaci\u00f3n se lleva a cabo desde el a\u00f1o pasado y que \u00e9ste no va a terminar con la multa a estas empresas, ya que \u201chay m\u00e1s irregularidades respecto a extracci\u00f3n de \u00e1ridos o alteraci\u00f3n de cauces de esteros y r\u00edos, as\u00ed que vamos a continuar trabajando en la misma l\u00ednea\u201d, se\u00f1al\u00f3.<br \/>\nRespecto de las importancia que tiene para toda la comunidad, el cursar estas infracciones, el Seremi de Obras P\u00fablicas, Miguel Saavedra Lavanal, hizo menci\u00f3n a la relevancia de cuidar el recurso h\u00eddrico explicando que \u201cjunto a la DGA y a la Direcci\u00f3n de Obras Hidr\u00e1ulicas, estamos trabajando intensamente para proteger a nuestros r\u00edos de intervenciones y situaciones que los puedan afectar\u201d y argument\u00f3 que \u201cen per\u00edodos de sequ\u00eda, la intervenci\u00f3n de los r\u00edos lo que produce es que las aguas no puedan llegar a las bocatomas de los canales, aguas abajo, donde se rompen los sellos, por lo tanto el agua se infiltra y cuando el recurso es escaso esta situaci\u00f3n de intervenci\u00f3n es la que produce mucho da\u00f1o\u201d, expuso.<br \/>\nSeg\u00fan Saavedra no s\u00f3lo en per\u00edodos de sequ\u00eda es cuando la extracci\u00f3n ilegal de \u00e1ridos genera efectos adversos, sino tambi\u00e9n \u201cen el otro extremo cuando tenemos crecidas de r\u00edo y tenemos intervenciones, tambi\u00e9n se producen riesgos de desborde o que el agua se vaya por otros sectores y pueda afectar lugares habitados, por eso es que estamos fiscalizando esta materia, no s\u00f3lo por el da\u00f1o ambiental, sino que tambi\u00e9n el agua fluya de manera adecuada, porque nuestros r\u00edos son fundamentales para la vida de las personas, sobretodo en el sector de Aconcagua\u201d, puntualiz\u00f3 el Seremi.<br \/>\nEn referencia a las causas que llevaron a efecto estas sanciones econ\u00f3micas, Saavedra fue enf\u00e1tico en detallar que \u201chay que ser sumamente claro en se\u00f1alar que extracci\u00f3n de \u00e1ridos se puede realizar en el r\u00edo, siempre y cuando se cuente con los permisos necesarios correspondientes y esa situaci\u00f3n es la que ha estado en falta permanentemente y de alguna forma tenemos que terminar con esta situaci\u00f3n, si alguien va a extraer \u00e1ridos tiene que contar con todos los permisos t\u00e9cnicos y administrativos necesarios y eso es lo que hemos estado trabajando\u201d, finaliz\u00f3.<\/p>\n<div class=\"tiled-gallery type-rectangular tiled-gallery-unresized\" data-original-width=\"640\" data-carousel-extra='null' itemscope itemtype=\"http:\/\/schema.org\/ImageGallery\" > <div class=\"gallery-row\" style=\"width: 640px; height: 283px;\" data-original-width=\"640\" data-original-height=\"283\" > <div class=\"gallery-group images-1\" style=\"width: 427px; height: 283px;\" data-original-width=\"427\" data-original-height=\"283\" > <div class=\"tiled-gallery-item tiled-gallery-item-large\" itemprop=\"associatedMedia\" itemscope itemtype=\"http:\/\/schema.org\/ImageObject\"> <a href=\"https:\/\/eltrabajo.cl\/portal\/millonaria-muls-en-llay-llay\/sector-de-la-comuna-de-llay-llay-en-el-que-funcionaban-las-empresas-multadas\/\" border=\"0\" itemprop=\"url\"> <meta itemprop=\"width\" content=\"423\"> <meta itemprop=\"height\" content=\"279\"> <img decoding=\"async\" class=\"\" data-attachment-id=\"64054\" data-orig-file=\"https:\/\/eltrabajo.cl\/portal\/wp-content\/uploads\/2015\/11\/SECTOR-DE-LA-COMUNA-DE-LLAY-LLAY-EN-EL-QUE-FUNCIONABAN-LAS-EMPRESAS-MULTADAS.jpg\" data-orig-size=\"530,350\" data-comments-opened=\"1\" data-image-meta=\"{&quot;aperture&quot;:&quot;0&quot;,&quot;credit&quot;:&quot;&quot;,&quot;camera&quot;:&quot;&quot;,&quot;caption&quot;:&quot;&quot;,&quot;created_timestamp&quot;:&quot;0&quot;,&quot;copyright&quot;:&quot;&quot;,&quot;focal_length&quot;:&quot;0&quot;,&quot;iso&quot;:&quot;0&quot;,&quot;shutter_speed&quot;:&quot;0&quot;,&quot;title&quot;:&quot;&quot;,&quot;orientation&quot;:&quot;0&quot;}\" data-image-title=\"SECTOR DE LA COMUNA DE LLAY-LLAY EN EL QUE FUNCIONABAN LAS EMPRESAS MULTADAS\" data-image-description=\"&lt;p&gt;Sector de la comuna de Llay Llay en el que funcionaban las empresas multadas.&lt;\/p&gt; \" data-medium-file=\"https:\/\/i0.wp.com\/eltrabajo.cl\/portal\/wp-content\/uploads\/2015\/11\/SECTOR-DE-LA-COMUNA-DE-LLAY-LLAY-EN-EL-QUE-FUNCIONABAN-LAS-EMPRESAS-MULTADAS.jpg?fit=300%2C198&#038;ssl=1\" data-large-file=\"https:\/\/i0.wp.com\/eltrabajo.cl\/portal\/wp-content\/uploads\/2015\/11\/SECTOR-DE-LA-COMUNA-DE-LLAY-LLAY-EN-EL-QUE-FUNCIONABAN-LAS-EMPRESAS-MULTADAS.jpg?fit=530%2C350&#038;ssl=1\" src=\"https:\/\/i0.wp.com\/eltrabajo.cl\/portal\/wp-content\/uploads\/2015\/11\/SECTOR-DE-LA-COMUNA-DE-LLAY-LLAY-EN-EL-QUE-FUNCIONABAN-LAS-EMPRESAS-MULTADAS.jpg?w=423&#038;h=279&#038;ssl=1\" srcset=\"https:\/\/i0.wp.com\/eltrabajo.cl\/portal\/wp-content\/uploads\/2015\/11\/SECTOR-DE-LA-COMUNA-DE-LLAY-LLAY-EN-EL-QUE-FUNCIONABAN-LAS-EMPRESAS-MULTADAS.jpg?w=530&amp;ssl=1 530w, https:\/\/i0.wp.com\/eltrabajo.cl\/portal\/wp-content\/uploads\/2015\/11\/SECTOR-DE-LA-COMUNA-DE-LLAY-LLAY-EN-EL-QUE-FUNCIONABAN-LAS-EMPRESAS-MULTADAS.jpg?resize=200%2C132&amp;ssl=1 200w, https:\/\/i0.wp.com\/eltrabajo.cl\/portal\/wp-content\/uploads\/2015\/11\/SECTOR-DE-LA-COMUNA-DE-LLAY-LLAY-EN-EL-QUE-FUNCIONABAN-LAS-EMPRESAS-MULTADAS.jpg?resize=300%2C198&amp;ssl=1 300w, https:\/\/i0.wp.com\/eltrabajo.cl\/portal\/wp-content\/uploads\/2015\/11\/SECTOR-DE-LA-COMUNA-DE-LLAY-LLAY-EN-EL-QUE-FUNCIONABAN-LAS-EMPRESAS-MULTADAS.jpg?resize=227%2C150&amp;ssl=1 227w, https:\/\/i0.wp.com\/eltrabajo.cl\/portal\/wp-content\/uploads\/2015\/11\/SECTOR-DE-LA-COMUNA-DE-LLAY-LLAY-EN-EL-QUE-FUNCIONABAN-LAS-EMPRESAS-MULTADAS.jpg?resize=400%2C264&amp;ssl=1 400w\" width=\"423\" height=\"279\" loading=\"lazy\" data-original-width=\"423\" data-original-height=\"279\" itemprop=\"http:\/\/schema.org\/image\" title=\"SECTOR DE LA COMUNA DE LLAY-LLAY EN EL QUE FUNCIONABAN LAS EMPRESAS MULTADAS\" alt=\"Sector de la comuna de Llay Llay en el que funcionaban las empresas multadas.\" style=\"width: 423px; height: 279px;\" \/> <\/a> <div class=\"tiled-gallery-caption\" itemprop=\"caption description\"> Sector de la comuna de Llay Llay en el que funcionaban las empresas multadas. <\/div> <\/div> <\/div> <!-- close group --> <div class=\"gallery-group images-2\" style=\"width: 213px; height: 283px;\" data-original-width=\"213\" data-original-height=\"283\" > <div class=\"tiled-gallery-item tiled-gallery-item-small\" itemprop=\"associatedMedia\" itemscope itemtype=\"http:\/\/schema.org\/ImageObject\"> <a href=\"https:\/\/eltrabajo.cl\/portal\/millonaria-muls-en-llay-llay\/eduardo-leon-gobernador-de-la-provincia-de-san-felipe\/\" border=\"0\" itemprop=\"url\"> <meta itemprop=\"width\" content=\"209\"> <meta itemprop=\"height\" content=\"138\"> <img decoding=\"async\" class=\"\" data-attachment-id=\"64051\" data-orig-file=\"https:\/\/eltrabajo.cl\/portal\/wp-content\/uploads\/2015\/11\/EDUARDO-LEON-GOBERNADOR-DE-LA-PROVINCIA-DE-SAN-FELIPE.jpg\" data-orig-size=\"530,348\" data-comments-opened=\"1\" data-image-meta=\"{&quot;aperture&quot;:&quot;0&quot;,&quot;credit&quot;:&quot;&quot;,&quot;camera&quot;:&quot;&quot;,&quot;caption&quot;:&quot;&quot;,&quot;created_timestamp&quot;:&quot;0&quot;,&quot;copyright&quot;:&quot;Copyright 2012&quot;,&quot;focal_length&quot;:&quot;0&quot;,&quot;iso&quot;:&quot;0&quot;,&quot;shutter_speed&quot;:&quot;0&quot;,&quot;title&quot;:&quot;&quot;,&quot;orientation&quot;:&quot;0&quot;}\" data-image-title=\"EDUARDO LEON GOBERNADOR DE LA PROVINCIA DE SAN FELIPE\" data-image-description=\"&lt;p&gt;Eduardo Le\u00f3n, Gobernador de la Provincia de San Felipe.&lt;\/p&gt; \" data-medium-file=\"https:\/\/i0.wp.com\/eltrabajo.cl\/portal\/wp-content\/uploads\/2015\/11\/EDUARDO-LEON-GOBERNADOR-DE-LA-PROVINCIA-DE-SAN-FELIPE.jpg?fit=300%2C197&#038;ssl=1\" data-large-file=\"https:\/\/i0.wp.com\/eltrabajo.cl\/portal\/wp-content\/uploads\/2015\/11\/EDUARDO-LEON-GOBERNADOR-DE-LA-PROVINCIA-DE-SAN-FELIPE.jpg?fit=530%2C348&#038;ssl=1\" src=\"https:\/\/i0.wp.com\/eltrabajo.cl\/portal\/wp-content\/uploads\/2015\/11\/EDUARDO-LEON-GOBERNADOR-DE-LA-PROVINCIA-DE-SAN-FELIPE.jpg?w=209&#038;h=138&#038;ssl=1\" srcset=\"https:\/\/i0.wp.com\/eltrabajo.cl\/portal\/wp-content\/uploads\/2015\/11\/EDUARDO-LEON-GOBERNADOR-DE-LA-PROVINCIA-DE-SAN-FELIPE.jpg?w=530&amp;ssl=1 530w, https:\/\/i0.wp.com\/eltrabajo.cl\/portal\/wp-content\/uploads\/2015\/11\/EDUARDO-LEON-GOBERNADOR-DE-LA-PROVINCIA-DE-SAN-FELIPE.jpg?resize=200%2C131&amp;ssl=1 200w, https:\/\/i0.wp.com\/eltrabajo.cl\/portal\/wp-content\/uploads\/2015\/11\/EDUARDO-LEON-GOBERNADOR-DE-LA-PROVINCIA-DE-SAN-FELIPE.jpg?resize=300%2C197&amp;ssl=1 300w, https:\/\/i0.wp.com\/eltrabajo.cl\/portal\/wp-content\/uploads\/2015\/11\/EDUARDO-LEON-GOBERNADOR-DE-LA-PROVINCIA-DE-SAN-FELIPE.jpg?resize=228%2C150&amp;ssl=1 228w, https:\/\/i0.wp.com\/eltrabajo.cl\/portal\/wp-content\/uploads\/2015\/11\/EDUARDO-LEON-GOBERNADOR-DE-LA-PROVINCIA-DE-SAN-FELIPE.jpg?resize=400%2C263&amp;ssl=1 400w\" width=\"209\" height=\"138\" loading=\"lazy\" data-original-width=\"209\" data-original-height=\"138\" itemprop=\"http:\/\/schema.org\/image\" title=\"EDUARDO LEON GOBERNADOR DE LA PROVINCIA DE SAN FELIPE\" alt=\"Eduardo Le\u00f3n, Gobernador de la Provincia de San Felipe.\" style=\"width: 209px; height: 138px;\" \/> <\/a> <div class=\"tiled-gallery-caption\" itemprop=\"caption description\"> Eduardo Le\u00f3n, Gobernador de la Provincia de San Felipe. <\/div> <\/div> <div class=\"tiled-gallery-item tiled-gallery-item-small\" itemprop=\"associatedMedia\" itemscope itemtype=\"http:\/\/schema.org\/ImageObject\"> <a href=\"https:\/\/eltrabajo.cl\/portal\/millonaria-muls-en-llay-llay\/gonzalo-pena-director-regional-de-la-dga\/\" border=\"0\" itemprop=\"url\"> <meta itemprop=\"width\" content=\"209\"> <meta itemprop=\"height\" content=\"137\"> <img decoding=\"async\" class=\"\" data-attachment-id=\"64052\" data-orig-file=\"https:\/\/eltrabajo.cl\/portal\/wp-content\/uploads\/2015\/11\/GONZALO-PENA-DIRECTOR-REGIONAL-DE-LA-DGA.jpg\" data-orig-size=\"530,348\" data-comments-opened=\"1\" data-image-meta=\"{&quot;aperture&quot;:&quot;0&quot;,&quot;credit&quot;:&quot;&quot;,&quot;camera&quot;:&quot;&quot;,&quot;caption&quot;:&quot;&quot;,&quot;created_timestamp&quot;:&quot;0&quot;,&quot;copyright&quot;:&quot;Copyright 2012&quot;,&quot;focal_length&quot;:&quot;0&quot;,&quot;iso&quot;:&quot;0&quot;,&quot;shutter_speed&quot;:&quot;0&quot;,&quot;title&quot;:&quot;&quot;,&quot;orientation&quot;:&quot;0&quot;}\" data-image-title=\"GONZALO PENA DIRECTOR REGIONAL DE LA DGA\" data-image-description=\"&lt;p&gt;Gonzalo Pe\u00f1a, director Regional de la DGA&lt;\/p&gt; \" data-medium-file=\"https:\/\/i0.wp.com\/eltrabajo.cl\/portal\/wp-content\/uploads\/2015\/11\/GONZALO-PENA-DIRECTOR-REGIONAL-DE-LA-DGA.jpg?fit=300%2C197&#038;ssl=1\" data-large-file=\"https:\/\/i0.wp.com\/eltrabajo.cl\/portal\/wp-content\/uploads\/2015\/11\/GONZALO-PENA-DIRECTOR-REGIONAL-DE-LA-DGA.jpg?fit=530%2C348&#038;ssl=1\" src=\"https:\/\/i0.wp.com\/eltrabajo.cl\/portal\/wp-content\/uploads\/2015\/11\/GONZALO-PENA-DIRECTOR-REGIONAL-DE-LA-DGA.jpg?w=209&#038;h=137&#038;ssl=1\" srcset=\"https:\/\/i0.wp.com\/eltrabajo.cl\/portal\/wp-content\/uploads\/2015\/11\/GONZALO-PENA-DIRECTOR-REGIONAL-DE-LA-DGA.jpg?w=530&amp;ssl=1 530w, https:\/\/i0.wp.com\/eltrabajo.cl\/portal\/wp-content\/uploads\/2015\/11\/GONZALO-PENA-DIRECTOR-REGIONAL-DE-LA-DGA.jpg?resize=200%2C131&amp;ssl=1 200w, https:\/\/i0.wp.com\/eltrabajo.cl\/portal\/wp-content\/uploads\/2015\/11\/GONZALO-PENA-DIRECTOR-REGIONAL-DE-LA-DGA.jpg?resize=300%2C197&amp;ssl=1 300w, https:\/\/i0.wp.com\/eltrabajo.cl\/portal\/wp-content\/uploads\/2015\/11\/GONZALO-PENA-DIRECTOR-REGIONAL-DE-LA-DGA.jpg?resize=228%2C150&amp;ssl=1 228w, https:\/\/i0.wp.com\/eltrabajo.cl\/portal\/wp-content\/uploads\/2015\/11\/GONZALO-PENA-DIRECTOR-REGIONAL-DE-LA-DGA.jpg?resize=400%2C263&amp;ssl=1 400w\" width=\"209\" height=\"137\" loading=\"lazy\" data-original-width=\"209\" data-original-height=\"137\" itemprop=\"http:\/\/schema.org\/image\" title=\"GONZALO PENA DIRECTOR REGIONAL DE LA DGA\" alt=\"Gonzalo Pe\u00f1a, director Regional de la DGA\" style=\"width: 209px; height: 137px;\" \/> <\/a> <div class=\"tiled-gallery-caption\" itemprop=\"caption description\"> Gonzalo Pe\u00f1a, director Regional de la DGA <\/div> <\/div> <\/div> <!-- close group --> <\/div> <!-- close row --> <div class=\"gallery-row\" style=\"width: 640px; height: 422px;\" data-original-width=\"640\" data-original-height=\"422\" > <div class=\"gallery-group images-1\" style=\"width: 640px; height: 422px;\" data-original-width=\"640\" data-original-height=\"422\" > <div class=\"tiled-gallery-item tiled-gallery-item-large\" itemprop=\"associatedMedia\" itemscope itemtype=\"http:\/\/schema.org\/ImageObject\"> <a href=\"https:\/\/eltrabajo.cl\/portal\/millonaria-muls-en-llay-llay\/miguel-saavedra-seremi-oo-pp\/\" border=\"0\" itemprop=\"url\"> <meta itemprop=\"width\" content=\"636\"> <meta itemprop=\"height\" content=\"418\"> <img decoding=\"async\" class=\"\" data-attachment-id=\"64053\" data-orig-file=\"https:\/\/eltrabajo.cl\/portal\/wp-content\/uploads\/2015\/11\/MIGUEL-SAAVEDRA-SEREMI-OO.PP_.jpg\" data-orig-size=\"530,348\" data-comments-opened=\"1\" data-image-meta=\"{&quot;aperture&quot;:&quot;0&quot;,&quot;credit&quot;:&quot;&quot;,&quot;camera&quot;:&quot;&quot;,&quot;caption&quot;:&quot;&quot;,&quot;created_timestamp&quot;:&quot;0&quot;,&quot;copyright&quot;:&quot;Copyright 2012&quot;,&quot;focal_length&quot;:&quot;0&quot;,&quot;iso&quot;:&quot;0&quot;,&quot;shutter_speed&quot;:&quot;0&quot;,&quot;title&quot;:&quot;&quot;,&quot;orientation&quot;:&quot;0&quot;}\" data-image-title=\"MIGUEL SAAVEDRA SEREMI OO.PP\" data-image-description=\"&lt;p&gt;Miguel Saavedra, Seremi OOPP.&lt;\/p&gt; \" data-medium-file=\"https:\/\/i0.wp.com\/eltrabajo.cl\/portal\/wp-content\/uploads\/2015\/11\/MIGUEL-SAAVEDRA-SEREMI-OO.PP_.jpg?fit=300%2C197&#038;ssl=1\" data-large-file=\"https:\/\/i0.wp.com\/eltrabajo.cl\/portal\/wp-content\/uploads\/2015\/11\/MIGUEL-SAAVEDRA-SEREMI-OO.PP_.jpg?fit=530%2C348&#038;ssl=1\" src=\"https:\/\/i0.wp.com\/eltrabajo.cl\/portal\/wp-content\/uploads\/2015\/11\/MIGUEL-SAAVEDRA-SEREMI-OO.PP_.jpg?w=636&#038;h=418&#038;ssl=1\" srcset=\"https:\/\/i0.wp.com\/eltrabajo.cl\/portal\/wp-content\/uploads\/2015\/11\/MIGUEL-SAAVEDRA-SEREMI-OO.PP_.jpg?w=530&amp;ssl=1 530w, https:\/\/i0.wp.com\/eltrabajo.cl\/portal\/wp-content\/uploads\/2015\/11\/MIGUEL-SAAVEDRA-SEREMI-OO.PP_.jpg?resize=200%2C131&amp;ssl=1 200w, https:\/\/i0.wp.com\/eltrabajo.cl\/portal\/wp-content\/uploads\/2015\/11\/MIGUEL-SAAVEDRA-SEREMI-OO.PP_.jpg?resize=300%2C197&amp;ssl=1 300w, https:\/\/i0.wp.com\/eltrabajo.cl\/portal\/wp-content\/uploads\/2015\/11\/MIGUEL-SAAVEDRA-SEREMI-OO.PP_.jpg?resize=228%2C150&amp;ssl=1 228w, https:\/\/i0.wp.com\/eltrabajo.cl\/portal\/wp-content\/uploads\/2015\/11\/MIGUEL-SAAVEDRA-SEREMI-OO.PP_.jpg?resize=400%2C263&amp;ssl=1 400w\" width=\"636\" height=\"418\" loading=\"lazy\" data-original-width=\"636\" data-original-height=\"418\" itemprop=\"http:\/\/schema.org\/image\" title=\"MIGUEL SAAVEDRA SEREMI OO.PP\" alt=\"Miguel Saavedra, Seremi OOPP.\" style=\"width: 636px; height: 418px;\" \/> <\/a> <div class=\"tiled-gallery-caption\" itemprop=\"caption description\"> Miguel Saavedra, Seremi OOPP. <\/div> <\/div> <\/div> <!-- close group --> <\/div> <!-- close row --> <\/div>\n","protected":false},"excerpt":{"rendered":"<p>La intervenci\u00f3n de cauces perjudica el curso normal de las aguas de los r\u00edos y puede provocar graves da\u00f1os tanto en per\u00edodos de sequ\u00eda como en la crecida de los caudales. Con&#8230;<\/p>\n","protected":false},"author":482,"featured_media":64050,"comment_status":"open","ping_status":"open","sticky":false,"template":"","format":"standard","meta":{"advanced_seo_description":"","jetpack_seo_html_title":"","jetpack_seo_noindex":false,"_jetpack_memberships_contains_paid_content":false,"footnotes":""},"categories":[1],"tags":[],"class_list":["post-64049","post","type-post","status-publish","format-standard","has-post-thumbnail","hentry","category-cronica"],"jetpack_featured_media_url":"https:\/\/i0.wp.com\/eltrabajo.cl\/portal\/wp-content\/uploads\/2015\/11\/Fiscalizacion-1.jpg?fit=530%2C349&ssl=1","jetpack_sharing_enabled":true,"jetpack_likes_enabled":true,"jetpack-related-posts":[],"_links":{"self":[{"href":"https:\/\/eltrabajo.cl\/portal\/wp-json\/wp\/v2\/posts\/64049","targetHints":{"allow":["GET"]}}],"collection":[{"href":"https:\/\/eltrabajo.cl\/portal\/wp-json\/wp\/v2\/posts"}],"about":[{"href":"https:\/\/eltrabajo.cl\/portal\/wp-json\/wp\/v2\/types\/post"}],"author":[{"embeddable":true,"href":"https:\/\/eltrabajo.cl\/portal\/wp-json\/wp\/v2\/users\/482"}],"replies":[{"embeddable":true,"href":"https:\/\/eltrabajo.cl\/portal\/wp-json\/wp\/v2\/comments?post=64049"}],"version-history":[{"count":0,"href":"https:\/\/eltrabajo.cl\/portal\/wp-json\/wp\/v2\/posts\/64049\/revisions"}],"wp:featuredmedia":[{"embeddable":true,"href":"https:\/\/eltrabajo.cl\/portal\/wp-json\/wp\/v2\/media\/64050"}],"wp:attachment":[{"href":"https:\/\/eltrabajo.cl\/portal\/wp-json\/wp\/v2\/media?parent=64049"}],"wp:term":[{"taxonomy":"category","embeddable":true,"href":"https:\/\/eltrabajo.cl\/portal\/wp-json\/wp\/v2\/categories?post=64049"},{"taxonomy":"post_tag","embeddable":true,"href":"https:\/\/eltrabajo.cl\/portal\/wp-json\/wp\/v2\/tags?post=64049"}],"curies":[{"name":"wp","href":"https:\/\/api.w.org\/{rel}","templated":true}]}}