{"id":64056,"date":"2015-11-19T09:56:10","date_gmt":"2015-11-19T12:56:10","guid":{"rendered":"http:\/\/www.eltrabajo.cl\/portal\/?p=64056"},"modified":"2015-11-19T09:56:10","modified_gmt":"2015-11-19T12:56:10","slug":"estudiantes-esstudios-medios","status":"publish","type":"post","link":"https:\/\/eltrabajo.cl\/portal\/estudiantes-esstudios-medios\/","title":{"rendered":"Estudiantes escuelas b\u00e1sicas visitan liceos municipalizados para continuar sus estudios medios"},"content":{"rendered":"<figure id=\"attachment_64057\" aria-describedby=\"caption-attachment-64057\" style=\"width: 300px\" class=\"wp-caption alignleft\"><a href=\"https:\/\/i0.wp.com\/www.eltrabajo.cl\/portal\/wp-content\/uploads\/2015\/11\/visita-alumnos.jpg\"><img data-recalc-dims=\"1\" loading=\"lazy\" decoding=\"async\" class=\"wp-image-64057 size-medium\" src=\"https:\/\/i0.wp.com\/www.eltrabajo.cl\/portal\/wp-content\/uploads\/2015\/11\/visita-alumnos-300x198.jpg?resize=300%2C198\" alt=\"Alumnos de escuelas b\u00e1sicas realizaron una visita a los distintos liceos sanfelipe\u00f1os, para estudiar la oferta acad\u00e9mica que le permitir\u00e1 continuar sus estudios.\" width=\"300\" height=\"198\" srcset=\"https:\/\/i0.wp.com\/eltrabajo.cl\/portal\/wp-content\/uploads\/2015\/11\/visita-alumnos.jpg?resize=300%2C198&amp;ssl=1 300w, https:\/\/i0.wp.com\/eltrabajo.cl\/portal\/wp-content\/uploads\/2015\/11\/visita-alumnos.jpg?resize=200%2C132&amp;ssl=1 200w, https:\/\/i0.wp.com\/eltrabajo.cl\/portal\/wp-content\/uploads\/2015\/11\/visita-alumnos.jpg?resize=227%2C150&amp;ssl=1 227w, https:\/\/i0.wp.com\/eltrabajo.cl\/portal\/wp-content\/uploads\/2015\/11\/visita-alumnos.jpg?resize=400%2C264&amp;ssl=1 400w, https:\/\/i0.wp.com\/eltrabajo.cl\/portal\/wp-content\/uploads\/2015\/11\/visita-alumnos.jpg?w=530&amp;ssl=1 530w\" sizes=\"auto, (max-width: 300px) 100vw, 300px\" \/><\/a><figcaption id=\"caption-attachment-64057\" class=\"wp-caption-text\">Alumnos de escuelas b\u00e1sicas realizaron una visita a los distintos liceos sanfelipe\u00f1os, para estudiar la oferta acad\u00e9mica que le permitir\u00e1 continuar sus estudios.<\/figcaption><\/figure>\n<p>Con la finalidad de dar a conocer las ventajas de la educaci\u00f3n media municipalizada, los alumnos de escuelas b\u00e1sicas de nuestra comuna visitaron durante las \u00faltimas semanas, los diferentes liceos, con la finalidad de conocer las propuestas educativas y las diferentes ventajas de continuar en la educaci\u00f3n p\u00fablica.<br \/>\nEn la oportunidad, los liceos Roberto Humeres, Corina Urbina, Bicentenario Cordillera y San Felipe, recibieron con expectaci\u00f3n, a los j\u00f3venes visitantes, a quienes se les dieron a conocer las excelentes alternativas educacionales que entregan estas instituciones, con la finalidad de mantener al alumnado en la l\u00ednea de la educaci\u00f3n p\u00fablica, y a quienes prontamente ingresaran a primero medio.<br \/>\nEl liceo Roberto Humeres, el tercero m\u00e1s antiguo de Chile, abri\u00f3 sus puertas, destacando las modalidades cient\u00edfico humanista y T\u00e9cnico Profesional, las que destacan Electr\u00f3nica, Administraci\u00f3n de Empresas y Contabilidad.<br \/>\nBeatriz Gald\u00e1mez, orientadora del establecimiento, se refiri\u00f3 a las ventajas de optar por este emblem\u00e1tico establecimiento, se\u00f1alando que \u201cnuestros propios alumnos mostraron su liceo, y varios de nuestros visitantes se entusiasmaron con nuestras alternativas, principalmente por ser un establecimiento de tradici\u00f3n, en el cual recordemos se educ\u00f3 el expresidente Pedro Aguirre Cerda. Pero lo m\u00e1s importante es la ventaja de contar con el programa de acompa\u00f1amiento efectivo a la educaci\u00f3n superior (PACE) lo que aborda desde tercero medio t\u00e9cnico profesional y cient\u00edfico humanista, a trav\u00e9s de un seguimiento que aborda su proyecto de vida, orient\u00e1ndolos hacia la educaci\u00f3n superior, pero tambi\u00e9n es un programa de intervenci\u00f3n a nivel profesores jefes, y asignaturas de lenguaje y matem\u00e1ticas, para al final de este proceso, ser destacados los mejores rendimientos, y es aqu\u00ed donde toma relevancia el resultado de las notas, porque el 15 % de quienes obtengan mejores resultados, podr\u00e1n optar a la carrera que elijan, en la universidad que ellos escojan, de manera absolutamente gratuita, rindan o no la PSU, lo que se traduce una oportunidad inmejorable de ingresar a la educaci\u00f3n superior\u201d.<br \/>\nLas posibilidades que se generan a trav\u00e9s de la opci\u00f3n de alguna carrera t\u00e9cnico profesional para el ingreso a la vida laboral, se ha transformado en una excelente alternativa laboral, hecho que el Liceo San Felipe ha explotado de muy buena manera, destacando las carreras de terminaciones en construcci\u00f3n, de la que participan de manera similar alumnas y alumnos y educaci\u00f3n de p\u00e1rvulos, carreras de amplio mercado.<br \/>\nCarmen Gloria V\u00e1squez, directora del establecimiento, destac\u00f3 las posibilidades que entrega su liceo, sosteniendo que \u201choy contamos con programas de apoyo para nuestros alumnos como habilidades para la vida e integraci\u00f3n educacional, con equipos completos con horarios y recursos que corresponden, lo que garantiza un desarrollo equitativo para todos nuestros alumnos y alumnas.\u201d<br \/>\nDestacando el sello de la inclusividad e integraci\u00f3n, hecho que lo caracteriza desde sus inicios, se ubica el liceo Corina Urbina a lo que se suma el programa habilidades para la vida e integraci\u00f3n escolar, lo que permite un desarrollo integral para todas las alumnas con apoyos que las preparan para la educaci\u00f3n media, con un acompa\u00f1amiento sostenido en el tiempo, facilit\u00e1ndoles el acceso al \u00e1rea cient\u00edfico humanista y t\u00e9cnico profesional.<br \/>\nKatherine S\u00e1ez, coordinadora del programa de integraci\u00f3n escolar del liceo Corina Urbina, se\u00f1al\u00f3 que \u201ctenemos una gran infraestructura que nos apoya en estas dos carreras, lo que destaca nuestras carreras t\u00e9cnico profesional, por lo que nuestro equipo de gesti\u00f3n est\u00e1 permanentemente preocupado por seguir mejorando esta \u00e1rea, lo que se ve fortalecido gracias a un convenio con el C.F.T de la Universidad de Valpara\u00edso, donde nuestras alumnas pueden realizar continuidad de estudios.\u201d<\/p>\n","protected":false},"excerpt":{"rendered":"<p>Con la finalidad de dar a conocer las ventajas de la educaci\u00f3n media municipalizada, los alumnos de escuelas b\u00e1sicas de nuestra comuna visitaron durante las \u00faltimas semanas, los diferentes liceos, con la&#8230;<\/p>\n","protected":false},"author":482,"featured_media":64057,"comment_status":"open","ping_status":"open","sticky":false,"template":"","format":"standard","meta":{"advanced_seo_description":"","jetpack_seo_html_title":"","jetpack_seo_noindex":false,"_jetpack_memberships_contains_paid_content":false,"footnotes":""},"categories":[1],"tags":[],"class_list":["post-64056","post","type-post","status-publish","format-standard","has-post-thumbnail","hentry","category-cronica"],"jetpack_featured_media_url":"https:\/\/i0.wp.com\/eltrabajo.cl\/portal\/wp-content\/uploads\/2015\/11\/visita-alumnos.jpg?fit=530%2C350&ssl=1","jetpack_sharing_enabled":true,"jetpack_likes_enabled":true,"jetpack-related-posts":[],"_links":{"self":[{"href":"https:\/\/eltrabajo.cl\/portal\/wp-json\/wp\/v2\/posts\/64056","targetHints":{"allow":["GET"]}}],"collection":[{"href":"https:\/\/eltrabajo.cl\/portal\/wp-json\/wp\/v2\/posts"}],"about":[{"href":"https:\/\/eltrabajo.cl\/portal\/wp-json\/wp\/v2\/types\/post"}],"author":[{"embeddable":true,"href":"https:\/\/eltrabajo.cl\/portal\/wp-json\/wp\/v2\/users\/482"}],"replies":[{"embeddable":true,"href":"https:\/\/eltrabajo.cl\/portal\/wp-json\/wp\/v2\/comments?post=64056"}],"version-history":[{"count":0,"href":"https:\/\/eltrabajo.cl\/portal\/wp-json\/wp\/v2\/posts\/64056\/revisions"}],"wp:featuredmedia":[{"embeddable":true,"href":"https:\/\/eltrabajo.cl\/portal\/wp-json\/wp\/v2\/media\/64057"}],"wp:attachment":[{"href":"https:\/\/eltrabajo.cl\/portal\/wp-json\/wp\/v2\/media?parent=64056"}],"wp:term":[{"taxonomy":"category","embeddable":true,"href":"https:\/\/eltrabajo.cl\/portal\/wp-json\/wp\/v2\/categories?post=64056"},{"taxonomy":"post_tag","embeddable":true,"href":"https:\/\/eltrabajo.cl\/portal\/wp-json\/wp\/v2\/tags?post=64056"}],"curies":[{"name":"wp","href":"https:\/\/api.w.org\/{rel}","templated":true}]}}