{"id":64059,"date":"2015-11-19T09:58:06","date_gmt":"2015-11-19T12:58:06","guid":{"rendered":"http:\/\/www.eltrabajo.cl\/portal\/?p=64059"},"modified":"2015-11-19T09:58:06","modified_gmt":"2015-11-19T12:58:06","slug":"levantan-moderla-el-descanso","status":"publish","type":"post","link":"https:\/\/eltrabajo.cl\/portal\/levantan-moderla-el-descanso\/","title":{"rendered":"Levantan moderna sede comunitaria para vecinos villa El Descanso"},"content":{"rendered":"<figure id=\"attachment_64060\" aria-describedby=\"caption-attachment-64060\" style=\"width: 300px\" class=\"wp-caption alignleft\"><a href=\"https:\/\/i0.wp.com\/www.eltrabajo.cl\/portal\/wp-content\/uploads\/2015\/11\/visita-obras-villa-el-descanso.jpg\"><img data-recalc-dims=\"1\" loading=\"lazy\" decoding=\"async\" class=\"wp-image-64060 size-medium\" src=\"https:\/\/i0.wp.com\/www.eltrabajo.cl\/portal\/wp-content\/uploads\/2015\/11\/visita-obras-villa-el-descanso-300x198.jpg?resize=300%2C198\" alt=\"La nueva sede de 110 metros cuadrados y construida en alba\u00f1iler\u00eda beneficiar\u00e1  a unas 200 familias.\" width=\"300\" height=\"198\" srcset=\"https:\/\/i0.wp.com\/eltrabajo.cl\/portal\/wp-content\/uploads\/2015\/11\/visita-obras-villa-el-descanso.jpg?resize=300%2C198&amp;ssl=1 300w, https:\/\/i0.wp.com\/eltrabajo.cl\/portal\/wp-content\/uploads\/2015\/11\/visita-obras-villa-el-descanso.jpg?resize=200%2C132&amp;ssl=1 200w, https:\/\/i0.wp.com\/eltrabajo.cl\/portal\/wp-content\/uploads\/2015\/11\/visita-obras-villa-el-descanso.jpg?resize=227%2C150&amp;ssl=1 227w, https:\/\/i0.wp.com\/eltrabajo.cl\/portal\/wp-content\/uploads\/2015\/11\/visita-obras-villa-el-descanso.jpg?resize=400%2C264&amp;ssl=1 400w, https:\/\/i0.wp.com\/eltrabajo.cl\/portal\/wp-content\/uploads\/2015\/11\/visita-obras-villa-el-descanso.jpg?w=530&amp;ssl=1 530w\" sizes=\"auto, (max-width: 300px) 100vw, 300px\" \/><\/a><figcaption id=\"caption-attachment-64060\" class=\"wp-caption-text\">La nueva sede de 110 metros cuadrados y construida en alba\u00f1iler\u00eda beneficiar\u00e1 a unas 200 familias.<\/figcaption><\/figure>\n<ul>\n<li><strong>Alcalde Freire visit\u00f3 las obras de construcci\u00f3n que avanzan seg\u00fan los plazos y se espera la entrega del proyecto en febrero del pr\u00f3ximo a\u00f1o.<\/strong><\/li>\n<\/ul>\n<p>Nuevamente con un proceso de participaci\u00f3n ciudadana, que ha caracterizado la administraci\u00f3n del Alcalde Patricio Freire, se trabaj\u00f3 un nuevo proyecto impulsado por el municipio y que corresponde a la construcci\u00f3n de la sede comunitaria de la villa El Descanso, una iniciativa que los vecinos ven\u00edan pidiendo desde hace bastante tiempo.<br \/>\nLos profesionales de la Secretar\u00eda de Planificaci\u00f3n trabajaron el dise\u00f1o junto a los vecinos, quienes eligieron el dise\u00f1o definitivo luego de analizar tres propuestas.<br \/>\nEste mi\u00e9rcoles el jefe comunal se traslad\u00f3 junto al Secretario de Planificaci\u00f3n comunal, Claudio Paredes, hasta ese sector para revisar el avance de las obras que se ejecutan de acuerdo a los plazos establecidos.<br \/>\n\u00abEn este sector los vecinos necesitaban una sede comunitaria y hoy estamos viendo el avance de las obras. Esta sede significa una inversi\u00f3n superior a los cuarenta millones de pesos, con una inversi\u00f3n del Gobierno Regional, por ello agradecemos el trabajo de los consejeros regionales que nos han apoyado en este proyecto\u00bb, dijo el Alcalde Freire.<br \/>\nSeg\u00fan explic\u00f3 el jefe comunal, la nueva sede beneficiar\u00e1 a unas 200 familias, quienes podr\u00e1n usar las instalaciones para las distintas actividades que se efect\u00faan en este sector residencial.<br \/>\n\u00abEsta sede va a beneficiar a unas dos mil personas que viven en el sector, a los j\u00f3venes que se re\u00fanen en esta villa, a los grupos femeninos, a la junta de vecinos, y esperamos que estas obras sean entregadas en el mes de febrero del pr\u00f3ximo a\u00f1o, ya que las obras avanzan de acuerdo a los plazos\u00bb.<br \/>\nSeg\u00fan explic\u00f3 el Secpla Claudio Paredes, este es un proyecto que se realiza en alba\u00f1iler\u00eda, de 110 metros cuadrados, que cumple con requisitos que fueron solicitados por los vecinos, cuenta con una sala de reuniones y una sala m\u00e1s peque\u00f1a para el directorio, con cocina y dos ba\u00f1os, uno de ellos especialmente habilitado para personas discapacitadas. En tanto en el entorno se instalar\u00e1 mobiliario urbano, se plantar\u00e1n \u00e1rboles y se colocar\u00e1n estacionamientos para bicicletas.<br \/>\nEsta es una de las cinco sedes en que la administraci\u00f3n del Alcalde Freire ha trabajado durante estos tres a\u00f1os de gesti\u00f3n, siempre con participaci\u00f3n de los vecinos.<\/p>\n","protected":false},"excerpt":{"rendered":"<p>Alcalde Freire visit\u00f3 las obras de construcci\u00f3n que avanzan seg\u00fan los plazos y se espera la entrega del proyecto en febrero del pr\u00f3ximo a\u00f1o. Nuevamente con un proceso de participaci\u00f3n ciudadana, que&#8230;<\/p>\n","protected":false},"author":482,"featured_media":64060,"comment_status":"open","ping_status":"open","sticky":false,"template":"","format":"standard","meta":{"advanced_seo_description":"","jetpack_seo_html_title":"","jetpack_seo_noindex":false,"_jetpack_memberships_contains_paid_content":false,"footnotes":""},"categories":[1],"tags":[],"class_list":["post-64059","post","type-post","status-publish","format-standard","has-post-thumbnail","hentry","category-cronica"],"jetpack_featured_media_url":"https:\/\/i0.wp.com\/eltrabajo.cl\/portal\/wp-content\/uploads\/2015\/11\/visita-obras-villa-el-descanso.jpg?fit=530%2C350&ssl=1","jetpack_sharing_enabled":true,"jetpack_likes_enabled":true,"jetpack-related-posts":[],"_links":{"self":[{"href":"https:\/\/eltrabajo.cl\/portal\/wp-json\/wp\/v2\/posts\/64059","targetHints":{"allow":["GET"]}}],"collection":[{"href":"https:\/\/eltrabajo.cl\/portal\/wp-json\/wp\/v2\/posts"}],"about":[{"href":"https:\/\/eltrabajo.cl\/portal\/wp-json\/wp\/v2\/types\/post"}],"author":[{"embeddable":true,"href":"https:\/\/eltrabajo.cl\/portal\/wp-json\/wp\/v2\/users\/482"}],"replies":[{"embeddable":true,"href":"https:\/\/eltrabajo.cl\/portal\/wp-json\/wp\/v2\/comments?post=64059"}],"version-history":[{"count":0,"href":"https:\/\/eltrabajo.cl\/portal\/wp-json\/wp\/v2\/posts\/64059\/revisions"}],"wp:featuredmedia":[{"embeddable":true,"href":"https:\/\/eltrabajo.cl\/portal\/wp-json\/wp\/v2\/media\/64060"}],"wp:attachment":[{"href":"https:\/\/eltrabajo.cl\/portal\/wp-json\/wp\/v2\/media?parent=64059"}],"wp:term":[{"taxonomy":"category","embeddable":true,"href":"https:\/\/eltrabajo.cl\/portal\/wp-json\/wp\/v2\/categories?post=64059"},{"taxonomy":"post_tag","embeddable":true,"href":"https:\/\/eltrabajo.cl\/portal\/wp-json\/wp\/v2\/tags?post=64059"}],"curies":[{"name":"wp","href":"https:\/\/api.w.org\/{rel}","templated":true}]}}