{"id":64062,"date":"2015-11-19T10:00:35","date_gmt":"2015-11-19T13:00:35","guid":{"rendered":"http:\/\/www.eltrabajo.cl\/portal\/?p=64062"},"modified":"2015-11-19T10:00:35","modified_gmt":"2015-11-19T13:00:35","slug":"antisociales-nescuela-espana","status":"publish","type":"post","link":"https:\/\/eltrabajo.cl\/portal\/antisociales-nescuela-espana\/","title":{"rendered":"Antisociales nuevamente ingresaron a robar a la sala de pre b\u00e1sica de la Escuela Espa\u00f1a"},"content":{"rendered":"<figure id=\"attachment_64063\" aria-describedby=\"caption-attachment-64063\" style=\"width: 300px\" class=\"wp-caption alignleft\"><a href=\"https:\/\/i0.wp.com\/www.eltrabajo.cl\/portal\/wp-content\/uploads\/2015\/11\/espana-robo1.jpg\"><img data-recalc-dims=\"1\" loading=\"lazy\" decoding=\"async\" class=\"wp-image-64063 size-medium\" src=\"https:\/\/i0.wp.com\/www.eltrabajo.cl\/portal\/wp-content\/uploads\/2015\/11\/espana-robo1-300x197.jpg?resize=300%2C197\" alt=\"Los delincuentes robaron desde papel higi\u00e9nico hasta unas cajitas que los p\u00e1rvulos manten\u00edan con sus aportes para la Telet\u00f3n.\" width=\"300\" height=\"197\" srcset=\"https:\/\/i0.wp.com\/eltrabajo.cl\/portal\/wp-content\/uploads\/2015\/11\/espana-robo1.jpg?resize=300%2C197&amp;ssl=1 300w, https:\/\/i0.wp.com\/eltrabajo.cl\/portal\/wp-content\/uploads\/2015\/11\/espana-robo1.jpg?resize=200%2C131&amp;ssl=1 200w, https:\/\/i0.wp.com\/eltrabajo.cl\/portal\/wp-content\/uploads\/2015\/11\/espana-robo1.jpg?resize=228%2C150&amp;ssl=1 228w, https:\/\/i0.wp.com\/eltrabajo.cl\/portal\/wp-content\/uploads\/2015\/11\/espana-robo1.jpg?resize=400%2C263&amp;ssl=1 400w, https:\/\/i0.wp.com\/eltrabajo.cl\/portal\/wp-content\/uploads\/2015\/11\/espana-robo1.jpg?w=530&amp;ssl=1 530w\" sizes=\"auto, (max-width: 300px) 100vw, 300px\" \/><\/a><figcaption id=\"caption-attachment-64063\" class=\"wp-caption-text\">Los delincuentes robaron desde papel higi\u00e9nico hasta unas cajitas que los p\u00e1rvulos manten\u00edan con sus aportes para la Telet\u00f3n.<\/figcaption><\/figure>\n<ul>\n<li><strong>Los delincuentes se llevaron hasta las cajitas con el aporte que los ni\u00f1os hab\u00edan juntado para la Telet\u00f3n.<\/strong><\/li>\n<\/ul>\n<p><strong>LOS ANDES.<\/strong>&#8211; M\u00e1s de un mill\u00f3n de pesos en especies se llevaron delincuentes que la madrugada del lunes ingresaron a robar a las salas del sector de educaci\u00f3n pre b\u00e1sica de la escuela Espa\u00f1a.<br \/>\nSe trata del segundo robo que afecta al establecimiento educacional en menos de dos meses, en una situaci\u00f3n que tiene extremadamente preocupada a la comunidad educativa del establecimiento ubicado en avenida Independencia.<br \/>\nEl director de la escuela, Cristi\u00e1n Cruz Alfaro, se\u00f1al\u00f3 que los antisociales accedieron al establecimiento saltando las rejas del cierre perimetral que est\u00e1 por calle Rodr\u00edguez, las que si bien cuentan con puntas met\u00e1licas, no fueron impedimento para los maleantes y luego forzaron las mallas de las ventanas de las salas<br \/>\n\u201cEn esta ocasi\u00f3n al igual que la vez anterior nos sustrajeron televisores, data, equipos de m\u00fasica, computador y especialmente lo que m\u00e1s nos llam\u00f3 la atenci\u00f3n, creo yo por la tem\u00e1tica que hay el respecto, nos robaron mucho papel higi\u00e9nico, debe ser por la colusi\u00f3n\u201d, coment\u00f3.<br \/>\nAgreg\u00f3 que incluso se llevaron las cajitas de la Telet\u00f3n donde los ni\u00f1os ten\u00edan guardados sus aportes para la campa\u00f1a solidaria.<br \/>\nEl director estim\u00f3 las p\u00e9rdidas en m\u00e1s de un mill\u00f3n de pesos, eso sin contar los da\u00f1os ocasionados en el ingreso.<br \/>\n\u201cEsta situaci\u00f3n nos llev\u00f3 a tener que reparar las rejas de protecci\u00f3n, debido a eso contratamos un rond\u00edn con cargo al establecimiento, no por el Daem, sino que a cargo de la escuela para que realice rondas nocturnas y colocamos m\u00e1s sensores de luz\u201d, inform\u00f3 el director.<br \/>\nPrecis\u00f3 que tomaron contacto con una empresa de alarmas para poder dotar al colegio de mayor seguridad, \u201cya que adem\u00e1s reforzamos algunas \u00e1reas colocando m\u00e1s seguros y se ha dado un instructivo de tener m\u00e1s cuidado con las pertenencias personales, d\u00f3nde quedan ubicadas y en qu\u00e9 condiciones las dejamos\u201d.<br \/>\nEl directivo manifest\u00f3 que una vez que qued\u00f3 el descubierto el robo se llam\u00f3 a Carabineros quienes realizaron algunas pericias y espera que puedan dar con los autores de este il\u00edcito.<\/p>\n","protected":false},"excerpt":{"rendered":"<p>Los delincuentes se llevaron hasta las cajitas con el aporte que los ni\u00f1os hab\u00edan juntado para la Telet\u00f3n. LOS ANDES.&#8211; M\u00e1s de un mill\u00f3n de pesos en especies se llevaron delincuentes que&#8230;<\/p>\n","protected":false},"author":482,"featured_media":64063,"comment_status":"open","ping_status":"open","sticky":false,"template":"","format":"standard","meta":{"advanced_seo_description":"","jetpack_seo_html_title":"","jetpack_seo_noindex":false,"_jetpack_memberships_contains_paid_content":false,"footnotes":""},"categories":[21],"tags":[],"class_list":["post-64062","post","type-post","status-publish","format-standard","has-post-thumbnail","hentry","category-policial"],"jetpack_featured_media_url":"https:\/\/i0.wp.com\/eltrabajo.cl\/portal\/wp-content\/uploads\/2015\/11\/espana-robo1.jpg?fit=530%2C348&ssl=1","jetpack_sharing_enabled":true,"jetpack_likes_enabled":true,"jetpack-related-posts":[],"_links":{"self":[{"href":"https:\/\/eltrabajo.cl\/portal\/wp-json\/wp\/v2\/posts\/64062","targetHints":{"allow":["GET"]}}],"collection":[{"href":"https:\/\/eltrabajo.cl\/portal\/wp-json\/wp\/v2\/posts"}],"about":[{"href":"https:\/\/eltrabajo.cl\/portal\/wp-json\/wp\/v2\/types\/post"}],"author":[{"embeddable":true,"href":"https:\/\/eltrabajo.cl\/portal\/wp-json\/wp\/v2\/users\/482"}],"replies":[{"embeddable":true,"href":"https:\/\/eltrabajo.cl\/portal\/wp-json\/wp\/v2\/comments?post=64062"}],"version-history":[{"count":0,"href":"https:\/\/eltrabajo.cl\/portal\/wp-json\/wp\/v2\/posts\/64062\/revisions"}],"wp:featuredmedia":[{"embeddable":true,"href":"https:\/\/eltrabajo.cl\/portal\/wp-json\/wp\/v2\/media\/64063"}],"wp:attachment":[{"href":"https:\/\/eltrabajo.cl\/portal\/wp-json\/wp\/v2\/media?parent=64062"}],"wp:term":[{"taxonomy":"category","embeddable":true,"href":"https:\/\/eltrabajo.cl\/portal\/wp-json\/wp\/v2\/categories?post=64062"},{"taxonomy":"post_tag","embeddable":true,"href":"https:\/\/eltrabajo.cl\/portal\/wp-json\/wp\/v2\/tags?post=64062"}],"curies":[{"name":"wp","href":"https:\/\/api.w.org\/{rel}","templated":true}]}}