{"id":64065,"date":"2015-11-19T10:02:04","date_gmt":"2015-11-19T13:02:04","guid":{"rendered":"http:\/\/www.eltrabajo.cl\/portal\/?p=64065"},"modified":"2015-11-19T10:02:04","modified_gmt":"2015-11-19T13:02:04","slug":"atleta-de-llays-binacionales","status":"publish","type":"post","link":"https:\/\/eltrabajo.cl\/portal\/atleta-de-llays-binacionales\/","title":{"rendered":"Atleta de Llay Llay se rob\u00f3 todos los aplausos en los Juegos Binacionales"},"content":{"rendered":"<figure id=\"attachment_64066\" aria-describedby=\"caption-attachment-64066\" style=\"width: 300px\" class=\"wp-caption alignleft\"><a href=\"https:\/\/i0.wp.com\/www.eltrabajo.cl\/portal\/wp-content\/uploads\/2015\/11\/catalina-valenzuela.jpg\"><img data-recalc-dims=\"1\" loading=\"lazy\" decoding=\"async\" class=\"wp-image-64066 size-medium\" src=\"https:\/\/i0.wp.com\/www.eltrabajo.cl\/portal\/wp-content\/uploads\/2015\/11\/catalina-valenzuela-300x198.jpg?resize=300%2C198\" alt=\"Catalina Valenzuela fue la figura m\u00e1s destacada de Chile en los pasados Juegos Binacionales.\" width=\"300\" height=\"198\" srcset=\"https:\/\/i0.wp.com\/eltrabajo.cl\/portal\/wp-content\/uploads\/2015\/11\/catalina-valenzuela.jpg?resize=300%2C198&amp;ssl=1 300w, https:\/\/i0.wp.com\/eltrabajo.cl\/portal\/wp-content\/uploads\/2015\/11\/catalina-valenzuela.jpg?resize=200%2C132&amp;ssl=1 200w, https:\/\/i0.wp.com\/eltrabajo.cl\/portal\/wp-content\/uploads\/2015\/11\/catalina-valenzuela.jpg?resize=228%2C150&amp;ssl=1 228w, https:\/\/i0.wp.com\/eltrabajo.cl\/portal\/wp-content\/uploads\/2015\/11\/catalina-valenzuela.jpg?resize=400%2C263&amp;ssl=1 400w, https:\/\/i0.wp.com\/eltrabajo.cl\/portal\/wp-content\/uploads\/2015\/11\/catalina-valenzuela.jpg?w=530&amp;ssl=1 530w\" sizes=\"auto, (max-width: 300px) 100vw, 300px\" \/><\/a><figcaption id=\"caption-attachment-64066\" class=\"wp-caption-text\">Catalina Valenzuela fue la figura m\u00e1s destacada de Chile en los pasados Juegos Binacionales.<\/figcaption><\/figure>\n<ul>\n<li><strong>Catalina Valenzuela podr\u00eda ser la sucesora de Natalia Duc\u00f3.<\/strong><\/li>\n<\/ul>\n<p>Los pasados Juegos Binacionales que durante la semana pasada se realizaron en la ciudad trasandina de Mendoza, tuvieron como punto alto y sobresaliente para el valle y la regi\u00f3n de Valpara\u00edso, la extraordinaria actuaci\u00f3n de Catalina Valenzuela, la que se convirti\u00f3 en la mejor en el Lanzamiento de la Bala, adem\u00e1s de quedarse con la medalla de plata en el Disco.<br \/>\nLa joven que es oriunda de Llay Llay, tiene 17 a\u00f1os de edad y es alumna del Liceo Polit\u00e9cnico de esa comuna aconcag\u00fcina, vivi\u00f3 dos jornadas so\u00f1adas al otro lado de la cordillera donde confirm\u00f3 que es una de las lanzadoras de mayor proyecci\u00f3n en el atletismo nacional<br \/>\nEntre el mi\u00e9rcoles y viernes de la semana pasada, Catalina, puso al Valle de Aconcagua entre los m\u00e1s selecto de la justa deportiva internacional cuando con un env\u00edo de 10, 36 metros gan\u00f3 el en el lanzamiento de la Bala.<br \/>\nCuarenta y ocho horas despu\u00e9s, la estrella de la llaylla\u00edna volvi\u00f3 a brillar al colgarse la presea de plata en el Lanzamiento del Disco, prueba en la cual hizo un registro de 35,78 metros, cerrando con ellos la mejor actuaci\u00f3n individual de una chilena en los Juegos Binacionales 2015.<br \/>\nRespecto a lo hecho en Mendoza, su t\u00e9cnico, el profesor Carlos Rubio, dijo a El Trabajo Deportivo. \u201cElla (Catalina) se encuentra en el segundo a\u00f1o de un proceso de tres, ha ido evolucionando muy bien; fue un tremendo resultado que le brindar\u00e1 la oportunidad para que ella pueda conseguir un campeonato nacional que es lo que est\u00e1 faltando. Creo que esta es la oportunidad de hacerlo\u201d.<br \/>\nCatalina, quien tambi\u00e9n integra la Escuela de Atletismo de Llay Llay, exhibe t\u00edtulos en campeonatos regionales y Copas Soprole, por lo que en Mendoza no hizo nada m\u00e1s que dejar en claro todos sus pergaminos, los mismos que la han llevado a convertirse en una de las figuras con mayor futuro en el deporte chileno.<\/p>\n","protected":false},"excerpt":{"rendered":"<p>Catalina Valenzuela podr\u00eda ser la sucesora de Natalia Duc\u00f3. Los pasados Juegos Binacionales que durante la semana pasada se realizaron en la ciudad trasandina de Mendoza, tuvieron como punto alto y sobresaliente&#8230;<\/p>\n","protected":false},"author":482,"featured_media":64066,"comment_status":"open","ping_status":"open","sticky":false,"template":"","format":"standard","meta":{"advanced_seo_description":"","jetpack_seo_html_title":"","jetpack_seo_noindex":false,"_jetpack_memberships_contains_paid_content":false,"footnotes":""},"categories":[19],"tags":[],"class_list":["post-64065","post","type-post","status-publish","format-standard","has-post-thumbnail","hentry","category-deportes"],"jetpack_featured_media_url":"https:\/\/i0.wp.com\/eltrabajo.cl\/portal\/wp-content\/uploads\/2015\/11\/catalina-valenzuela.jpg?fit=530%2C349&ssl=1","jetpack_sharing_enabled":true,"jetpack_likes_enabled":true,"jetpack-related-posts":[],"_links":{"self":[{"href":"https:\/\/eltrabajo.cl\/portal\/wp-json\/wp\/v2\/posts\/64065","targetHints":{"allow":["GET"]}}],"collection":[{"href":"https:\/\/eltrabajo.cl\/portal\/wp-json\/wp\/v2\/posts"}],"about":[{"href":"https:\/\/eltrabajo.cl\/portal\/wp-json\/wp\/v2\/types\/post"}],"author":[{"embeddable":true,"href":"https:\/\/eltrabajo.cl\/portal\/wp-json\/wp\/v2\/users\/482"}],"replies":[{"embeddable":true,"href":"https:\/\/eltrabajo.cl\/portal\/wp-json\/wp\/v2\/comments?post=64065"}],"version-history":[{"count":0,"href":"https:\/\/eltrabajo.cl\/portal\/wp-json\/wp\/v2\/posts\/64065\/revisions"}],"wp:featuredmedia":[{"embeddable":true,"href":"https:\/\/eltrabajo.cl\/portal\/wp-json\/wp\/v2\/media\/64066"}],"wp:attachment":[{"href":"https:\/\/eltrabajo.cl\/portal\/wp-json\/wp\/v2\/media?parent=64065"}],"wp:term":[{"taxonomy":"category","embeddable":true,"href":"https:\/\/eltrabajo.cl\/portal\/wp-json\/wp\/v2\/categories?post=64065"},{"taxonomy":"post_tag","embeddable":true,"href":"https:\/\/eltrabajo.cl\/portal\/wp-json\/wp\/v2\/tags?post=64065"}],"curies":[{"name":"wp","href":"https:\/\/api.w.org\/{rel}","templated":true}]}}