{"id":64068,"date":"2015-11-19T10:14:47","date_gmt":"2015-11-19T13:14:47","guid":{"rendered":"http:\/\/www.eltrabajo.cl\/portal\/?p=64068"},"modified":"2015-11-19T10:14:47","modified_gmt":"2015-11-19T13:14:47","slug":"condenan-a-10-a-mano-armada","status":"publish","type":"post","link":"https:\/\/eltrabajo.cl\/portal\/condenan-a-10-a-mano-armada\/","title":{"rendered":"Condenan a 10 y 5 a\u00f1os a hermanos que asaltaron vecino a mano armada"},"content":{"rendered":"<figure id=\"attachment_64069\" aria-describedby=\"caption-attachment-64069\" style=\"width: 300px\" class=\"wp-caption alignleft\"><a href=\"https:\/\/i0.wp.com\/www.eltrabajo.cl\/portal\/wp-content\/uploads\/2015\/11\/JUAN-Y-VICTOR-copia.jpg\"><img data-recalc-dims=\"1\" loading=\"lazy\" decoding=\"async\" class=\"wp-image-64069 size-medium\" src=\"https:\/\/i0.wp.com\/www.eltrabajo.cl\/portal\/wp-content\/uploads\/2015\/11\/JUAN-Y-VICTOR-copia-300x198.jpg?resize=300%2C198\" alt=\"Juan Humberto Ram\u00edrez fue condenado a la pena de 10 a\u00f1os y un d\u00eda y V\u00edctor Patricio Ram\u00edrez Estay condenado a 5 a\u00f1os y un d\u00eda de c\u00e1rcel.\" width=\"300\" height=\"198\" srcset=\"https:\/\/i0.wp.com\/eltrabajo.cl\/portal\/wp-content\/uploads\/2015\/11\/JUAN-Y-VICTOR-copia.jpg?resize=300%2C198&amp;ssl=1 300w, https:\/\/i0.wp.com\/eltrabajo.cl\/portal\/wp-content\/uploads\/2015\/11\/JUAN-Y-VICTOR-copia.jpg?resize=200%2C132&amp;ssl=1 200w, https:\/\/i0.wp.com\/eltrabajo.cl\/portal\/wp-content\/uploads\/2015\/11\/JUAN-Y-VICTOR-copia.jpg?resize=228%2C150&amp;ssl=1 228w, https:\/\/i0.wp.com\/eltrabajo.cl\/portal\/wp-content\/uploads\/2015\/11\/JUAN-Y-VICTOR-copia.jpg?resize=400%2C263&amp;ssl=1 400w, https:\/\/i0.wp.com\/eltrabajo.cl\/portal\/wp-content\/uploads\/2015\/11\/JUAN-Y-VICTOR-copia.jpg?w=530&amp;ssl=1 530w\" sizes=\"auto, (max-width: 300px) 100vw, 300px\" \/><\/a><figcaption id=\"caption-attachment-64069\" class=\"wp-caption-text\">Juan Humberto Ram\u00edrez fue condenado a la pena de 10 a\u00f1os y un d\u00eda y V\u00edctor Patricio Ram\u00edrez Estay condenado a 5 a\u00f1os y un d\u00eda de c\u00e1rcel.<\/figcaption><\/figure>\n<ul>\n<li><strong>Juan Humberto y V\u00edctor Patricio Ram\u00edrez Estay fueron procesados por el delito de robo con intimidaci\u00f3n a un hombre de 60 a\u00f1os de edad, el que fue maniatado y enca\u00f1onado con un rev\u00f3lver en la villa El Totoral de San Felipe.<\/strong><\/li>\n<\/ul>\n<p>Por unanimidad el Tribunal Oral en Lo Penal de San Felipe conden\u00f3 a de 10 a\u00f1os y un d\u00eda de c\u00e1rcel a Juan Ram\u00edrez Estay; mientras que su hermano V\u00edctor Patricio fue sentenciado a 5 a\u00f1os y un d\u00eda, ambos por el robo con intimidaci\u00f3n que afect\u00f3 a un adulto mayor, quien fue maniatado y enca\u00f1onado con una pistola cuando lo asaltaron en su departamento de la villa El Totoral de esta comuna.<br \/>\nTras la lectura de sentencia dada a conocer por los jueces de este tribunal ayer mi\u00e9rcoles, los condenados no se presentaron a dicha audiencia dado que hasta el momento, ambos gozan de plena libertad. Sin embargo dentro de un plazo de diez d\u00edas la condena podr\u00eda quedar firme y ejecutoriada, si es que el abogado defensor no eleva un eventual recurso de nulidad sobre este juicio llevado a cabo la semana pasada.<br \/>\nCabe se\u00f1alar que durante este proceso judicial, s\u00f3lo se present\u00f3 V\u00edctor Ram\u00edrez Estay, mientras que su hermano Juan Humberto -pr\u00f3fugo de la justicia- se encuentra actualmente con orden de detenci\u00f3n.<br \/>\nEn este sentido el Tribunal dict\u00f3 sentencia tras las pruebas rendidas por la Fiscal\u00eda por los hechos ocurridos el d\u00eda 2 de octubre del a\u00f1o 2013, cuando la v\u00edctima se encontraba en las afueras de su departamento en la villa El Totoral para guardar su moto scooter, momento en que sorpresivamente dos sujetos encapuchados lo enca\u00f1onaron con un rev\u00f3lver.<br \/>\nEn una entrevista concedida a Diario El Trabajo sucedidos estos hechos, el afectado Manuel Arancibia Delgado asegur\u00f3 que el delito se produjo pasada la medianoche en la puerta de su vivienda, cuando dos individuos lo abordaron y uno de ellos le tap\u00f3 la boca y lo intimidaron con el arma de fuego.<\/p>\n<figure id=\"attachment_64070\" aria-describedby=\"caption-attachment-64070\" style=\"width: 300px\" class=\"wp-caption alignright\"><a href=\"https:\/\/i0.wp.com\/www.eltrabajo.cl\/portal\/wp-content\/uploads\/2015\/11\/MANUEL-ARANCIBIA-DELGADO-VICTIMA.jpg\"><img data-recalc-dims=\"1\" loading=\"lazy\" decoding=\"async\" class=\"wp-image-64070 size-medium\" src=\"https:\/\/i0.wp.com\/www.eltrabajo.cl\/portal\/wp-content\/uploads\/2015\/11\/MANUEL-ARANCIBIA-DELGADO-VICTIMA-300x197.jpg?resize=300%2C197\" alt=\"VICTIMA: Manuel Arancibia Delgado narr\u00f3 los momentos de terror vividos en su departamento tras ser maniatado e intimidado con un arma de fuego por los condenados, quienes resultaron ser sus vecinos a quienes conoc\u00eda por sus apodos.\" width=\"300\" height=\"197\" srcset=\"https:\/\/i0.wp.com\/eltrabajo.cl\/portal\/wp-content\/uploads\/2015\/11\/MANUEL-ARANCIBIA-DELGADO-VICTIMA.jpg?resize=300%2C197&amp;ssl=1 300w, https:\/\/i0.wp.com\/eltrabajo.cl\/portal\/wp-content\/uploads\/2015\/11\/MANUEL-ARANCIBIA-DELGADO-VICTIMA.jpg?resize=200%2C131&amp;ssl=1 200w, https:\/\/i0.wp.com\/eltrabajo.cl\/portal\/wp-content\/uploads\/2015\/11\/MANUEL-ARANCIBIA-DELGADO-VICTIMA.jpg?resize=228%2C150&amp;ssl=1 228w, https:\/\/i0.wp.com\/eltrabajo.cl\/portal\/wp-content\/uploads\/2015\/11\/MANUEL-ARANCIBIA-DELGADO-VICTIMA.jpg?resize=400%2C263&amp;ssl=1 400w, https:\/\/i0.wp.com\/eltrabajo.cl\/portal\/wp-content\/uploads\/2015\/11\/MANUEL-ARANCIBIA-DELGADO-VICTIMA.jpg?w=530&amp;ssl=1 530w\" sizes=\"auto, (max-width: 300px) 100vw, 300px\" \/><\/a><figcaption id=\"caption-attachment-64070\" class=\"wp-caption-text\">VICTIMA: Manuel Arancibia Delgado narr\u00f3 los momentos de terror vividos en su departamento tras ser maniatado e intimidado con un arma de fuego por los condenados, quienes resultaron ser sus vecinos a quienes conoc\u00eda por sus apodos.<\/figcaption><\/figure>\n<p><strong>MOMENTOS DE TERROR<\/strong><br \/>\nLa v\u00edctima se\u00f1ala que los antisociales lo arrastraron hasta el interior de su vivienda, mientras uno de los sujetos registr\u00f3 todos los rincones del inmueble hasta encontrar $150.000 que manten\u00eda la v\u00edctima para el pago de sus deudas. Al mismo tiempo, Manuel, mientras fue enca\u00f1onado por otro de los antisociales, reconoci\u00f3 a los sujetos que resultaron ser vecinos de la misma villa a quienes individualizaba por sus apodos de \u2018El Pato\u2019 y \u2018El Juan Loco\u2019.<br \/>\nObtenido el bot\u00edn los sujetos procedieron a maniatar al afectado de pies y manos con cinta adhesiva, dej\u00e1ndolo de rodillas inmovilizado para luego escapar del departamento. Manuel Arancibia recuerda que como pudo pidi\u00f3 auxilio desde su celular a su nieto que minutos m\u00e1s tarde fue quien lo encontr\u00f3 maniatado en su departamento.<br \/>\nAmbos sujetos sindicados como autores de este asalto no fueron detenidos al no ser sorprendidos en flagrancia por Carabineros. No obstante, tras las investigaciones concretadas por la Fiscal\u00eda se logr\u00f3 dar curso al juicio, concluyendo que los hermanos Ram\u00edrez Estay son culpables del delito de robo con intimidaci\u00f3n con pena de c\u00e1rcel, prevaleciendo un inminente peligro de fuga de los condenados.<br \/>\n<strong>Pablo Salinas Sald\u00edas<\/strong><\/p>\n","protected":false},"excerpt":{"rendered":"<p>Juan Humberto y V\u00edctor Patricio Ram\u00edrez Estay fueron procesados por el delito de robo con intimidaci\u00f3n a un hombre de 60 a\u00f1os de edad, el que fue maniatado y enca\u00f1onado con un&#8230;<\/p>\n","protected":false},"author":482,"featured_media":64069,"comment_status":"open","ping_status":"open","sticky":false,"template":"","format":"standard","meta":{"advanced_seo_description":"","jetpack_seo_html_title":"","jetpack_seo_noindex":false,"_jetpack_memberships_contains_paid_content":false,"footnotes":""},"categories":[21],"tags":[],"class_list":["post-64068","post","type-post","status-publish","format-standard","has-post-thumbnail","hentry","category-policial"],"jetpack_featured_media_url":"https:\/\/i0.wp.com\/eltrabajo.cl\/portal\/wp-content\/uploads\/2015\/11\/JUAN-Y-VICTOR-copia.jpg?fit=530%2C349&ssl=1","jetpack_sharing_enabled":true,"jetpack_likes_enabled":true,"jetpack-related-posts":[],"_links":{"self":[{"href":"https:\/\/eltrabajo.cl\/portal\/wp-json\/wp\/v2\/posts\/64068","targetHints":{"allow":["GET"]}}],"collection":[{"href":"https:\/\/eltrabajo.cl\/portal\/wp-json\/wp\/v2\/posts"}],"about":[{"href":"https:\/\/eltrabajo.cl\/portal\/wp-json\/wp\/v2\/types\/post"}],"author":[{"embeddable":true,"href":"https:\/\/eltrabajo.cl\/portal\/wp-json\/wp\/v2\/users\/482"}],"replies":[{"embeddable":true,"href":"https:\/\/eltrabajo.cl\/portal\/wp-json\/wp\/v2\/comments?post=64068"}],"version-history":[{"count":0,"href":"https:\/\/eltrabajo.cl\/portal\/wp-json\/wp\/v2\/posts\/64068\/revisions"}],"wp:featuredmedia":[{"embeddable":true,"href":"https:\/\/eltrabajo.cl\/portal\/wp-json\/wp\/v2\/media\/64069"}],"wp:attachment":[{"href":"https:\/\/eltrabajo.cl\/portal\/wp-json\/wp\/v2\/media?parent=64068"}],"wp:term":[{"taxonomy":"category","embeddable":true,"href":"https:\/\/eltrabajo.cl\/portal\/wp-json\/wp\/v2\/categories?post=64068"},{"taxonomy":"post_tag","embeddable":true,"href":"https:\/\/eltrabajo.cl\/portal\/wp-json\/wp\/v2\/tags?post=64068"}],"curies":[{"name":"wp","href":"https:\/\/api.w.org\/{rel}","templated":true}]}}