{"id":64074,"date":"2015-11-20T09:20:40","date_gmt":"2015-11-20T12:20:40","guid":{"rendered":"http:\/\/www.eltrabajo.cl\/portal\/?p=64074"},"modified":"2015-11-20T09:20:40","modified_gmt":"2015-11-20T12:20:40","slug":"a-union-san-feo-de-la-verdad","status":"publish","type":"post","link":"https:\/\/eltrabajo.cl\/portal\/a-union-san-feo-de-la-verdad\/","title":{"rendered":"A Uni\u00f3n San Felipe le lleg\u00f3 su momento de la verdad"},"content":{"rendered":"<figure id=\"attachment_64075\" aria-describedby=\"caption-attachment-64075\" style=\"width: 300px\" class=\"wp-caption alignleft\"><a href=\"https:\/\/i0.wp.com\/www.eltrabajo.cl\/portal\/wp-content\/uploads\/2015\/11\/uni-uni3.jpg\"><img data-recalc-dims=\"1\" loading=\"lazy\" decoding=\"async\" class=\"wp-image-64075 size-medium\" src=\"https:\/\/i0.wp.com\/www.eltrabajo.cl\/portal\/wp-content\/uploads\/2015\/11\/uni-uni3-300x198.jpg?resize=300%2C198\" alt=\"Ante Cobreloa en el estadio Zorros del Desierto, el Un\u00ed se jugar\u00e1 sus cartas para llegar a la postemporada.\" width=\"300\" height=\"198\" srcset=\"https:\/\/i0.wp.com\/eltrabajo.cl\/portal\/wp-content\/uploads\/2015\/11\/uni-uni3.jpg?resize=300%2C198&amp;ssl=1 300w, https:\/\/i0.wp.com\/eltrabajo.cl\/portal\/wp-content\/uploads\/2015\/11\/uni-uni3.jpg?resize=200%2C132&amp;ssl=1 200w, https:\/\/i0.wp.com\/eltrabajo.cl\/portal\/wp-content\/uploads\/2015\/11\/uni-uni3.jpg?resize=228%2C150&amp;ssl=1 228w, https:\/\/i0.wp.com\/eltrabajo.cl\/portal\/wp-content\/uploads\/2015\/11\/uni-uni3.jpg?resize=400%2C263&amp;ssl=1 400w, https:\/\/i0.wp.com\/eltrabajo.cl\/portal\/wp-content\/uploads\/2015\/11\/uni-uni3.jpg?w=530&amp;ssl=1 530w\" sizes=\"auto, (max-width: 300px) 100vw, 300px\" \/><\/a><figcaption id=\"caption-attachment-64075\" class=\"wp-caption-text\">Ante Cobreloa en el estadio Zorros del Desierto, el Un\u00ed se jugar\u00e1 sus cartas para llegar a la postemporada.<\/figcaption><\/figure>\n<p>Este domingo y despu\u00e9s de recorrer una ruta que por momentos se torn\u00f3 larga y muy tediosa, se sabr\u00e1 si Uni\u00f3n San Felipe habr\u00e1 arribado a la Liguilla, el objetivo que para este semestre se puso como tarea el plantel albirrojo.<br \/>\nLas cosas no ser\u00e1n f\u00e1ciles para la escuadra que adiestra Germ\u00e1n Corengia, porque Cobreloa, aparte del hist\u00f3rico poder\u00edo que adquiere cuando es local, suma el hecho que es un conjunto que cargar\u00e1 con la obligaci\u00f3n de ganar para asegurar su concurso en la postemporada.<br \/>\nLos aconcag\u00fcinos no tienen el m\u00e1s m\u00ednimo margen de error y en Calama, al igual que su rival, tendr\u00e1 la obligaci\u00f3n de ganar para poder quedar entre los cuatro primeros, un empate y que decir una derrota pueden dejar al Un\u00ed Un\u00ed sin pan ni pedazo, algo que a todas luces ser\u00eda un castigo y fracaso, porque durante todo el torneo ha estado en puestos de clasificaci\u00f3n.<br \/>\nConscientes que en el Zorro del Desierto, no hay espacio para la especulaci\u00f3n, es casi seguro que los unionistas presenten pr\u00e1cticamente la misma formaci\u00f3n que en la fecha pasada igual\u00f3 con \u00d1ublense, aunque es probable que el delantero Patricio Schwob, avalado por el gol anotado la semana pasada, sea de la partida en el decisivo duelo del pr\u00f3ximo domingo.<\/p>\n<p><strong>Programaci\u00f3n fecha 15\u00ba<\/strong><br \/>\n<strong>S\u00e1bado 21 de noviembre<\/strong><br \/>\n16:30 horas, Barnechea \u2013 Coquimbo<br \/>\n17:00 horas, Magallanes \u2013 Rangers<br \/>\n17:00 horas, La Serena \u2013 Concepci\u00f3n<br \/>\n20:00 horas, Curic\u00f3 \u2013 Puerto Montt<br \/>\n<strong>Domingo 22 de noviembre<\/strong><br \/>\n17:00 horas, Temuco \u2013 Santiago Morning<br \/>\n17:00 horas, Cobreloa \u2013 Uni\u00f3n San Felipe<br \/>\n19:00 horas, \u00d1ublense \u2013 Everton<br \/>\n<strong>Tabla de Posiciones Primera B<\/strong><br \/>\n<strong>Lugar y puntos<\/strong><br \/>\nDeportes Temuco 33<br \/>\nEverton 28<br \/>\nCobreloa 24<br \/>\nUni\u00f3n San Felipe 22<br \/>\nLa Serena 22<br \/>\nCuric\u00f3 Unido 21<br \/>\nPuerto Montt 20<br \/>\nRangers 20<br \/>\nMagallanes 19<br \/>\n\u00d1ublense 18<br \/>\nIberia 17<br \/>\nCopiap\u00f3 16<br \/>\nConcepci\u00f3n 14<br \/>\nSantiago Morning 12<br \/>\nBarnechea 11<br \/>\nCoquimbo 6<\/p>\n","protected":false},"excerpt":{"rendered":"<p>Este domingo y despu\u00e9s de recorrer una ruta que por momentos se torn\u00f3 larga y muy tediosa, se sabr\u00e1 si Uni\u00f3n San Felipe habr\u00e1 arribado a la Liguilla, el objetivo que para&#8230;<\/p>\n","protected":false},"author":482,"featured_media":64075,"comment_status":"open","ping_status":"open","sticky":false,"template":"","format":"standard","meta":{"advanced_seo_description":"","jetpack_seo_html_title":"","jetpack_seo_noindex":false,"_jetpack_memberships_contains_paid_content":false,"footnotes":""},"categories":[19],"tags":[],"class_list":["post-64074","post","type-post","status-publish","format-standard","has-post-thumbnail","hentry","category-deportes"],"jetpack_featured_media_url":"https:\/\/i0.wp.com\/eltrabajo.cl\/portal\/wp-content\/uploads\/2015\/11\/uni-uni3.jpg?fit=530%2C349&ssl=1","jetpack_sharing_enabled":true,"jetpack_likes_enabled":true,"jetpack-related-posts":[],"_links":{"self":[{"href":"https:\/\/eltrabajo.cl\/portal\/wp-json\/wp\/v2\/posts\/64074","targetHints":{"allow":["GET"]}}],"collection":[{"href":"https:\/\/eltrabajo.cl\/portal\/wp-json\/wp\/v2\/posts"}],"about":[{"href":"https:\/\/eltrabajo.cl\/portal\/wp-json\/wp\/v2\/types\/post"}],"author":[{"embeddable":true,"href":"https:\/\/eltrabajo.cl\/portal\/wp-json\/wp\/v2\/users\/482"}],"replies":[{"embeddable":true,"href":"https:\/\/eltrabajo.cl\/portal\/wp-json\/wp\/v2\/comments?post=64074"}],"version-history":[{"count":0,"href":"https:\/\/eltrabajo.cl\/portal\/wp-json\/wp\/v2\/posts\/64074\/revisions"}],"wp:featuredmedia":[{"embeddable":true,"href":"https:\/\/eltrabajo.cl\/portal\/wp-json\/wp\/v2\/media\/64075"}],"wp:attachment":[{"href":"https:\/\/eltrabajo.cl\/portal\/wp-json\/wp\/v2\/media?parent=64074"}],"wp:term":[{"taxonomy":"category","embeddable":true,"href":"https:\/\/eltrabajo.cl\/portal\/wp-json\/wp\/v2\/categories?post=64074"},{"taxonomy":"post_tag","embeddable":true,"href":"https:\/\/eltrabajo.cl\/portal\/wp-json\/wp\/v2\/tags?post=64074"}],"curies":[{"name":"wp","href":"https:\/\/api.w.org\/{rel}","templated":true}]}}