{"id":64077,"date":"2015-11-20T09:22:04","date_gmt":"2015-11-20T12:22:04","guid":{"rendered":"http:\/\/www.eltrabajo.cl\/portal\/?p=64077"},"modified":"2015-11-20T09:22:04","modified_gmt":"2015-11-20T12:22:04","slug":"inicia-programes-putaendinos","status":"publish","type":"post","link":"https:\/\/eltrabajo.cl\/portal\/inicia-programes-putaendinos\/","title":{"rendered":"Inicia programa \u2018Habilidades Para la Vida 2\u2019 en establecimientos educacionales putaendinos"},"content":{"rendered":"<figure id=\"attachment_64078\" aria-describedby=\"caption-attachment-64078\" style=\"width: 300px\" class=\"wp-caption alignleft\"><a href=\"https:\/\/i0.wp.com\/www.eltrabajo.cl\/portal\/wp-content\/uploads\/2015\/11\/Programa-habilidades-para-la-vida.jpg\"><img data-recalc-dims=\"1\" loading=\"lazy\" decoding=\"async\" class=\"wp-image-64078 size-medium\" src=\"https:\/\/i0.wp.com\/www.eltrabajo.cl\/portal\/wp-content\/uploads\/2015\/11\/Programa-habilidades-para-la-vida-300x197.jpg?resize=300%2C197\" alt=\"Durante la tarde del mi\u00e9rcoles se lanz\u00f3 el programa \u2018Habilidades para la Vida 2\u2019, el cual se llevar\u00e1 a cabo en 6 establecimientos de la comuna.\" width=\"300\" height=\"197\" srcset=\"https:\/\/i0.wp.com\/eltrabajo.cl\/portal\/wp-content\/uploads\/2015\/11\/Programa-habilidades-para-la-vida.jpg?resize=300%2C197&amp;ssl=1 300w, https:\/\/i0.wp.com\/eltrabajo.cl\/portal\/wp-content\/uploads\/2015\/11\/Programa-habilidades-para-la-vida.jpg?resize=200%2C131&amp;ssl=1 200w, https:\/\/i0.wp.com\/eltrabajo.cl\/portal\/wp-content\/uploads\/2015\/11\/Programa-habilidades-para-la-vida.jpg?resize=228%2C150&amp;ssl=1 228w, https:\/\/i0.wp.com\/eltrabajo.cl\/portal\/wp-content\/uploads\/2015\/11\/Programa-habilidades-para-la-vida.jpg?resize=400%2C263&amp;ssl=1 400w, https:\/\/i0.wp.com\/eltrabajo.cl\/portal\/wp-content\/uploads\/2015\/11\/Programa-habilidades-para-la-vida.jpg?w=530&amp;ssl=1 530w\" sizes=\"auto, (max-width: 300px) 100vw, 300px\" \/><\/a><figcaption id=\"caption-attachment-64078\" class=\"wp-caption-text\">Durante la tarde del mi\u00e9rcoles se lanz\u00f3 el programa \u2018Habilidades para la Vida 2\u2019, el cual se llevar\u00e1 a cabo en 6 establecimientos de la comuna.<\/figcaption><\/figure>\n<ul>\n<li><strong>Iniciativa de Junaeb, que ejecuta el Cesfam Valle Los Libertadores, busca potenciar la convivencia escolar y clima en el aula en ni\u00f1os desde quinto hasta octavo b\u00e1sico.<\/strong><\/li>\n<\/ul>\n<p><strong>PUTAENDO<\/strong>.- Con la presencia del alcalde Guillermo Reyes, la tarde del mi\u00e9rcoles se dio lanzamiento al programa \u2018Habilidades Para la Vida 2\u2019 (HPV2) en la comuna, destinado a mejorar y abordar la convivencia escolar entre quinto y octavo b\u00e1sico.<br \/>\nSe trata de un modelo de intervenci\u00f3n psicosocial que promueve estrategias de autocuidado, detectando necesidades en el clima de aula y convivencia con los diferentes actores de la comunidad escolar. Es parte de las pol\u00edticas de la Junta Nacional de Auxilio Escolar y Becas (Junaeb), y en Putaendo es ejecutado por un equipo multidisciplinario del Cesfam Valle Los Libertadores.<br \/>\n\u201cEl equipo psicosocial, integrado por un psic\u00f3logo y una asistente social, hace un diagn\u00f3stico de necesidades en cada curso y en cada curso se elabora de manera distinta, dependiendo de las caracter\u00edsticas de ese curso. Los mismos ni\u00f1os dicen qu\u00e9 temas son m\u00e1s \u00e1lgidos en cada curso y desde ah\u00ed la dupla profesional los aborda\u201d, explic\u00f3 Carolina L\u00f3pez, trabajadora social del Cesfam Valle Los Libertadores, coordinadora del Programa Habilidades para la Vida 2.<br \/>\nCabe destacar que desde el a\u00f1o 2007 se ejecuta el HPV1, con alumnos del primer ciclo b\u00e1sico de todos los colegios de la comuna. En el caso de este primer a\u00f1o de HPV2, estar\u00e1 enfocado en seis establecimientos educacionales: Escuela Mar\u00eda Leiva de Las Coimas, Renacer de Quebrada de Herrera, San Alberto de Guzmanes, Paso Hist\u00f3rico de El T\u00e1rtaro, Liceo Rep.de EE.UU y Liceo Manuel Mar\u00edn Fritis.<br \/>\nAl lanzamiento asistieron tambi\u00e9n autoridades como el concejal Sergio Zamora, la directora del Cesfam Valle Los Libertadores, Mireya Ponce; el director del Daem Putaendo, Patricio Moreno; directivos, profesores y alumnos de los seis establecimientos involucrados en el HPV 2 y funcionarios por la salud municipal de la comuna.<br \/>\n\u201cSiempre ha sido parte de esta administraci\u00f3n municipal dar mayores herramientas a nuestras escuelas. Creemos que es parte fundamental mejorar el rendimiento escolar de nuestros ni\u00f1os y qu\u00e9 mejor que hacerlo a trav\u00e9s de potenciar una buena convivencia escolar, donde existan profesionales preocupados por el bienestar de nuestros ni\u00f1os\u201d, destac\u00f3 el alcalde Guillermo Reyes.<br \/>\nEn la ocasi\u00f3n, cada uno de los establecimientos educacionales recibi\u00f3 una placa donde se reconoce el trabajo del Programa Habilidades Para la Vida 2 dentro de la comunidad educativa. El HPV2 tendr\u00e1 una duraci\u00f3n de tres a\u00f1os.<\/p>\n","protected":false},"excerpt":{"rendered":"<p>Iniciativa de Junaeb, que ejecuta el Cesfam Valle Los Libertadores, busca potenciar la convivencia escolar y clima en el aula en ni\u00f1os desde quinto hasta octavo b\u00e1sico. PUTAENDO.- Con la presencia del&#8230;<\/p>\n","protected":false},"author":482,"featured_media":64078,"comment_status":"open","ping_status":"open","sticky":false,"template":"","format":"standard","meta":{"advanced_seo_description":"","jetpack_seo_html_title":"","jetpack_seo_noindex":false,"_jetpack_memberships_contains_paid_content":false,"footnotes":""},"categories":[15],"tags":[],"class_list":["post-64077","post","type-post","status-publish","format-standard","has-post-thumbnail","hentry","category-comunidad"],"jetpack_featured_media_url":"https:\/\/i0.wp.com\/eltrabajo.cl\/portal\/wp-content\/uploads\/2015\/11\/Programa-habilidades-para-la-vida.jpg?fit=530%2C348&ssl=1","jetpack_sharing_enabled":true,"jetpack_likes_enabled":true,"jetpack-related-posts":[],"_links":{"self":[{"href":"https:\/\/eltrabajo.cl\/portal\/wp-json\/wp\/v2\/posts\/64077","targetHints":{"allow":["GET"]}}],"collection":[{"href":"https:\/\/eltrabajo.cl\/portal\/wp-json\/wp\/v2\/posts"}],"about":[{"href":"https:\/\/eltrabajo.cl\/portal\/wp-json\/wp\/v2\/types\/post"}],"author":[{"embeddable":true,"href":"https:\/\/eltrabajo.cl\/portal\/wp-json\/wp\/v2\/users\/482"}],"replies":[{"embeddable":true,"href":"https:\/\/eltrabajo.cl\/portal\/wp-json\/wp\/v2\/comments?post=64077"}],"version-history":[{"count":0,"href":"https:\/\/eltrabajo.cl\/portal\/wp-json\/wp\/v2\/posts\/64077\/revisions"}],"wp:featuredmedia":[{"embeddable":true,"href":"https:\/\/eltrabajo.cl\/portal\/wp-json\/wp\/v2\/media\/64078"}],"wp:attachment":[{"href":"https:\/\/eltrabajo.cl\/portal\/wp-json\/wp\/v2\/media?parent=64077"}],"wp:term":[{"taxonomy":"category","embeddable":true,"href":"https:\/\/eltrabajo.cl\/portal\/wp-json\/wp\/v2\/categories?post=64077"},{"taxonomy":"post_tag","embeddable":true,"href":"https:\/\/eltrabajo.cl\/portal\/wp-json\/wp\/v2\/tags?post=64077"}],"curies":[{"name":"wp","href":"https:\/\/api.w.org\/{rel}","templated":true}]}}