{"id":64080,"date":"2015-11-20T09:23:41","date_gmt":"2015-11-20T12:23:41","guid":{"rendered":"http:\/\/www.eltrabajo.cl\/portal\/?p=64080"},"modified":"2015-11-20T09:23:41","modified_gmt":"2015-11-20T12:23:41","slug":"san-felipe-tenado-al-autismo","status":"publish","type":"post","link":"https:\/\/eltrabajo.cl\/portal\/san-felipe-tenado-al-autismo\/","title":{"rendered":"San Felipe tendr\u00e1 un fin de semana dedicado al autismo"},"content":{"rendered":"<figure id=\"attachment_64081\" aria-describedby=\"caption-attachment-64081\" style=\"width: 300px\" class=\"wp-caption alignleft\"><a href=\"https:\/\/i0.wp.com\/www.eltrabajo.cl\/portal\/wp-content\/uploads\/2015\/11\/ALEJANDRA-LEON-TESORERA-DE-LA-AGRUPACION-AUTISMO-SAN-FELIPE-DE-ACONCAGUA..jpg\"><img data-recalc-dims=\"1\" loading=\"lazy\" decoding=\"async\" class=\"wp-image-64081 size-medium\" src=\"https:\/\/i0.wp.com\/www.eltrabajo.cl\/portal\/wp-content\/uploads\/2015\/11\/ALEJANDRA-LEON-TESORERA-DE-LA-AGRUPACION-AUTISMO-SAN-FELIPE-DE-ACONCAGUA.-300x198.jpg?resize=300%2C198\" alt=\"Alejandra Le\u00f3n, tesorera de la Agrupaci\u00f3n Autismo San Felipe de Aconcagua.\" width=\"300\" height=\"198\" srcset=\"https:\/\/i0.wp.com\/eltrabajo.cl\/portal\/wp-content\/uploads\/2015\/11\/ALEJANDRA-LEON-TESORERA-DE-LA-AGRUPACION-AUTISMO-SAN-FELIPE-DE-ACONCAGUA..jpg?resize=300%2C198&amp;ssl=1 300w, https:\/\/i0.wp.com\/eltrabajo.cl\/portal\/wp-content\/uploads\/2015\/11\/ALEJANDRA-LEON-TESORERA-DE-LA-AGRUPACION-AUTISMO-SAN-FELIPE-DE-ACONCAGUA..jpg?resize=200%2C132&amp;ssl=1 200w, https:\/\/i0.wp.com\/eltrabajo.cl\/portal\/wp-content\/uploads\/2015\/11\/ALEJANDRA-LEON-TESORERA-DE-LA-AGRUPACION-AUTISMO-SAN-FELIPE-DE-ACONCAGUA..jpg?resize=227%2C150&amp;ssl=1 227w, https:\/\/i0.wp.com\/eltrabajo.cl\/portal\/wp-content\/uploads\/2015\/11\/ALEJANDRA-LEON-TESORERA-DE-LA-AGRUPACION-AUTISMO-SAN-FELIPE-DE-ACONCAGUA..jpg?resize=400%2C264&amp;ssl=1 400w, https:\/\/i0.wp.com\/eltrabajo.cl\/portal\/wp-content\/uploads\/2015\/11\/ALEJANDRA-LEON-TESORERA-DE-LA-AGRUPACION-AUTISMO-SAN-FELIPE-DE-ACONCAGUA..jpg?w=530&amp;ssl=1 530w\" sizes=\"auto, (max-width: 300px) 100vw, 300px\" \/><\/a><figcaption id=\"caption-attachment-64081\" class=\"wp-caption-text\">Alejandra Le\u00f3n, tesorera de la Agrupaci\u00f3n Autismo San Felipe de Aconcagua.<\/figcaption><\/figure>\n<ul>\n<li><strong>El s\u00e1bado se dictar\u00e1 la charla \u2018Control y Modificaci\u00f3n de Conductas Disruptivas\u2019 y el domingo en la Plaza de Armas se celebrar\u00e1 el D\u00eda Internacional.<\/strong><\/li>\n<\/ul>\n<p>Ma\u00f1ana s\u00e1bado a partir de las 10 horas, en el Sal\u00f3n de Honor de la Municipalidad de San Felipe, alrededor de 50 padres y profesionales que se relacionan con ni\u00f1os con Autismo, ser\u00e1n parte de la charla \u2018Control y Modificaci\u00f3n de Conductas Disruptivas\u2019, la cual, ha sido coordinada por la agrupaci\u00f3n Autismo San Felipe de Aconcagua y ser\u00e1 dictada por los profesionales trasandinos, Hugo Valetti y Sandra Capsa, quienes trabajan en la fundaci\u00f3n Capsa, Consultorio de Asistencia Privada en S\u00edndrome Autista, de Mar del Plata, Argentina.<br \/>\nCapsa es una destacada instituci\u00f3n que se dedica a la evaluaci\u00f3n, diagn\u00f3stico y tratamiento del Espectro Autista y precisamente es dirigida por el Licenciado en psicolog\u00eda, Hugo Eduardo Valleti.<br \/>\nEs necesario mencionar que El Autismo es un trastorno generalizado del desarrollo del individuo, caracterizado por alteraciones en las \u00e1reas de interacci\u00f3n social, comunicaci\u00f3n y lenguaje y comportamiento e intereses.<br \/>\nAlejandra Le\u00f3n, tesorera de la agrupaci\u00f3n Autismo San Felipe de Aconcagua, que trabaja con alrededor de 100 ni\u00f1os, ni\u00f1as y sus respectivas familias, se encarg\u00f3 de mencionar hacia donde apunta esta iniciativa y se\u00f1al\u00f3 que \u201cla idea es poder ayudar y tener estas charlas mensualmente para poder generar un nexo entre las personas con autismo, para poder insertarlas en la educaci\u00f3n normal, porque la mayor\u00eda tiene que estar en colegios diferenciales y eso no significa incluir, es segregar\u201d, enfatiz\u00f3.<br \/>\nJunto con esto, Le\u00f3n afirm\u00f3 que \u201ctanto el alcalde Patricio Freire como otros estamentos est\u00e1n muy preocupados en la inclusi\u00f3n, estamos trabajando junto a ellos y la Gobernaci\u00f3n Provincial para poder incluir a todos estos ni\u00f1os en reg\u00edmenes normales\u201d, apunt\u00f3.<br \/>\nAsimismo, esta joven madre de un ni\u00f1o con autismo de 9 a\u00f1os, aprovech\u00f3 de invitar a la comunidad a la celebraci\u00f3n del d\u00eda del autismo, actividad que se realizar\u00e1 el domingo en plaza de armas. \u201cVamos a estar todo el d\u00eda, desde las 10 de la ma\u00f1ana en la terraza, ense\u00f1\u00e1ndole a la gente qu\u00e9 es el autismo, que son personas normales, que pueden trabajar y que pueden llevar una vida normal en familia, pueden ser padres, t\u00edos, etc\u201d, dijo Le\u00f3n, agregando que \u201ceducar es nuestra labor, entregaremos folletos y mostraremos tambi\u00e9n lo que es nuestro proyecto de la casa azul, que es una casa taller terap\u00e9utica, en donde tendremos talleres para personas con autismo y terapias gratuitas\u201d, describi\u00f3.<br \/>\nLe\u00f3n se encarg\u00f3 de se\u00f1alar que otro de los objetivos por cumplir con estas actividades, es abrir el tema a la comunidad, puesto que \u201cen San Felipe, la atenci\u00f3n de salud es buena pero necesitamos m\u00e1s, entonces la idea de esta agrupaci\u00f3n, que cre\u00e9 junto a la fonoaudi\u00f3loga de mi hijo Agust\u00edn, es poder ayudar a todos lo que lo requieran\u201d, finaliz\u00f3<br \/>\nCabe destacar que s\u00f3lo en San Felipe existen m\u00e1s de 200 personas, entre ni\u00f1os, j\u00f3venes y adultos, que viven con esta condici\u00f3n y que en Facebook existe un Grupo llamado Autismo San Felipe de Aconcagua que tiene m\u00e1s de 400 amigos, demostrando el alto inter\u00e9s que tiene la comunidad de conocer m\u00e1s respecto esta tem\u00e1tica y colaborar con los ni\u00f1os, ni\u00f1as y familias con esta condici\u00f3n.<\/p>\n","protected":false},"excerpt":{"rendered":"<p>El s\u00e1bado se dictar\u00e1 la charla \u2018Control y Modificaci\u00f3n de Conductas Disruptivas\u2019 y el domingo en la Plaza de Armas se celebrar\u00e1 el D\u00eda Internacional. Ma\u00f1ana s\u00e1bado a partir de las 10&#8230;<\/p>\n","protected":false},"author":482,"featured_media":64081,"comment_status":"open","ping_status":"open","sticky":false,"template":"","format":"standard","meta":{"advanced_seo_description":"","jetpack_seo_html_title":"","jetpack_seo_noindex":false,"_jetpack_memberships_contains_paid_content":false,"footnotes":""},"categories":[15],"tags":[],"class_list":["post-64080","post","type-post","status-publish","format-standard","has-post-thumbnail","hentry","category-comunidad"],"jetpack_featured_media_url":"https:\/\/i0.wp.com\/eltrabajo.cl\/portal\/wp-content\/uploads\/2015\/11\/ALEJANDRA-LEON-TESORERA-DE-LA-AGRUPACION-AUTISMO-SAN-FELIPE-DE-ACONCAGUA..jpg?fit=530%2C350&ssl=1","jetpack_sharing_enabled":true,"jetpack_likes_enabled":true,"jetpack-related-posts":[],"_links":{"self":[{"href":"https:\/\/eltrabajo.cl\/portal\/wp-json\/wp\/v2\/posts\/64080","targetHints":{"allow":["GET"]}}],"collection":[{"href":"https:\/\/eltrabajo.cl\/portal\/wp-json\/wp\/v2\/posts"}],"about":[{"href":"https:\/\/eltrabajo.cl\/portal\/wp-json\/wp\/v2\/types\/post"}],"author":[{"embeddable":true,"href":"https:\/\/eltrabajo.cl\/portal\/wp-json\/wp\/v2\/users\/482"}],"replies":[{"embeddable":true,"href":"https:\/\/eltrabajo.cl\/portal\/wp-json\/wp\/v2\/comments?post=64080"}],"version-history":[{"count":0,"href":"https:\/\/eltrabajo.cl\/portal\/wp-json\/wp\/v2\/posts\/64080\/revisions"}],"wp:featuredmedia":[{"embeddable":true,"href":"https:\/\/eltrabajo.cl\/portal\/wp-json\/wp\/v2\/media\/64081"}],"wp:attachment":[{"href":"https:\/\/eltrabajo.cl\/portal\/wp-json\/wp\/v2\/media?parent=64080"}],"wp:term":[{"taxonomy":"category","embeddable":true,"href":"https:\/\/eltrabajo.cl\/portal\/wp-json\/wp\/v2\/categories?post=64080"},{"taxonomy":"post_tag","embeddable":true,"href":"https:\/\/eltrabajo.cl\/portal\/wp-json\/wp\/v2\/tags?post=64080"}],"curies":[{"name":"wp","href":"https:\/\/api.w.org\/{rel}","templated":true}]}}