{"id":64083,"date":"2015-11-20T09:26:35","date_gmt":"2015-11-20T12:26:35","guid":{"rendered":"http:\/\/www.eltrabajo.cl\/portal\/?p=64083"},"modified":"2015-11-20T09:26:35","modified_gmt":"2015-11-20T12:26:35","slug":"uac-vivio-destad-y-auditoria","status":"publish","type":"post","link":"https:\/\/eltrabajo.cl\/portal\/uac-vivio-destad-y-auditoria\/","title":{"rendered":"UAC vivi\u00f3 destacado seminario de Administraci\u00f3n, Contabilidad y Auditor\u00eda"},"content":{"rendered":"<figure id=\"attachment_64084\" aria-describedby=\"caption-attachment-64084\" style=\"width: 300px\" class=\"wp-caption alignleft\"><a href=\"https:\/\/i0.wp.com\/www.eltrabajo.cl\/portal\/wp-content\/uploads\/2015\/11\/PUBLICO-CHARLA-UAC.jpg\"><img data-recalc-dims=\"1\" loading=\"lazy\" decoding=\"async\" class=\"wp-image-64084 size-medium\" src=\"https:\/\/i0.wp.com\/www.eltrabajo.cl\/portal\/wp-content\/uploads\/2015\/11\/PUBLICO-CHARLA-UAC-300x197.jpg?resize=300%2C197\" alt=\"En la oportunidad el destacado docente respondi\u00f3 algunas inquietudes que manifestaron los estudiantes.\" width=\"300\" height=\"197\" srcset=\"https:\/\/i0.wp.com\/eltrabajo.cl\/portal\/wp-content\/uploads\/2015\/11\/PUBLICO-CHARLA-UAC.jpg?resize=300%2C197&amp;ssl=1 300w, https:\/\/i0.wp.com\/eltrabajo.cl\/portal\/wp-content\/uploads\/2015\/11\/PUBLICO-CHARLA-UAC.jpg?resize=200%2C131&amp;ssl=1 200w, https:\/\/i0.wp.com\/eltrabajo.cl\/portal\/wp-content\/uploads\/2015\/11\/PUBLICO-CHARLA-UAC.jpg?resize=228%2C150&amp;ssl=1 228w, https:\/\/i0.wp.com\/eltrabajo.cl\/portal\/wp-content\/uploads\/2015\/11\/PUBLICO-CHARLA-UAC.jpg?resize=400%2C263&amp;ssl=1 400w, https:\/\/i0.wp.com\/eltrabajo.cl\/portal\/wp-content\/uploads\/2015\/11\/PUBLICO-CHARLA-UAC.jpg?w=530&amp;ssl=1 530w\" sizes=\"auto, (max-width: 300px) 100vw, 300px\" \/><\/a><figcaption id=\"caption-attachment-64084\" class=\"wp-caption-text\">En la oportunidad el destacado docente respondi\u00f3 algunas inquietudes que manifestaron los estudiantes.<\/figcaption><\/figure>\n<ul>\n<li><strong>La eminencia en contabilidad adem\u00e1s de su ponencia, proyect\u00f3 a San Felipe como una potencial zona Universitaria de Postgrado.<\/strong><\/li>\n<\/ul>\n<p>Una visita ilustre en el \u00e1mbito de la Administraci\u00f3n, la Contabilidad y la Auditor\u00eda, tuvieron los cerca de 80 alumnos de esa \u00e1rea profesional de la Universidad de Aconcagua, UAC, quienes presenciaron la conferencia \u2018Aspectos Fundamentales de las IFRS. Importancia para la empresa y para la econom\u00eda del pa\u00eds\u2019 impartida por el destacado Mag\u00edster en Contabilidad, Sergio Mercado Poblete.<br \/>\nEsta c\u00e1tedra, que tuvo lugar en dependencias de la misma Casa de Estudios, fue valorada por la Directora Docente de la UAC, Sede San Felipe quien afirm\u00f3 que \u201ces muy importante porque en la conferencia se explican las nuevas normas que se van aplicar en Chile, que tienen relaci\u00f3n con temas que a los chicos que estudian Ingenieria Comercial en el \u00e1rea de Administraci\u00f3n de Empresas, van a poder actualizar muchos conceptos que est\u00e1n viendo en las clases\u201d, manifest\u00f3.<br \/>\nPor su parte, el propio Sergio Mercado se mostr\u00f3 muy complacido de conocer San Felipe y relat\u00f3 que \u201cme encontr\u00e9 una ciudad con harta construcci\u00f3n, mucho movimiento e infraestructura, que muestra ganas de seguir creciendo, los profesores con mucho \u00e1nimo de seguir creciendo, San Felipe debiera potenciarse como ciudad universitaria, porque tiene todas las condiciones para lograrlo\u201d, enfatiz\u00f3.<br \/>\nAs\u00ed mismo, Mercado resumi\u00f3 parte de la conferencia dictada explicando que \u201csiempre hay inquietudes en los temas tributarios y contables, principalmente nos abocamos en las IFRS. Chile cuando entr\u00f3 a este selecto grupo de pa\u00edses de la OSD, Organizaci\u00f3n para el Desarrollo Econ\u00f3mico, se comprometi\u00f3 a utilizar est\u00e1ndares internacionales, normas de contabilidad denominadas IFRS\u201d, puntualiz\u00f3.<br \/>\nCabe destacar que El \u00e1rea de administraci\u00f3n de la UAC Sede San Felipe, cuenta con alrededor de 140 alumnos y posee una oferta acad\u00e9mica en el \u00e1rea t\u00e9cnica de carreras como: Contabilidad General, T\u00e9cnico en Administraci\u00f3n de Empresas y T\u00e9cnico en Gesti\u00f3n de Recursos Humanos. Mientras que en el \u00e1rea profesional dispone de Ingenier\u00eda Comercial, Auditor\u00eda e Ingenier\u00eda en Control de Gesti\u00f3n ambas en plan regular, jornada diurna y vespertina, y finalmente carreras de continuidad de estudios en jornada vespertina, como son: Ingenier\u00eda Comercial y Auditor\u00eda e Ingenier\u00eda en Control de Gesti\u00f3n.<\/p>\n","protected":false},"excerpt":{"rendered":"<p>La eminencia en contabilidad adem\u00e1s de su ponencia, proyect\u00f3 a San Felipe como una potencial zona Universitaria de Postgrado. Una visita ilustre en el \u00e1mbito de la Administraci\u00f3n, la Contabilidad y la&#8230;<\/p>\n","protected":false},"author":482,"featured_media":64084,"comment_status":"open","ping_status":"open","sticky":false,"template":"","format":"standard","meta":{"advanced_seo_description":"","jetpack_seo_html_title":"","jetpack_seo_noindex":false,"_jetpack_memberships_contains_paid_content":false,"footnotes":""},"categories":[1],"tags":[],"class_list":["post-64083","post","type-post","status-publish","format-standard","has-post-thumbnail","hentry","category-cronica"],"jetpack_featured_media_url":"https:\/\/i0.wp.com\/eltrabajo.cl\/portal\/wp-content\/uploads\/2015\/11\/PUBLICO-CHARLA-UAC.jpg?fit=530%2C348&ssl=1","jetpack_sharing_enabled":true,"jetpack_likes_enabled":true,"jetpack-related-posts":[],"_links":{"self":[{"href":"https:\/\/eltrabajo.cl\/portal\/wp-json\/wp\/v2\/posts\/64083","targetHints":{"allow":["GET"]}}],"collection":[{"href":"https:\/\/eltrabajo.cl\/portal\/wp-json\/wp\/v2\/posts"}],"about":[{"href":"https:\/\/eltrabajo.cl\/portal\/wp-json\/wp\/v2\/types\/post"}],"author":[{"embeddable":true,"href":"https:\/\/eltrabajo.cl\/portal\/wp-json\/wp\/v2\/users\/482"}],"replies":[{"embeddable":true,"href":"https:\/\/eltrabajo.cl\/portal\/wp-json\/wp\/v2\/comments?post=64083"}],"version-history":[{"count":0,"href":"https:\/\/eltrabajo.cl\/portal\/wp-json\/wp\/v2\/posts\/64083\/revisions"}],"wp:featuredmedia":[{"embeddable":true,"href":"https:\/\/eltrabajo.cl\/portal\/wp-json\/wp\/v2\/media\/64084"}],"wp:attachment":[{"href":"https:\/\/eltrabajo.cl\/portal\/wp-json\/wp\/v2\/media?parent=64083"}],"wp:term":[{"taxonomy":"category","embeddable":true,"href":"https:\/\/eltrabajo.cl\/portal\/wp-json\/wp\/v2\/categories?post=64083"},{"taxonomy":"post_tag","embeddable":true,"href":"https:\/\/eltrabajo.cl\/portal\/wp-json\/wp\/v2\/tags?post=64083"}],"curies":[{"name":"wp","href":"https:\/\/api.w.org\/{rel}","templated":true}]}}