{"id":64086,"date":"2015-11-20T09:28:09","date_gmt":"2015-11-20T12:28:09","guid":{"rendered":"http:\/\/www.eltrabajo.cl\/portal\/?p=64086"},"modified":"2015-11-20T09:28:09","modified_gmt":"2015-11-20T12:28:09","slug":"invitan-a-mujera-las-mujeres","status":"publish","type":"post","link":"https:\/\/eltrabajo.cl\/portal\/invitan-a-mujera-las-mujeres\/","title":{"rendered":"Invitan a mujeres panquehuinas a obra de teatro conmemorando la No Violencia Contra las Mujeres"},"content":{"rendered":"<figure id=\"attachment_64087\" aria-describedby=\"caption-attachment-64087\" style=\"width: 300px\" class=\"wp-caption alignleft\"><a href=\"https:\/\/i0.wp.com\/www.eltrabajo.cl\/portal\/wp-content\/uploads\/2015\/11\/Teatro-Panquehue.jpg\"><img data-recalc-dims=\"1\" loading=\"lazy\" decoding=\"async\" class=\"wp-image-64087 size-medium\" src=\"https:\/\/i0.wp.com\/www.eltrabajo.cl\/portal\/wp-content\/uploads\/2015\/11\/Teatro-Panquehue-300x198.jpg?resize=300%2C198\" alt=\"Valeria Iturrieta, invita a las mujeres de Panquehue y de Aconcagua, a ser parte de esta puesta en escena que busca crear conciencia sobre los maltratos.\" width=\"300\" height=\"198\" srcset=\"https:\/\/i0.wp.com\/eltrabajo.cl\/portal\/wp-content\/uploads\/2015\/11\/Teatro-Panquehue.jpg?resize=300%2C198&amp;ssl=1 300w, https:\/\/i0.wp.com\/eltrabajo.cl\/portal\/wp-content\/uploads\/2015\/11\/Teatro-Panquehue.jpg?resize=200%2C132&amp;ssl=1 200w, https:\/\/i0.wp.com\/eltrabajo.cl\/portal\/wp-content\/uploads\/2015\/11\/Teatro-Panquehue.jpg?resize=227%2C150&amp;ssl=1 227w, https:\/\/i0.wp.com\/eltrabajo.cl\/portal\/wp-content\/uploads\/2015\/11\/Teatro-Panquehue.jpg?resize=400%2C264&amp;ssl=1 400w, https:\/\/i0.wp.com\/eltrabajo.cl\/portal\/wp-content\/uploads\/2015\/11\/Teatro-Panquehue.jpg?w=530&amp;ssl=1 530w\" sizes=\"auto, (max-width: 300px) 100vw, 300px\" \/><\/a><figcaption id=\"caption-attachment-64087\" class=\"wp-caption-text\">Valeria Iturrieta, invita a las mujeres de Panquehue y de Aconcagua, a ser parte de esta puesta en escena que busca crear conciencia sobre los maltratos.<\/figcaption><\/figure>\n<ul>\n<li><strong>La actividad que est\u00e1 programada para el d\u00eda 26 de noviembre, se realizar\u00e1 en el teatro municipal de San Felipe.<\/strong><\/li>\n<\/ul>\n<p><strong>PANQUEHUE<\/strong>.- Una invitaci\u00f3n a las mujeres de la comuna, a participar de la presentaci\u00f3n de una obra de teatro, en conmemoraci\u00f3n del D\u00eda de la No Violencia Contra las Mujeres, realiz\u00f3 la Oficina provincial del Sernam.<br \/>\nValeria Iturrieta, coordinadora provincial del programa, explic\u00f3 que la idea es sumar a todas las mujeres del Valle de Aconcagua, no con el fin de celebrar sino por el contrario, meditar sobre una fecha que busca hacer conciencia sobre los maltratos.<br \/>\nAgreg\u00f3, que en esta oportunidad se har\u00e1 la presentaci\u00f3n de la obra de teatro llamada \u2018Viaje\u2019, a las 19:00 horas y corresponde a una pieza teatral de prevenci\u00f3n de la violencia contra la mujer, a cargo de la compa\u00f1\u00eda Armon\u00eda, formada por un grupo de mujeres que han sido v\u00edctima de violencia y dirigida por Lizet Alvarado Torres.<br \/>\nSe trata de siete mujeres, sin formaci\u00f3n profesional en la actuaci\u00f3n, y sus experiencias diversas, han dado un importante paso, enfrentando la situaci\u00f3n de violencia que viv\u00edan en sus hogares. Ellas, gracias al trabajo propio, a las terapias con profesionales id\u00f3neos en Codeinfa y el taller de teatro, han podido salir del c\u00edrculo de la violencia y tomar otro camino para sus relaciones afectivas, familiares y sociales, y en este camino comienza la creaci\u00f3n de esta obra de teatro que relata ese \u2018viaje\u2019, e invita a otras mujeres a esta misma aventura. La creaci\u00f3n de esta obra es como un manifiesto del proceso de cada una.<br \/>\n\u201cQue se convirtieran en actrices, que le dieran la vuelta a sus miedos al punto de subirse a un escenario y ser capaces, a trav\u00e9s de la iron\u00eda y el humor negro que utilizamos en esta creaci\u00f3n, de contarnos que si se puede salir y ser feliz como todas nos merecemos, es una gran victoria\u201d, agreg\u00f3 Valeria Iturrieta.<br \/>\nLa personera aprovech\u00f3 la instancia para reiterar la invitaci\u00f3n a las mujeres de la comuna de Panquehue, puesto que la entrada a la obra de teatro es gratuita y abierta a todo p\u00fablico.<\/p>\n","protected":false},"excerpt":{"rendered":"<p>La actividad que est\u00e1 programada para el d\u00eda 26 de noviembre, se realizar\u00e1 en el teatro municipal de San Felipe. PANQUEHUE.- Una invitaci\u00f3n a las mujeres de la comuna, a participar de&#8230;<\/p>\n","protected":false},"author":482,"featured_media":64087,"comment_status":"open","ping_status":"open","sticky":false,"template":"","format":"standard","meta":{"advanced_seo_description":"","jetpack_seo_html_title":"","jetpack_seo_noindex":false,"_jetpack_memberships_contains_paid_content":false,"footnotes":""},"categories":[15],"tags":[],"class_list":["post-64086","post","type-post","status-publish","format-standard","has-post-thumbnail","hentry","category-comunidad"],"jetpack_featured_media_url":"https:\/\/i0.wp.com\/eltrabajo.cl\/portal\/wp-content\/uploads\/2015\/11\/Teatro-Panquehue.jpg?fit=530%2C350&ssl=1","jetpack_sharing_enabled":true,"jetpack_likes_enabled":true,"jetpack-related-posts":[],"_links":{"self":[{"href":"https:\/\/eltrabajo.cl\/portal\/wp-json\/wp\/v2\/posts\/64086","targetHints":{"allow":["GET"]}}],"collection":[{"href":"https:\/\/eltrabajo.cl\/portal\/wp-json\/wp\/v2\/posts"}],"about":[{"href":"https:\/\/eltrabajo.cl\/portal\/wp-json\/wp\/v2\/types\/post"}],"author":[{"embeddable":true,"href":"https:\/\/eltrabajo.cl\/portal\/wp-json\/wp\/v2\/users\/482"}],"replies":[{"embeddable":true,"href":"https:\/\/eltrabajo.cl\/portal\/wp-json\/wp\/v2\/comments?post=64086"}],"version-history":[{"count":0,"href":"https:\/\/eltrabajo.cl\/portal\/wp-json\/wp\/v2\/posts\/64086\/revisions"}],"wp:featuredmedia":[{"embeddable":true,"href":"https:\/\/eltrabajo.cl\/portal\/wp-json\/wp\/v2\/media\/64087"}],"wp:attachment":[{"href":"https:\/\/eltrabajo.cl\/portal\/wp-json\/wp\/v2\/media?parent=64086"}],"wp:term":[{"taxonomy":"category","embeddable":true,"href":"https:\/\/eltrabajo.cl\/portal\/wp-json\/wp\/v2\/categories?post=64086"},{"taxonomy":"post_tag","embeddable":true,"href":"https:\/\/eltrabajo.cl\/portal\/wp-json\/wp\/v2\/tags?post=64086"}],"curies":[{"name":"wp","href":"https:\/\/api.w.org\/{rel}","templated":true}]}}