{"id":64089,"date":"2015-11-20T09:29:44","date_gmt":"2015-11-20T12:29:44","guid":{"rendered":"http:\/\/www.eltrabajo.cl\/portal\/?p=64089"},"modified":"2015-11-20T09:29:44","modified_gmt":"2015-11-20T12:29:44","slug":"este-sabado-seen-calle-larga","status":"publish","type":"post","link":"https:\/\/eltrabajo.cl\/portal\/este-sabado-seen-calle-larga\/","title":{"rendered":"Este s\u00e1bado se realizar\u00e1 Primera Fiesta Costumbrista y Feria Campesina en Calle Larga"},"content":{"rendered":"<figure id=\"attachment_64090\" aria-describedby=\"caption-attachment-64090\" style=\"width: 300px\" class=\"wp-caption alignleft\"><a href=\"https:\/\/i0.wp.com\/www.eltrabajo.cl\/portal\/wp-content\/uploads\/2015\/11\/Ordena-Cabra.jpg\"><img data-recalc-dims=\"1\" loading=\"lazy\" decoding=\"async\" class=\"wp-image-64090 size-medium\" src=\"https:\/\/i0.wp.com\/www.eltrabajo.cl\/portal\/wp-content\/uploads\/2015\/11\/Ordena-Cabra-300x197.jpg?resize=300%2C197\" alt=\"Dentro de las actividades del evento est\u00e1 herraje de caballos, orde\u00f1a de vacas y cabras. (Foto referencial).\" width=\"300\" height=\"197\" srcset=\"https:\/\/i0.wp.com\/eltrabajo.cl\/portal\/wp-content\/uploads\/2015\/11\/Ordena-Cabra.jpg?resize=300%2C197&amp;ssl=1 300w, https:\/\/i0.wp.com\/eltrabajo.cl\/portal\/wp-content\/uploads\/2015\/11\/Ordena-Cabra.jpg?resize=200%2C131&amp;ssl=1 200w, https:\/\/i0.wp.com\/eltrabajo.cl\/portal\/wp-content\/uploads\/2015\/11\/Ordena-Cabra.jpg?resize=228%2C150&amp;ssl=1 228w, https:\/\/i0.wp.com\/eltrabajo.cl\/portal\/wp-content\/uploads\/2015\/11\/Ordena-Cabra.jpg?resize=400%2C263&amp;ssl=1 400w, https:\/\/i0.wp.com\/eltrabajo.cl\/portal\/wp-content\/uploads\/2015\/11\/Ordena-Cabra.jpg?w=530&amp;ssl=1 530w\" sizes=\"auto, (max-width: 300px) 100vw, 300px\" \/><\/a><figcaption id=\"caption-attachment-64090\" class=\"wp-caption-text\">Dentro de las actividades del evento est\u00e1 herraje de caballos, orde\u00f1a de vacas y cabras. (Foto referencial).<\/figcaption><\/figure>\n<ul>\n<li><strong>Iniciativa es organizada por la Agrupaci\u00f3n Esperanza y Tierra Campesina y cuenta con el apoyo del municipio.<\/strong><\/li>\n<\/ul>\n<p><strong>CALLE LARGA<\/strong>.- Dar a conocer a la comunidad las actividades que d\u00eda a d\u00eda se desarrollan en el campo, es el objetivo de la Primera Fiesta Costumbrista y Feria Campesina que se realizar\u00e1 el s\u00e1bado 21 de noviembre, a partir de las 9:00 horas, en dependencias de la Escuela de Rodeo Ram\u00f3n de los Llanos, ubicada en el sector de Caldera Vieja, San Vicente, Calle Larga.<br \/>\nOrganizada por la Agrupaci\u00f3n Esperanza y Tierra Campesina, con el apoyo de la Municipalidad de Calle Larga, Servicio Pa\u00eds, Indap, Prodesal, Stihl y VT. Ltda., quienes asistan a esta actividad podr\u00e1n disfrutar de la preparaci\u00f3n de platos t\u00edpicos, actividades rurales tales como orde\u00f1a de vacas y cabras, herraje de caballos, entre otras actividades.<br \/>\n\u201cEs primera vez que como agrupaci\u00f3n vamos a hacer esta actividad. Estamos bien organizados para ofrecer a quienes asistan a esta fiesta costumbrista, un evento entretenido y que est\u00e1 orientado a toda la familia. Invitamos a los vecinos de Calle Larga y a los de otras comunas a que participen y conozcan de forma directa las tradiciones de nuestro campo\u201d, sostuvo Silvia Mart\u00ednez Vargas, tesorera de la Agrupaci\u00f3n Esperanza y Tierra Campesina.<br \/>\nPor su parte Felipe Urbina, Jefe T\u00e9cnico del Prodesal de Calle Larga, explic\u00f3 la importancia de esta primera fiesta costumbrista y feria campesina.<br \/>\n\u201cLos miembros de la Agrupaci\u00f3n Esperanza y Tierra Campesina, son todos usuarios de Prodesal. Con el objetivo de hacer una actividad que les permitiera reunir fondos, ellos decidieron hacer este evento que les permita no s\u00f3lo mostrar las actividades que de forma cotidiana se realizan en el campo, sino que tambi\u00e9n preservar las tradiciones, rescatando antiguas actividades que a\u00f1os antes se hac\u00edan. De esta forma rescatamos y a la vez damos a conocer este tipo de actividades a los ni\u00f1os y a las familias de forma directa y no a trav\u00e9s solamente de la televisi\u00f3n\u201d, agreg\u00f3 Felipe Urbina.<\/p>\n","protected":false},"excerpt":{"rendered":"<p>Iniciativa es organizada por la Agrupaci\u00f3n Esperanza y Tierra Campesina y cuenta con el apoyo del municipio. CALLE LARGA.- Dar a conocer a la comunidad las actividades que d\u00eda a d\u00eda se&#8230;<\/p>\n","protected":false},"author":482,"featured_media":64090,"comment_status":"open","ping_status":"open","sticky":false,"template":"","format":"standard","meta":{"advanced_seo_description":"","jetpack_seo_html_title":"","jetpack_seo_noindex":false,"_jetpack_memberships_contains_paid_content":false,"footnotes":""},"categories":[15],"tags":[],"class_list":["post-64089","post","type-post","status-publish","format-standard","has-post-thumbnail","hentry","category-comunidad"],"jetpack_featured_media_url":"https:\/\/i0.wp.com\/eltrabajo.cl\/portal\/wp-content\/uploads\/2015\/11\/Ordena-Cabra.jpg?fit=530%2C348&ssl=1","jetpack_sharing_enabled":true,"jetpack_likes_enabled":true,"jetpack-related-posts":[],"_links":{"self":[{"href":"https:\/\/eltrabajo.cl\/portal\/wp-json\/wp\/v2\/posts\/64089","targetHints":{"allow":["GET"]}}],"collection":[{"href":"https:\/\/eltrabajo.cl\/portal\/wp-json\/wp\/v2\/posts"}],"about":[{"href":"https:\/\/eltrabajo.cl\/portal\/wp-json\/wp\/v2\/types\/post"}],"author":[{"embeddable":true,"href":"https:\/\/eltrabajo.cl\/portal\/wp-json\/wp\/v2\/users\/482"}],"replies":[{"embeddable":true,"href":"https:\/\/eltrabajo.cl\/portal\/wp-json\/wp\/v2\/comments?post=64089"}],"version-history":[{"count":0,"href":"https:\/\/eltrabajo.cl\/portal\/wp-json\/wp\/v2\/posts\/64089\/revisions"}],"wp:featuredmedia":[{"embeddable":true,"href":"https:\/\/eltrabajo.cl\/portal\/wp-json\/wp\/v2\/media\/64090"}],"wp:attachment":[{"href":"https:\/\/eltrabajo.cl\/portal\/wp-json\/wp\/v2\/media?parent=64089"}],"wp:term":[{"taxonomy":"category","embeddable":true,"href":"https:\/\/eltrabajo.cl\/portal\/wp-json\/wp\/v2\/categories?post=64089"},{"taxonomy":"post_tag","embeddable":true,"href":"https:\/\/eltrabajo.cl\/portal\/wp-json\/wp\/v2\/tags?post=64089"}],"curies":[{"name":"wp","href":"https:\/\/api.w.org\/{rel}","templated":true}]}}