{"id":64092,"date":"2015-11-20T09:31:30","date_gmt":"2015-11-20T12:31:30","guid":{"rendered":"http:\/\/www.eltrabajo.cl\/portal\/?p=64092"},"modified":"2015-11-20T09:31:30","modified_gmt":"2015-11-20T12:31:30","slug":"invitan-a-la-cs-en-los-andes","status":"publish","type":"post","link":"https:\/\/eltrabajo.cl\/portal\/invitan-a-la-cs-en-los-andes\/","title":{"rendered":"Invitan a la comunidad a participar de la jornada \u2018Escuelas Abiertas\u2019 en Los Andes"},"content":{"rendered":"<figure id=\"attachment_64093\" aria-describedby=\"caption-attachment-64093\" style=\"width: 300px\" class=\"wp-caption alignleft\"><a href=\"https:\/\/i0.wp.com\/www.eltrabajo.cl\/portal\/wp-content\/uploads\/2015\/11\/alumnos-america.jpg\"><img data-recalc-dims=\"1\" loading=\"lazy\" decoding=\"async\" class=\"wp-image-64093 size-medium\" src=\"https:\/\/i0.wp.com\/www.eltrabajo.cl\/portal\/wp-content\/uploads\/2015\/11\/alumnos-america-300x198.jpg?resize=300%2C198\" alt=\"Este s\u00e1bado, de 10 a 14 horas, Escuelas y Liceos estar\u00e1n abiertos a la comunidad.\" width=\"300\" height=\"198\" srcset=\"https:\/\/i0.wp.com\/eltrabajo.cl\/portal\/wp-content\/uploads\/2015\/11\/alumnos-america.jpg?resize=300%2C198&amp;ssl=1 300w, https:\/\/i0.wp.com\/eltrabajo.cl\/portal\/wp-content\/uploads\/2015\/11\/alumnos-america.jpg?resize=200%2C132&amp;ssl=1 200w, https:\/\/i0.wp.com\/eltrabajo.cl\/portal\/wp-content\/uploads\/2015\/11\/alumnos-america.jpg?resize=228%2C150&amp;ssl=1 228w, https:\/\/i0.wp.com\/eltrabajo.cl\/portal\/wp-content\/uploads\/2015\/11\/alumnos-america.jpg?resize=400%2C263&amp;ssl=1 400w, https:\/\/i0.wp.com\/eltrabajo.cl\/portal\/wp-content\/uploads\/2015\/11\/alumnos-america.jpg?w=530&amp;ssl=1 530w\" sizes=\"auto, (max-width: 300px) 100vw, 300px\" \/><\/a><figcaption id=\"caption-attachment-64093\" class=\"wp-caption-text\">Este s\u00e1bado, de 10 a 14 horas, Escuelas y Liceos estar\u00e1n abiertos a la comunidad.<\/figcaption><\/figure>\n<ul>\n<li><strong>Escuelas y Liceos, con sus talleres y programas de integraci\u00f3n, se abrir\u00e1n a las familias para dar a conocer un concepto educativo<\/strong><\/li>\n<\/ul>\n<p><strong>LOS ANDES<\/strong>.- Toda la comunidad aconcag\u00fcina est\u00e1 invitada a participar en la jornada de \u2018Escuelas Abiertas\u2019, que se realizar\u00e1 este s\u00e1bado 21 de noviembre, en todos los establecimientos de la educaci\u00f3n p\u00fablica andina.<br \/>\nEscuelas y liceos &#8211; cient\u00edfico humanistas y t\u00e9cnico profesionales- con sus talleres y programas de integraci\u00f3n, se abrir\u00e1n a las familias para dar a conocer un concepto educativo \u00abque no s\u00f3lo se focaliza en la ense\u00f1anza directa, sino que tambi\u00e9n contempla aspectos del desarrollo del deporte, la cultura, las artes, las ciencias y la tecnolog\u00eda\u00bb, explic\u00f3 el alcalde Mauricio Navarro.<br \/>\nLa oferta acad\u00e9mica de la red municipal andina podr\u00e1 ser conocida por alumnos, padres y apoderados, en el marco del programa \u2018Matric\u00falate con la Educaci\u00f3n P\u00fablica\u2019, del Ministerio de Educaci\u00f3n.<br \/>\n\u00abPorque contamos con una educaci\u00f3n de excelencia, gratuita, con gran infraestructura para el desarrollo y el aprendizaje, los invito a participar activamente de las \u2018Escuelas Abiertas\u2019, para conocer e incorporarse a nuestro sistema\u00bb, inst\u00f3 Navarro.<br \/>\nLos establecimientos de la red Daem estar\u00e1n abiertos este s\u00e1bado, de 10:00 a 14:00 horas. Cada establecimiento realizar\u00e1 pre matr\u00edcula de nuevos alumnos y alumnas, en el contexto del proceso de Admisi\u00f3n 2016.<\/p>\n","protected":false},"excerpt":{"rendered":"<p>Escuelas y Liceos, con sus talleres y programas de integraci\u00f3n, se abrir\u00e1n a las familias para dar a conocer un concepto educativo LOS ANDES.- Toda la comunidad aconcag\u00fcina est\u00e1 invitada a participar&#8230;<\/p>\n","protected":false},"author":482,"featured_media":64093,"comment_status":"open","ping_status":"open","sticky":false,"template":"","format":"standard","meta":{"advanced_seo_description":"","jetpack_seo_html_title":"","jetpack_seo_noindex":false,"_jetpack_memberships_contains_paid_content":false,"footnotes":""},"categories":[15],"tags":[],"class_list":["post-64092","post","type-post","status-publish","format-standard","has-post-thumbnail","hentry","category-comunidad"],"jetpack_featured_media_url":"https:\/\/i0.wp.com\/eltrabajo.cl\/portal\/wp-content\/uploads\/2015\/11\/alumnos-america.jpg?fit=530%2C349&ssl=1","jetpack_sharing_enabled":true,"jetpack_likes_enabled":true,"jetpack-related-posts":[],"_links":{"self":[{"href":"https:\/\/eltrabajo.cl\/portal\/wp-json\/wp\/v2\/posts\/64092","targetHints":{"allow":["GET"]}}],"collection":[{"href":"https:\/\/eltrabajo.cl\/portal\/wp-json\/wp\/v2\/posts"}],"about":[{"href":"https:\/\/eltrabajo.cl\/portal\/wp-json\/wp\/v2\/types\/post"}],"author":[{"embeddable":true,"href":"https:\/\/eltrabajo.cl\/portal\/wp-json\/wp\/v2\/users\/482"}],"replies":[{"embeddable":true,"href":"https:\/\/eltrabajo.cl\/portal\/wp-json\/wp\/v2\/comments?post=64092"}],"version-history":[{"count":0,"href":"https:\/\/eltrabajo.cl\/portal\/wp-json\/wp\/v2\/posts\/64092\/revisions"}],"wp:featuredmedia":[{"embeddable":true,"href":"https:\/\/eltrabajo.cl\/portal\/wp-json\/wp\/v2\/media\/64093"}],"wp:attachment":[{"href":"https:\/\/eltrabajo.cl\/portal\/wp-json\/wp\/v2\/media?parent=64092"}],"wp:term":[{"taxonomy":"category","embeddable":true,"href":"https:\/\/eltrabajo.cl\/portal\/wp-json\/wp\/v2\/categories?post=64092"},{"taxonomy":"post_tag","embeddable":true,"href":"https:\/\/eltrabajo.cl\/portal\/wp-json\/wp\/v2\/tags?post=64092"}],"curies":[{"name":"wp","href":"https:\/\/api.w.org\/{rel}","templated":true}]}}