{"id":64099,"date":"2015-11-20T09:37:56","date_gmt":"2015-11-20T12:37:56","guid":{"rendered":"http:\/\/www.eltrabajo.cl\/portal\/?p=64099"},"modified":"2015-11-20T09:37:56","modified_gmt":"2015-11-20T12:37:56","slug":"capacitan-en-csanta-filomena","status":"publish","type":"post","link":"https:\/\/eltrabajo.cl\/portal\/capacitan-en-csanta-filomena\/","title":{"rendered":"Capacitan en cuidado del agua a Cooperativa de Agua Potable de Santa Filomena"},"content":{"rendered":"<figure id=\"attachment_64100\" aria-describedby=\"caption-attachment-64100\" style=\"width: 300px\" class=\"wp-caption alignleft\"><a href=\"https:\/\/i0.wp.com\/www.eltrabajo.cl\/portal\/wp-content\/uploads\/2015\/11\/gotita.jpg\"><img data-recalc-dims=\"1\" loading=\"lazy\" decoding=\"async\" class=\"wp-image-64100 size-medium\" src=\"https:\/\/i0.wp.com\/www.eltrabajo.cl\/portal\/wp-content\/uploads\/2015\/11\/gotita-300x198.jpg?resize=300%2C198\" alt=\"En el marco de las capacitaciones, DOH y Esval llevaron a la gotita a visitar colegios y jardines infantiles sujetos a la distribuci\u00f3n de agua potable por la cooperativa.\" width=\"300\" height=\"198\" srcset=\"https:\/\/i0.wp.com\/eltrabajo.cl\/portal\/wp-content\/uploads\/2015\/11\/gotita.jpg?resize=300%2C198&amp;ssl=1 300w, https:\/\/i0.wp.com\/eltrabajo.cl\/portal\/wp-content\/uploads\/2015\/11\/gotita.jpg?resize=200%2C132&amp;ssl=1 200w, https:\/\/i0.wp.com\/eltrabajo.cl\/portal\/wp-content\/uploads\/2015\/11\/gotita.jpg?resize=228%2C150&amp;ssl=1 228w, https:\/\/i0.wp.com\/eltrabajo.cl\/portal\/wp-content\/uploads\/2015\/11\/gotita.jpg?resize=400%2C263&amp;ssl=1 400w, https:\/\/i0.wp.com\/eltrabajo.cl\/portal\/wp-content\/uploads\/2015\/11\/gotita.jpg?w=530&amp;ssl=1 530w\" sizes=\"auto, (max-width: 300px) 100vw, 300px\" \/><\/a><figcaption id=\"caption-attachment-64100\" class=\"wp-caption-text\">En el marco de las capacitaciones, DOH y Esval llevaron a la gotita a visitar colegios y jardines infantiles sujetos a la distribuci\u00f3n de agua potable por la cooperativa.<\/figcaption><\/figure>\n<p><strong>SANTA MAR\u00cdA.<\/strong>&#8211; La cooperativa de Agua Potable de Santa Filomena en Jahuel, est\u00e1 en plena campa\u00f1a de capacitaci\u00f3n. Directiva y socios est\u00e1n recibiendo capacitaci\u00f3n del uso racional y equilibrado del recurso h\u00eddrico, haciendo hincapi\u00e9 en comprender que si bien en este a\u00f1o el recurso est\u00e1 garantizado, el futuro puede a\u00fan ser incierto y debemos seguir prepar\u00e1ndonos para futuras sequ\u00edas.<br \/>\nEn este sentido y con intenciones de que el adoctrinamiento lo reciban desde muy peque\u00f1os, en colaboraci\u00f3n con la DOH y el equipo t\u00e9cnico de Esval, trajeron a la gotita a visitar colegios y jardines infantiles sujetos a la distribuci\u00f3n de agua potable por la cooperativa.<br \/>\nManuel Reyes, presidente de la entidad se manifest\u00f3 satisfecho con la actividad: \u201cCon mucho gusto hemos tra\u00eddo a la Gotita de Esval para que nos ayude a concientizar, porque el futuro de este pa\u00eds son los ni\u00f1os y el agua va a ser un tema mucho m\u00e1s importante para ellos en el futuro\u201d.<br \/>\nEs as\u00ed que dos \u2018Gotitas\u2019 se presentaron en la escuela de Santa Filomena y la Higuera y con un entretenido show did\u00e1ctico entregaron conocimientos del uso racional y el cuidado que debemos tener con el recurso.<br \/>\nMarisol Ponce, miembro de la Directiva de la cooperativa y concejal de la comuna dijo que el agua ha sido un problema estos \u00faltimos a\u00f1os y probablemente seguir\u00e1 siendo debido al aumento del consumo. \u201cQueremos inculcar en los ni\u00f1os el cuidado del agua, porque a pesar de un buen a\u00f1o de lluvias, sabemos que eso no resuelve un problema existente. Los ni\u00f1os est\u00e1n contentos y se divirtieron mucho y nosotros como cooperativa sentimos que estamos mandando un mensaje directo al hogar de los usuarios a trav\u00e9s de sus ni\u00f1os. Hay que cuidar el agua y hay que usarla racionalmente porque ya vimos que puede ser un recurso dif\u00edcil de renovar.\u201d<br \/>\nPor su parte el gerente de la Cooperativa de Agua Potable de Santa Filomena, Ariel Gonz\u00e1lez manifest\u00f3 el gran crecimiento que ha tenido la cooperativa debido a un buen manejo de los recursos e inversiones que han mejorado la distribuci\u00f3n y acopio del recurso h\u00eddrico: \u201cHemos crecido bastante como cooperativa y por eso seguimos en planes de prevenci\u00f3n ante la posible escasez del recurso a futuro, si bien este a\u00f1o abunda, sabemos que el ciclo puede tornarse adverso.<br \/>\nHemos crecido y estamos construyendo el edificio corporativo nuevo con una inversi\u00f3n sobre los 70 millones de pesos donde se van a incorporar las nuevas oficinas, salones de reuni\u00f3n, hemos abierto una sucursal en la Higuera para facilitar el pago y acceso a esos usuarios. Estamos en v\u00edas de incorporar el medio de pago digital y adem\u00e1s constantemente estamos mejorando y planeando mejoras en nuestros equipos que actualmente son de \u00faltima generaci\u00f3n y de muy buena calidad\u201d.<br \/>\n<strong>Roberto Mercado Aced<\/strong><\/p>\n","protected":false},"excerpt":{"rendered":"<p>SANTA MAR\u00cdA.&#8211; La cooperativa de Agua Potable de Santa Filomena en Jahuel, est\u00e1 en plena campa\u00f1a de capacitaci\u00f3n. Directiva y socios est\u00e1n recibiendo capacitaci\u00f3n del uso racional y equilibrado del recurso h\u00eddrico,&#8230;<\/p>\n","protected":false},"author":482,"featured_media":64100,"comment_status":"open","ping_status":"open","sticky":false,"template":"","format":"standard","meta":{"advanced_seo_description":"","jetpack_seo_html_title":"","jetpack_seo_noindex":false,"_jetpack_memberships_contains_paid_content":false,"footnotes":""},"categories":[1],"tags":[],"class_list":["post-64099","post","type-post","status-publish","format-standard","has-post-thumbnail","hentry","category-cronica"],"jetpack_featured_media_url":"https:\/\/i0.wp.com\/eltrabajo.cl\/portal\/wp-content\/uploads\/2015\/11\/gotita.jpg?fit=530%2C349&ssl=1","jetpack_sharing_enabled":true,"jetpack_likes_enabled":true,"jetpack-related-posts":[],"_links":{"self":[{"href":"https:\/\/eltrabajo.cl\/portal\/wp-json\/wp\/v2\/posts\/64099","targetHints":{"allow":["GET"]}}],"collection":[{"href":"https:\/\/eltrabajo.cl\/portal\/wp-json\/wp\/v2\/posts"}],"about":[{"href":"https:\/\/eltrabajo.cl\/portal\/wp-json\/wp\/v2\/types\/post"}],"author":[{"embeddable":true,"href":"https:\/\/eltrabajo.cl\/portal\/wp-json\/wp\/v2\/users\/482"}],"replies":[{"embeddable":true,"href":"https:\/\/eltrabajo.cl\/portal\/wp-json\/wp\/v2\/comments?post=64099"}],"version-history":[{"count":0,"href":"https:\/\/eltrabajo.cl\/portal\/wp-json\/wp\/v2\/posts\/64099\/revisions"}],"wp:featuredmedia":[{"embeddable":true,"href":"https:\/\/eltrabajo.cl\/portal\/wp-json\/wp\/v2\/media\/64100"}],"wp:attachment":[{"href":"https:\/\/eltrabajo.cl\/portal\/wp-json\/wp\/v2\/media?parent=64099"}],"wp:term":[{"taxonomy":"category","embeddable":true,"href":"https:\/\/eltrabajo.cl\/portal\/wp-json\/wp\/v2\/categories?post=64099"},{"taxonomy":"post_tag","embeddable":true,"href":"https:\/\/eltrabajo.cl\/portal\/wp-json\/wp\/v2\/tags?post=64099"}],"curies":[{"name":"wp","href":"https:\/\/api.w.org\/{rel}","templated":true}]}}