{"id":64102,"date":"2015-11-20T09:39:41","date_gmt":"2015-11-20T12:39:41","guid":{"rendered":"http:\/\/www.eltrabajo.cl\/portal\/?p=64102"},"modified":"2015-11-20T09:39:41","modified_gmt":"2015-11-20T12:39:41","slug":"en-diciembre-cs-en-el-centro","status":"publish","type":"post","link":"https:\/\/eltrabajo.cl\/portal\/en-diciembre-cs-en-el-centro\/","title":{"rendered":"En diciembre comenzar\u00e1n multas a due\u00f1os de veh\u00edculos lavados en el centro"},"content":{"rendered":"<figure id=\"attachment_64103\" aria-describedby=\"caption-attachment-64103\" style=\"width: 300px\" class=\"wp-caption alignleft\"><a href=\"https:\/\/i0.wp.com\/www.eltrabajo.cl\/portal\/wp-content\/uploads\/2015\/11\/nota-lavadores-auto.jpg\"><img data-recalc-dims=\"1\" loading=\"lazy\" decoding=\"async\" class=\"wp-image-64103 size-medium\" src=\"https:\/\/i0.wp.com\/www.eltrabajo.cl\/portal\/wp-content\/uploads\/2015\/11\/nota-lavadores-auto-300x199.jpg?resize=300%2C199\" alt=\"La nueva normativa prohibir\u00e1 el lavado de autos en todo el radio urbano de la ciudad, multando tanto al que lava el auto como a quien lo solicita o permite.\" width=\"300\" height=\"199\" srcset=\"https:\/\/i0.wp.com\/eltrabajo.cl\/portal\/wp-content\/uploads\/2015\/11\/nota-lavadores-auto.jpg?resize=300%2C199&amp;ssl=1 300w, https:\/\/i0.wp.com\/eltrabajo.cl\/portal\/wp-content\/uploads\/2015\/11\/nota-lavadores-auto.jpg?resize=200%2C133&amp;ssl=1 200w, https:\/\/i0.wp.com\/eltrabajo.cl\/portal\/wp-content\/uploads\/2015\/11\/nota-lavadores-auto.jpg?resize=226%2C150&amp;ssl=1 226w, https:\/\/i0.wp.com\/eltrabajo.cl\/portal\/wp-content\/uploads\/2015\/11\/nota-lavadores-auto.jpg?resize=400%2C265&amp;ssl=1 400w, https:\/\/i0.wp.com\/eltrabajo.cl\/portal\/wp-content\/uploads\/2015\/11\/nota-lavadores-auto.jpg?w=528&amp;ssl=1 528w\" sizes=\"auto, (max-width: 300px) 100vw, 300px\" \/><\/a><figcaption id=\"caption-attachment-64103\" class=\"wp-caption-text\">La nueva normativa prohibir\u00e1 el lavado de autos en todo el radio urbano de la ciudad, multando tanto al que lava el auto como a quien lo solicita o permite.<\/figcaption><\/figure>\n<ul>\n<li><strong>Concejo aprueba actualizar ordenanza sobre aseo que multa tambi\u00e9n a due\u00f1os de los veh\u00edculos que sean lavados en el centro, quienes ser\u00e1n citados al Juzgado de Polic\u00eda Local.<\/strong><\/li>\n<\/ul>\n<p>Este martes el Concejo Municipal de San Felipe aprob\u00f3 por unanimidad la actualizaci\u00f3n de la ordenanza N\u00b0 9 que regula normas sobre aseo en la comuna, reemplazando el actual contenido del art\u00edculo N\u00b0 15 por un texto que proh\u00edbe el lavado de veh\u00edculos motorizados de cualquier naturaleza en el damero central de la ciudad de San Felipe, particularmente en el centro.<br \/>\nLa presentaci\u00f3n la realiz\u00f3 la direcci\u00f3n jur\u00eddica del municipio, proponiendo por su parte el Concejo extender esta prohibici\u00f3n, que est\u00e1 en la Ley del Tr\u00e1nsito, a todo el radio urbano de la ciudad.<br \/>\nEn este caso no solamente se sancionar\u00e1 a la persona que lava el veh\u00edculo, sino tambi\u00e9n al conductor o propietario que haya consentido el lavado.<br \/>\n\u201cEsto va a ser denunciado al Juzgado de Polic\u00eda Local por Carabineros o por equipos de inspectores municipales, aplic\u00e1ndose multas que van de 1 a 5 UTM., la idea es tener un instrumento jur\u00eddico que sea eficiente y en los tiempos actuales para intervenir este tema que provoca profundas molestias en la ciudadan\u00eda y a las autoridades\u201d, se\u00f1al\u00f3 Jorge Jara, director jur\u00eddico del municipio.<br \/>\nLuego de la aprobaci\u00f3n del concejo, se promulg\u00f3 el decreto que aprob\u00f3 el certificado de acuerdo del municipio, y ahora la informaci\u00f3n ser\u00e1 publicada en la p\u00e1gina web de la municipalidad. Durante los pr\u00f3ximos d\u00edas en tanto se entregar\u00e1 una cartilla informativa a los vecinos y as\u00ed no sean sorprendidos por lavar su veh\u00edculo, mientras que durante la primera quincena del mes de diciembre se comenzar\u00e1n a aplicar las multas e infracciones y los responsables ser\u00e1n citados al Juzgado de Polic\u00eda Local.<br \/>\n\u201cLas multas van a ir de 1 a 5 UTM., el Magistrado en funci\u00f3n de los antecedentes que se aporten debe evaluar la gravedad de la falta y aplicar el rango respectivo y eso probablemente va a tener que ver con la reincidencia. Si una persona es sorprendida por un lavador de auto con quien no ha consentido que sea lavado, va a tener que acreditar esa circunstancia en el Juzgado de Polic\u00eda Local para salvar del pago de la multa, pero eso va a significar una p\u00e9rdida de tiempo, por eso es importante que la gente tome una actitud severa frente a este tema y pida apoyo a la fuerza policial que va a estar comprometida en la fiscalizaci\u00f3n de esta molestia general que tenemos en la comuna\u201d, dijo Jorge Jara.<br \/>\nEl llamado que hizo el director jur\u00eddico es a los vecinos a no exponerse a la aplicaci\u00f3n de multas por lavar sus veh\u00edculos en el centro de la comuna, ya que la idea de esta normativa es que toda la comunidad contribuya a tener un San Felipe m\u00e1s limpio.<\/p>\n","protected":false},"excerpt":{"rendered":"<p>Concejo aprueba actualizar ordenanza sobre aseo que multa tambi\u00e9n a due\u00f1os de los veh\u00edculos que sean lavados en el centro, quienes ser\u00e1n citados al Juzgado de Polic\u00eda Local. Este martes el Concejo&#8230;<\/p>\n","protected":false},"author":482,"featured_media":64103,"comment_status":"open","ping_status":"open","sticky":false,"template":"","format":"standard","meta":{"advanced_seo_description":"","jetpack_seo_html_title":"","jetpack_seo_noindex":false,"_jetpack_memberships_contains_paid_content":false,"footnotes":""},"categories":[1],"tags":[],"class_list":["post-64102","post","type-post","status-publish","format-standard","has-post-thumbnail","hentry","category-cronica"],"jetpack_featured_media_url":"https:\/\/i0.wp.com\/eltrabajo.cl\/portal\/wp-content\/uploads\/2015\/11\/nota-lavadores-auto.jpg?fit=528%2C350&ssl=1","jetpack_sharing_enabled":true,"jetpack_likes_enabled":true,"jetpack-related-posts":[],"_links":{"self":[{"href":"https:\/\/eltrabajo.cl\/portal\/wp-json\/wp\/v2\/posts\/64102","targetHints":{"allow":["GET"]}}],"collection":[{"href":"https:\/\/eltrabajo.cl\/portal\/wp-json\/wp\/v2\/posts"}],"about":[{"href":"https:\/\/eltrabajo.cl\/portal\/wp-json\/wp\/v2\/types\/post"}],"author":[{"embeddable":true,"href":"https:\/\/eltrabajo.cl\/portal\/wp-json\/wp\/v2\/users\/482"}],"replies":[{"embeddable":true,"href":"https:\/\/eltrabajo.cl\/portal\/wp-json\/wp\/v2\/comments?post=64102"}],"version-history":[{"count":0,"href":"https:\/\/eltrabajo.cl\/portal\/wp-json\/wp\/v2\/posts\/64102\/revisions"}],"wp:featuredmedia":[{"embeddable":true,"href":"https:\/\/eltrabajo.cl\/portal\/wp-json\/wp\/v2\/media\/64103"}],"wp:attachment":[{"href":"https:\/\/eltrabajo.cl\/portal\/wp-json\/wp\/v2\/media?parent=64102"}],"wp:term":[{"taxonomy":"category","embeddable":true,"href":"https:\/\/eltrabajo.cl\/portal\/wp-json\/wp\/v2\/categories?post=64102"},{"taxonomy":"post_tag","embeddable":true,"href":"https:\/\/eltrabajo.cl\/portal\/wp-json\/wp\/v2\/tags?post=64102"}],"curies":[{"name":"wp","href":"https:\/\/api.w.org\/{rel}","templated":true}]}}