{"id":64105,"date":"2015-11-20T09:43:19","date_gmt":"2015-11-20T12:43:19","guid":{"rendered":"http:\/\/www.eltrabajo.cl\/portal\/?p=64105"},"modified":"2015-11-20T09:43:19","modified_gmt":"2015-11-20T12:43:19","slug":"en-una-violentncionarios-pdi","status":"publish","type":"post","link":"https:\/\/eltrabajo.cl\/portal\/en-una-violentncionarios-pdi\/","title":{"rendered":"En una violenta persecuci\u00f3n capturan a 5 delincuentes disfrazados de funcionarios PDI"},"content":{"rendered":"<figure id=\"attachment_64106\" aria-describedby=\"caption-attachment-64106\" style=\"width: 300px\" class=\"wp-caption alignleft\"><a href=\"https:\/\/i0.wp.com\/www.eltrabajo.cl\/portal\/wp-content\/uploads\/2015\/11\/foto-poli-2.jpg\"><img data-recalc-dims=\"1\" loading=\"lazy\" decoding=\"async\" class=\"wp-image-64106 size-medium\" src=\"https:\/\/i0.wp.com\/www.eltrabajo.cl\/portal\/wp-content\/uploads\/2015\/11\/foto-poli-2-300x198.jpg?resize=300%2C198\" alt=\"Efectivos policiales detuvieron a Mar\u00eda Villarroel Zamorano (42) que cuenta con antecedentes por tr\u00e1fico de drogas con condenas de 5 a\u00f1os efectivas de c\u00e1rcel.\" width=\"300\" height=\"198\" srcset=\"https:\/\/i0.wp.com\/eltrabajo.cl\/portal\/wp-content\/uploads\/2015\/11\/foto-poli-2.jpg?resize=300%2C198&amp;ssl=1 300w, https:\/\/i0.wp.com\/eltrabajo.cl\/portal\/wp-content\/uploads\/2015\/11\/foto-poli-2.jpg?resize=200%2C132&amp;ssl=1 200w, https:\/\/i0.wp.com\/eltrabajo.cl\/portal\/wp-content\/uploads\/2015\/11\/foto-poli-2.jpg?resize=227%2C150&amp;ssl=1 227w, https:\/\/i0.wp.com\/eltrabajo.cl\/portal\/wp-content\/uploads\/2015\/11\/foto-poli-2.jpg?resize=400%2C264&amp;ssl=1 400w, https:\/\/i0.wp.com\/eltrabajo.cl\/portal\/wp-content\/uploads\/2015\/11\/foto-poli-2.jpg?w=530&amp;ssl=1 530w\" sizes=\"auto, (max-width: 300px) 100vw, 300px\" \/><\/a><figcaption id=\"caption-attachment-64106\" class=\"wp-caption-text\">Efectivos policiales detuvieron a Mar\u00eda Villarroel Zamorano (42) que cuenta con antecedentes por tr\u00e1fico de drogas con condenas de 5 a\u00f1os efectivas de c\u00e1rcel.<\/figcaption><\/figure>\n<ul>\n<li><strong>Antisociales asaltaron a dos familias en Cabildo y huyeron a Putaendo donde fueron detenidos.<\/strong><\/li>\n<\/ul>\n<p><strong>PUTAENDO.-<\/strong> Un grupo de peligrosos delincuentes con un amplio prontuario policial, que portaban elementos identificatorios de la PDI, cometieron un violento asalto en la comuna de Cabildo y luego huyeron a Putaendo, donde en una espectacular persecuci\u00f3n lograron ser detenidos no sin antes disparar en varias ocasiones en contra del personal policial de la comuna.<br \/>\nLa informaci\u00f3n oficial entregada por el Teniente de Carabineros \u00c1ngelo Acevedo, precisa que a eso de las 22:30 horas de la noche de este mi\u00e9rcoles, en el sector de Los Molinos en la comuna de Cabildo, se encontraba un grupo de amigos compartiendo cuando repentinamente irrumpieron en el predio dos veh\u00edculos desde donde descendieron a lo menos 10 individuos, los cuales portando chalecos antibalas con el logo de la PDI y fuertemente armados, obligaron a los residentes a arrojarse al piso donde fueron maniatados y golpeados brutalmente por parte de los delincuentes que exig\u00edan mediante gritos la entrega de dinero en efectivo.<br \/>\nParalelamente los mismos falsos detectives ingresaron a un segundo domicilio en el mismo lugar donde tambi\u00e9n golpearon a los residentes, incluso amenazaron y amarraron a menores de edad que estaban en el lugar, comenzando a sustraer una gran cantidad de especies entre herramientas, equipos de m\u00fasica, tel\u00e9fonos celulares, computadores, monturas y un sin n\u00famero de otras especies, todo avaluado en m\u00e1s de $3.500.000.<br \/>\nLos sujetos huyeron del lugar y fueron seguidos por algunas de las v\u00edctimas que se percataron que los dos veh\u00edculos se dirig\u00edan a la carretera que comunica hacia Putaendo, dando aviso al nivel 133 cuya llamada coincidentemente fue recibida en el ret\u00e9n de carabineros de Quebrada Herrera, el que dio la alerta, despleg\u00e1ndose un fuerte operativo policial por parte de Carabineros de Putaendo que estrat\u00e9gicamente se ubic\u00f3 en el sector El T\u00e1rtaro y cuando advirtieron la presencia de dos veh\u00edculos que correspond\u00edan a las caracter\u00edsticas entregadas por los testigos, comenzaron a seguirlos mientras que en el puente Putaendo otra unidad policial intent\u00f3 interceptar a los veh\u00edculos.<br \/>\nEn el lugar un veh\u00edculo Mazda color blanco logr\u00f3 eludir el cerco policial mientras que una camioneta Hyundai Santa Fe huy\u00f3 hacia Quebrada Herrera, siendo seguido desde cerca por dos veh\u00edculos policiales, momento en el cual a la altura de La Plazuela uno de los sujetos extrajo un arma de fuego y dispar\u00f3 a lo menos en cinco ocasiones en contra de los veh\u00edculos policiales y afortunadamente ninguno de los impactos dio en los veh\u00edculos de Carabineros.<br \/>\nA esa altura personal de Carabineros de San Felipe manten\u00eda cortado el tr\u00e1nsito en varios puntos de Quebrada Herrera y frente al ret\u00e9n de Carabineros finalmente el veh\u00edculo fue obligado a detenerse, logrando reducir a cinco sujetos, entre ellos una mujer, y recuperar gran cantidad de especies que hab\u00eda al interior del veh\u00edculo, entre los que se encontraban los chalecos antibalas con los logos de la PDI, placas falsas de la PDI, balizas, bastones de seguridad y un sin n\u00famero de otros elementos que los sujetos usaron en el asalto en Cabildo.<br \/>\nEn forma paralela, Carabineros de Los Patos y Guzmanes rastreaba el sector de El Manzano y Las Minillas en busca del segundo veh\u00edculo, y tras otra persecuci\u00f3n el veh\u00edculo Mazda fue detenido en la comuna de Cabildo, logr\u00e1ndose la detenci\u00f3n de a lo menos cuatro sujetos m\u00e1s.<br \/>\nLos detenidos en la comuna de Putaendo fueron identificados como Juan Mu\u00f1oz Rodr\u00edguez de 54 a\u00f1os, con antecedentes por robo con intimidaci\u00f3n y robo con violencia, homicidio calificado y quien ya ha cumplido m\u00e1s de 25 a\u00f1os de c\u00e1rcel efectiva por diversas condenas; Mar\u00eda Villarroel Zamorano, 42 a\u00f1os, con antecedentes por tr\u00e1fico de drogas con condenas de 5 a\u00f1os efectivas de c\u00e1rcel; Mario Cofr\u00e9 Guti\u00e9rrez de 43 a\u00f1os, con antecedentes de hurto, robo con fuerza, robo con intimidaci\u00f3n, porte ilegal de armas y con m\u00e1s de 18 a\u00f1os de condena efectiva en c\u00e1rcel; Pedro Alarc\u00f3n Alarc\u00f3n, 32 a\u00f1os, con antecedentes por robo, robo con violencia reiterado y registra condenas por 15 a\u00f1os efectivas de c\u00e1rcel; Claudio Fabres Chandia, tambi\u00e9n con antecedentes por robo reiterado, robo con violencia y robo con intimidaci\u00f3n con condenas de m\u00e1s de 10 a\u00f1os efectivas de c\u00e1rcel.<br \/>\nEstos peligrosos delincuentes registran domicilio en las comunas de Lo Espejo, San Bernardo y Pe\u00f1alolen de la ciudad de Santiago.<br \/>\nEn horas de la ma\u00f1ana de este jueves y tras un rastreo por el sector donde se realizaron los disparos en Quebrada Herrera, Carabineros logr\u00f3 encontrar dos pistolas, una de ellas con su munici\u00f3n intacta, las que presentar\u00edan encargo por extrav\u00edo o robo y que habr\u00edan sido utilizadas por los delincuentes para disparar a Carabineros de Putaendo.<br \/>\nEn un fuerte operativo policial antes del mediod\u00eda de este jueves, los cinco peligrosos delincuentes fueron trasladados hasta la comuna de La Ligua donde junto a los otros sujetos detenidos en Cabildo ser\u00edan puestos a disposici\u00f3n de los tribunales de justicia por los graves hechos registrados en la comuna de Cabildo y por el ataque con arma de fuego al personal policial de Putaendo.<br \/>\n<strong>Patricio Gallardo M.<\/strong><\/p>\n<div class=\"tiled-gallery type-rectangular tiled-gallery-unresized\" data-original-width=\"640\" data-carousel-extra='null' itemscope itemtype=\"http:\/\/schema.org\/ImageGallery\" > <div class=\"gallery-row\" style=\"width: 640px; height: 211px;\" data-original-width=\"640\" data-original-height=\"211\" > <div class=\"gallery-group images-1\" style=\"width: 320px; height: 211px;\" data-original-width=\"320\" data-original-height=\"211\" > <div class=\"tiled-gallery-item tiled-gallery-item-large\" itemprop=\"associatedMedia\" itemscope itemtype=\"http:\/\/schema.org\/ImageObject\"> <a href=\"https:\/\/eltrabajo.cl\/portal\/en-una-violentncionarios-pdi\/foto-poli-4\/\" border=\"0\" itemprop=\"url\"> <meta itemprop=\"width\" content=\"316\"> <meta itemprop=\"height\" content=\"207\"> <img decoding=\"async\" class=\"\" data-attachment-id=\"64107\" data-orig-file=\"https:\/\/eltrabajo.cl\/portal\/wp-content\/uploads\/2015\/11\/foto-poli-4.jpg\" data-orig-size=\"530,348\" data-comments-opened=\"1\" data-image-meta=\"{&quot;aperture&quot;:&quot;0&quot;,&quot;credit&quot;:&quot;&quot;,&quot;camera&quot;:&quot;&quot;,&quot;caption&quot;:&quot;&quot;,&quot;created_timestamp&quot;:&quot;0&quot;,&quot;copyright&quot;:&quot;[wopmind]&quot;,&quot;focal_length&quot;:&quot;0&quot;,&quot;iso&quot;:&quot;0&quot;,&quot;shutter_speed&quot;:&quot;0&quot;,&quot;title&quot;:&quot;&quot;,&quot;orientation&quot;:&quot;0&quot;}\" data-image-title=\"foto `poli 4\" data-image-description=\"&lt;p&gt;Durante la ma\u00f1ana, Carabineros encontr\u00f3 armas que los delincuentes habr\u00edan usado para sus asaltos. &lt;\/p&gt; \" data-medium-file=\"https:\/\/i0.wp.com\/eltrabajo.cl\/portal\/wp-content\/uploads\/2015\/11\/foto-poli-4.jpg?fit=300%2C197&#038;ssl=1\" data-large-file=\"https:\/\/i0.wp.com\/eltrabajo.cl\/portal\/wp-content\/uploads\/2015\/11\/foto-poli-4.jpg?fit=530%2C348&#038;ssl=1\" src=\"https:\/\/i0.wp.com\/eltrabajo.cl\/portal\/wp-content\/uploads\/2015\/11\/foto-poli-4.jpg?w=316&#038;h=207&#038;ssl=1\" srcset=\"https:\/\/i0.wp.com\/eltrabajo.cl\/portal\/wp-content\/uploads\/2015\/11\/foto-poli-4.jpg?w=530&amp;ssl=1 530w, https:\/\/i0.wp.com\/eltrabajo.cl\/portal\/wp-content\/uploads\/2015\/11\/foto-poli-4.jpg?resize=200%2C131&amp;ssl=1 200w, https:\/\/i0.wp.com\/eltrabajo.cl\/portal\/wp-content\/uploads\/2015\/11\/foto-poli-4.jpg?resize=300%2C197&amp;ssl=1 300w, https:\/\/i0.wp.com\/eltrabajo.cl\/portal\/wp-content\/uploads\/2015\/11\/foto-poli-4.jpg?resize=228%2C150&amp;ssl=1 228w, https:\/\/i0.wp.com\/eltrabajo.cl\/portal\/wp-content\/uploads\/2015\/11\/foto-poli-4.jpg?resize=400%2C263&amp;ssl=1 400w\" width=\"316\" height=\"207\" loading=\"lazy\" data-original-width=\"316\" data-original-height=\"207\" itemprop=\"http:\/\/schema.org\/image\" title=\"foto `poli 4\" alt=\"Durante la ma\u00f1ana, Carabineros encontr\u00f3 armas que los delincuentes habr\u00edan usado para sus asaltos.\" style=\"width: 316px; height: 207px;\" \/> <\/a> <div class=\"tiled-gallery-caption\" itemprop=\"caption description\"> Durante la ma\u00f1ana, Carabineros encontr\u00f3 armas que los delincuentes habr\u00edan usado para sus asaltos. <\/div> <\/div> <\/div> <!-- close group --> <div class=\"gallery-group images-1\" style=\"width: 320px; height: 211px;\" data-original-width=\"320\" data-original-height=\"211\" > <div class=\"tiled-gallery-item tiled-gallery-item-large\" itemprop=\"associatedMedia\" itemscope itemtype=\"http:\/\/schema.org\/ImageObject\"> <a href=\"https:\/\/eltrabajo.cl\/portal\/en-una-violentncionarios-pdi\/poli-8\/\" border=\"0\" itemprop=\"url\"> <meta itemprop=\"width\" content=\"316\"> <meta itemprop=\"height\" content=\"207\"> <img decoding=\"async\" class=\"\" data-attachment-id=\"64108\" data-orig-file=\"https:\/\/eltrabajo.cl\/portal\/wp-content\/uploads\/2015\/11\/poli-8.jpg\" data-orig-size=\"530,348\" data-comments-opened=\"1\" data-image-meta=\"{&quot;aperture&quot;:&quot;0&quot;,&quot;credit&quot;:&quot;&quot;,&quot;camera&quot;:&quot;&quot;,&quot;caption&quot;:&quot;&quot;,&quot;created_timestamp&quot;:&quot;0&quot;,&quot;copyright&quot;:&quot;[wopmind]&quot;,&quot;focal_length&quot;:&quot;0&quot;,&quot;iso&quot;:&quot;0&quot;,&quot;shutter_speed&quot;:&quot;0&quot;,&quot;title&quot;:&quot;&quot;,&quot;orientation&quot;:&quot;0&quot;}\" data-image-title=\"poli 8\" data-image-description=\"&lt;p&gt;Como muestra la foto, los delincuentes portaban elementos identificatorios de la Polic\u00eda de Investigaciones, como esos chalecos antibalas. &lt;\/p&gt; \" data-medium-file=\"https:\/\/i0.wp.com\/eltrabajo.cl\/portal\/wp-content\/uploads\/2015\/11\/poli-8.jpg?fit=300%2C197&#038;ssl=1\" data-large-file=\"https:\/\/i0.wp.com\/eltrabajo.cl\/portal\/wp-content\/uploads\/2015\/11\/poli-8.jpg?fit=530%2C348&#038;ssl=1\" src=\"https:\/\/i0.wp.com\/eltrabajo.cl\/portal\/wp-content\/uploads\/2015\/11\/poli-8.jpg?w=316&#038;h=207&#038;ssl=1\" srcset=\"https:\/\/i0.wp.com\/eltrabajo.cl\/portal\/wp-content\/uploads\/2015\/11\/poli-8.jpg?w=530&amp;ssl=1 530w, https:\/\/i0.wp.com\/eltrabajo.cl\/portal\/wp-content\/uploads\/2015\/11\/poli-8.jpg?resize=200%2C131&amp;ssl=1 200w, https:\/\/i0.wp.com\/eltrabajo.cl\/portal\/wp-content\/uploads\/2015\/11\/poli-8.jpg?resize=300%2C197&amp;ssl=1 300w, https:\/\/i0.wp.com\/eltrabajo.cl\/portal\/wp-content\/uploads\/2015\/11\/poli-8.jpg?resize=228%2C150&amp;ssl=1 228w, https:\/\/i0.wp.com\/eltrabajo.cl\/portal\/wp-content\/uploads\/2015\/11\/poli-8.jpg?resize=400%2C263&amp;ssl=1 400w\" width=\"316\" height=\"207\" loading=\"lazy\" data-original-width=\"316\" data-original-height=\"207\" itemprop=\"http:\/\/schema.org\/image\" title=\"poli 8\" alt=\"Como muestra la foto, los delincuentes portaban elementos identificatorios de la Polic\u00eda de Investigaciones, como esos chalecos antibalas.\" style=\"width: 316px; height: 207px;\" \/> <\/a> <div class=\"tiled-gallery-caption\" itemprop=\"caption description\"> Como muestra la foto, los delincuentes portaban elementos identificatorios de la Polic\u00eda de Investigaciones, como esos chalecos antibalas. <\/div> <\/div> <\/div> <!-- close group --> <\/div> <!-- close row --> <\/div>\n","protected":false},"excerpt":{"rendered":"<p>Antisociales asaltaron a dos familias en Cabildo y huyeron a Putaendo donde fueron detenidos. PUTAENDO.- Un grupo de peligrosos delincuentes con un amplio prontuario policial, que portaban elementos identificatorios de la PDI,&#8230;<\/p>\n","protected":false},"author":482,"featured_media":64106,"comment_status":"open","ping_status":"open","sticky":false,"template":"","format":"standard","meta":{"advanced_seo_description":"","jetpack_seo_html_title":"","jetpack_seo_noindex":false,"_jetpack_memberships_contains_paid_content":false,"footnotes":""},"categories":[21],"tags":[],"class_list":["post-64105","post","type-post","status-publish","format-standard","has-post-thumbnail","hentry","category-policial"],"jetpack_featured_media_url":"https:\/\/i0.wp.com\/eltrabajo.cl\/portal\/wp-content\/uploads\/2015\/11\/foto-poli-2.jpg?fit=530%2C350&ssl=1","jetpack_sharing_enabled":true,"jetpack_likes_enabled":true,"jetpack-related-posts":[],"_links":{"self":[{"href":"https:\/\/eltrabajo.cl\/portal\/wp-json\/wp\/v2\/posts\/64105","targetHints":{"allow":["GET"]}}],"collection":[{"href":"https:\/\/eltrabajo.cl\/portal\/wp-json\/wp\/v2\/posts"}],"about":[{"href":"https:\/\/eltrabajo.cl\/portal\/wp-json\/wp\/v2\/types\/post"}],"author":[{"embeddable":true,"href":"https:\/\/eltrabajo.cl\/portal\/wp-json\/wp\/v2\/users\/482"}],"replies":[{"embeddable":true,"href":"https:\/\/eltrabajo.cl\/portal\/wp-json\/wp\/v2\/comments?post=64105"}],"version-history":[{"count":0,"href":"https:\/\/eltrabajo.cl\/portal\/wp-json\/wp\/v2\/posts\/64105\/revisions"}],"wp:featuredmedia":[{"embeddable":true,"href":"https:\/\/eltrabajo.cl\/portal\/wp-json\/wp\/v2\/media\/64106"}],"wp:attachment":[{"href":"https:\/\/eltrabajo.cl\/portal\/wp-json\/wp\/v2\/media?parent=64105"}],"wp:term":[{"taxonomy":"category","embeddable":true,"href":"https:\/\/eltrabajo.cl\/portal\/wp-json\/wp\/v2\/categories?post=64105"},{"taxonomy":"post_tag","embeddable":true,"href":"https:\/\/eltrabajo.cl\/portal\/wp-json\/wp\/v2\/tags?post=64105"}],"curies":[{"name":"wp","href":"https:\/\/api.w.org\/{rel}","templated":true}]}}