{"id":64110,"date":"2015-11-20T09:47:20","date_gmt":"2015-11-20T12:47:20","guid":{"rendered":"http:\/\/www.eltrabajo.cl\/portal\/?p=64110"},"modified":"2015-11-20T09:47:20","modified_gmt":"2015-11-20T12:47:20","slug":"alerta-roja-anal-y-barrancas","status":"publish","type":"post","link":"https:\/\/eltrabajo.cl\/portal\/alerta-roja-anal-y-barrancas\/","title":{"rendered":"Alerta roja ante descontrolados incendios forestales en El Escorial y Barrancas"},"content":{"rendered":"<figure id=\"attachment_64111\" aria-describedby=\"caption-attachment-64111\" style=\"width: 300px\" class=\"wp-caption alignleft\"><a href=\"https:\/\/i0.wp.com\/www.eltrabajo.cl\/portal\/wp-content\/uploads\/2015\/11\/porta-helicoptero-conaf-%40munipanquehue.jpg\"><img data-recalc-dims=\"1\" loading=\"lazy\" decoding=\"async\" class=\"wp-image-64111 size-medium\" src=\"https:\/\/i0.wp.com\/www.eltrabajo.cl\/portal\/wp-content\/uploads\/2015\/11\/porta-helicoptero-conaf-%40munipanquehue-300x198.jpg?resize=300%2C198\" alt=\"Un helic\u00f3ptero de la Conaf apoy\u00f3 las labores de Bomberos para reducir las llamas. (@munipanquehue).\" width=\"300\" height=\"198\" srcset=\"https:\/\/i0.wp.com\/eltrabajo.cl\/portal\/wp-content\/uploads\/2015\/11\/porta-helicoptero-conaf-%40munipanquehue.jpg?resize=300%2C198&amp;ssl=1 300w, https:\/\/i0.wp.com\/eltrabajo.cl\/portal\/wp-content\/uploads\/2015\/11\/porta-helicoptero-conaf-%40munipanquehue.jpg?resize=200%2C132&amp;ssl=1 200w, https:\/\/i0.wp.com\/eltrabajo.cl\/portal\/wp-content\/uploads\/2015\/11\/porta-helicoptero-conaf-%40munipanquehue.jpg?resize=227%2C150&amp;ssl=1 227w, https:\/\/i0.wp.com\/eltrabajo.cl\/portal\/wp-content\/uploads\/2015\/11\/porta-helicoptero-conaf-%40munipanquehue.jpg?resize=400%2C264&amp;ssl=1 400w, https:\/\/i0.wp.com\/eltrabajo.cl\/portal\/wp-content\/uploads\/2015\/11\/porta-helicoptero-conaf-%40munipanquehue.jpg?w=530&amp;ssl=1 530w\" sizes=\"auto, (max-width: 300px) 100vw, 300px\" \/><\/a><figcaption id=\"caption-attachment-64111\" class=\"wp-caption-text\">Un helic\u00f3ptero de la Conaf apoy\u00f3 las labores de Bomberos para reducir las llamas. (@munipanquehue).<\/figcaption><\/figure>\n<ul>\n<li><strong>Una extensa y exaustiva jornada tuvo el personal de Bomberos y la Conaf en la reducci\u00f3n de dos focos de incendio que se produjeron la tarde de ayer jueves. Informes preliminares de la Onemi no registran personas y viviendas da\u00f1adas ante esta emergencia.<\/strong><\/li>\n<\/ul>\n<p>M\u00e1s de 120 voluntarios de bomberos y personal t\u00e9cnico en helic\u00f3ptero, trabajaron intensamente durante la tarde ayer jueves en el descontrolado incendio de pastizales que comprometi\u00f3 m\u00e1s de siete hect\u00e1reas tras los dos focos de fuego producidos en el sector de El Escorial de Panquehue y Barrancas de San Felipe.<br \/>\nEl intenso viento sumado a matorrales secos, intensificaron las llamas provocando una enorme columna de humo que se visualiz\u00f3 desde todos los puntos de la provincia de San Felipe, debiendo intervenir todas las unidades de bomberos de esta comuna, como tambi\u00e9n voluntarios de Santa Mar\u00eda, Putaendo, Los Andes y Rinconada.<br \/>\nPasadas las 16:00 horas, la Oficina Nacional de Emergencia del Ministerio del Interior, Onemi, declar\u00f3 los sucesos como Alerta Roja debido a que el siniestro crec\u00eda amenazando viviendas aleda\u00f1as, debiendo evacuar a los vecinos con la ayuda de Carabineros y Protecci\u00f3n Civil.<br \/>\nEl Gobernador Provincial de San Felipe, Eduardo Le\u00f3n, destac\u00f3 que desde el primer minuto que se conocieron estos antecedentes, se estableci\u00f3 el COE en el lugar, para realizar la evaluaci\u00f3n de rigor, identificando el origen del fuego. \u201cConaf nos informa que el fuego comenz\u00f3 luego de una quema autorizada que se sali\u00f3 de control y tiene dos frentes: uno en Panquehue, en la ribera sur del R\u00edo Aconcagua que estaba controlado, pero rebrot\u00f3, por lo que esperamos que nuevamente se controle, y otro en el sector de Barrancas, donde se desarrolla un incesante trabajo\u201d.<br \/>\nAsimismo, la autoridad destaca que los R\u00edos Aconcagua y Putaendo han funcionado como barreras naturales, lo que \u201cpermite asegurar que no hay riesgos en lugares poblacionales de San Felipe\u201d.<br \/>\nHasta el cierre de esta nota, el Comandante de Bomberos de San Felipe, Juan Carlos Herrera Lillo entreg\u00f3 un primer informe de la emergencia, reiterando que a eso de las 17:30 horas, el foco de incendio a\u00fan no estaba controlado en el sector de Barrancas.<br \/>\n\u201cSon como diez mil metros cuadrados que en estos momentos se est\u00e1n quemando; no est\u00e1 controlado el incendio todav\u00eda aqu\u00ed en el sector de Barrancas. El incendio est\u00e1 totalmente descontrolado, est\u00e1 trabajando la Conaf, todo el cuerpo de Bomberos de San Felipe, Santa Mar\u00eda, Los Andes, Rinconada, Putaendo apoyando las labores. Este es un incendio producto de una quema mal controlada, en estos momentos est\u00e1n llegando los helic\u00f3pteros de la Conaf para combatir este incendio. Tenemos algunas casas que est\u00e1n complicadas, se quemaron unos veh\u00edculos. En estos momentos se activ\u00f3 de nuevo el fuego en el sector Las Tinajas, tenemos cerca de 120 bomberos trabajando en el lugar\u201d, se\u00f1al\u00f3 el jefe de Bomberos.<br \/>\nSeg\u00fan informaciones de la Oficina Nacional de Emergencias, se desarroll\u00f3 una evaluaci\u00f3n t\u00e9cnica que indica que son siete las hect\u00e1reas afectadas por el fuego, lo que preliminarmente no se han registrado personas lesionadas ni viviendas da\u00f1adas.<br \/>\n<strong>Pablo Salinas Sald\u00edas<\/strong><\/p>\n<div class=\"tiled-gallery type-rectangular tiled-gallery-unresized\" data-original-width=\"640\" data-carousel-extra='null' itemscope itemtype=\"http:\/\/schema.org\/ImageGallery\" > <div class=\"gallery-row\" style=\"width: 640px; height: 212px;\" data-original-width=\"640\" data-original-height=\"212\" > <div class=\"gallery-group images-1\" style=\"width: 321px; height: 212px;\" data-original-width=\"321\" data-original-height=\"212\" > <div class=\"tiled-gallery-item tiled-gallery-item-large\" itemprop=\"associatedMedia\" itemscope itemtype=\"http:\/\/schema.org\/ImageObject\"> <a href=\"https:\/\/eltrabajo.cl\/portal\/alerta-roja-anal-y-barrancas\/incendio-1-8\/\" border=\"0\" itemprop=\"url\"> <meta itemprop=\"width\" content=\"317\"> <meta itemprop=\"height\" content=\"208\"> <img decoding=\"async\" class=\"\" data-attachment-id=\"64112\" data-orig-file=\"https:\/\/eltrabajo.cl\/portal\/wp-content\/uploads\/2015\/11\/INCENDIO-1.jpg\" data-orig-size=\"530,348\" data-comments-opened=\"1\" data-image-meta=\"{&quot;aperture&quot;:&quot;0&quot;,&quot;credit&quot;:&quot;&quot;,&quot;camera&quot;:&quot;&quot;,&quot;caption&quot;:&quot;&quot;,&quot;created_timestamp&quot;:&quot;0&quot;,&quot;copyright&quot;:&quot;&quot;,&quot;focal_length&quot;:&quot;0&quot;,&quot;iso&quot;:&quot;0&quot;,&quot;shutter_speed&quot;:&quot;0&quot;,&quot;title&quot;:&quot;&quot;,&quot;orientation&quot;:&quot;0&quot;}\" data-image-title=\"INCENDIO 1\" data-image-description=\"&lt;p&gt;Las llamas se intensificaron producto del viento durante la tarde de ayer jueves en los sectores de El Escorial y Barrancas (Fotograf\u00edas: @Doming uez_con)&lt;\/p&gt; \" data-medium-file=\"https:\/\/i0.wp.com\/eltrabajo.cl\/portal\/wp-content\/uploads\/2015\/11\/INCENDIO-1.jpg?fit=300%2C197&#038;ssl=1\" data-large-file=\"https:\/\/i0.wp.com\/eltrabajo.cl\/portal\/wp-content\/uploads\/2015\/11\/INCENDIO-1.jpg?fit=530%2C348&#038;ssl=1\" src=\"https:\/\/i0.wp.com\/eltrabajo.cl\/portal\/wp-content\/uploads\/2015\/11\/INCENDIO-1.jpg?w=317&#038;h=208&#038;ssl=1\" srcset=\"https:\/\/i0.wp.com\/eltrabajo.cl\/portal\/wp-content\/uploads\/2015\/11\/INCENDIO-1.jpg?w=530&amp;ssl=1 530w, https:\/\/i0.wp.com\/eltrabajo.cl\/portal\/wp-content\/uploads\/2015\/11\/INCENDIO-1.jpg?resize=200%2C131&amp;ssl=1 200w, https:\/\/i0.wp.com\/eltrabajo.cl\/portal\/wp-content\/uploads\/2015\/11\/INCENDIO-1.jpg?resize=300%2C197&amp;ssl=1 300w, https:\/\/i0.wp.com\/eltrabajo.cl\/portal\/wp-content\/uploads\/2015\/11\/INCENDIO-1.jpg?resize=228%2C150&amp;ssl=1 228w, https:\/\/i0.wp.com\/eltrabajo.cl\/portal\/wp-content\/uploads\/2015\/11\/INCENDIO-1.jpg?resize=400%2C263&amp;ssl=1 400w\" width=\"317\" height=\"208\" loading=\"lazy\" data-original-width=\"317\" data-original-height=\"208\" itemprop=\"http:\/\/schema.org\/image\" title=\"INCENDIO 1\" alt=\"Las llamas se intensificaron producto del viento durante la tarde de ayer jueves en los sectores de El Escorial y Barrancas (Fotograf\u00edas: @Doming uez_con)\" style=\"width: 317px; height: 208px;\" \/> <\/a> <div class=\"tiled-gallery-caption\" itemprop=\"caption description\"> Las llamas se intensificaron producto del viento durante la tarde de ayer jueves en los sectores de El Escorial y Barrancas (Fotograf\u00edas: @Doming uez_con) <\/div> <\/div> <\/div> <!-- close group --> <div class=\"gallery-group images-1\" style=\"width: 319px; height: 212px;\" data-original-width=\"319\" data-original-height=\"212\" > <div class=\"tiled-gallery-item tiled-gallery-item-large\" itemprop=\"associatedMedia\" itemscope itemtype=\"http:\/\/schema.org\/ImageObject\"> <a href=\"https:\/\/eltrabajo.cl\/portal\/alerta-roja-anal-y-barrancas\/incendio-3-7\/\" border=\"0\" itemprop=\"url\"> <meta itemprop=\"width\" content=\"315\"> <meta itemprop=\"height\" content=\"208\"> <img decoding=\"async\" class=\"\" data-attachment-id=\"64113\" data-orig-file=\"https:\/\/eltrabajo.cl\/portal\/wp-content\/uploads\/2015\/11\/INCENDIO-3.jpg\" data-orig-size=\"530,350\" data-comments-opened=\"1\" data-image-meta=\"{&quot;aperture&quot;:&quot;0&quot;,&quot;credit&quot;:&quot;&quot;,&quot;camera&quot;:&quot;&quot;,&quot;caption&quot;:&quot;&quot;,&quot;created_timestamp&quot;:&quot;0&quot;,&quot;copyright&quot;:&quot;&quot;,&quot;focal_length&quot;:&quot;0&quot;,&quot;iso&quot;:&quot;0&quot;,&quot;shutter_speed&quot;:&quot;0&quot;,&quot;title&quot;:&quot;&quot;,&quot;orientation&quot;:&quot;0&quot;}\" data-image-title=\"INCENDIO 3\" data-image-description=\"&lt;p&gt; Cerca de 120 voluntarios de bomberos trabajaron arduamente para la lograr la reducci\u00f3n de las llamas.&lt;\/p&gt; \" data-medium-file=\"https:\/\/i0.wp.com\/eltrabajo.cl\/portal\/wp-content\/uploads\/2015\/11\/INCENDIO-3.jpg?fit=300%2C198&#038;ssl=1\" data-large-file=\"https:\/\/i0.wp.com\/eltrabajo.cl\/portal\/wp-content\/uploads\/2015\/11\/INCENDIO-3.jpg?fit=530%2C350&#038;ssl=1\" src=\"https:\/\/i0.wp.com\/eltrabajo.cl\/portal\/wp-content\/uploads\/2015\/11\/INCENDIO-3.jpg?w=315&#038;h=208&#038;ssl=1\" srcset=\"https:\/\/i0.wp.com\/eltrabajo.cl\/portal\/wp-content\/uploads\/2015\/11\/INCENDIO-3.jpg?w=530&amp;ssl=1 530w, https:\/\/i0.wp.com\/eltrabajo.cl\/portal\/wp-content\/uploads\/2015\/11\/INCENDIO-3.jpg?resize=200%2C132&amp;ssl=1 200w, https:\/\/i0.wp.com\/eltrabajo.cl\/portal\/wp-content\/uploads\/2015\/11\/INCENDIO-3.jpg?resize=300%2C198&amp;ssl=1 300w, https:\/\/i0.wp.com\/eltrabajo.cl\/portal\/wp-content\/uploads\/2015\/11\/INCENDIO-3.jpg?resize=227%2C150&amp;ssl=1 227w, https:\/\/i0.wp.com\/eltrabajo.cl\/portal\/wp-content\/uploads\/2015\/11\/INCENDIO-3.jpg?resize=400%2C264&amp;ssl=1 400w\" width=\"315\" height=\"208\" loading=\"lazy\" data-original-width=\"315\" data-original-height=\"208\" itemprop=\"http:\/\/schema.org\/image\" title=\"INCENDIO 3\" alt=\"Cerca de 120 voluntarios de bomberos trabajaron arduamente para la lograr la reducci\u00f3n de las llamas.\" style=\"width: 315px; height: 208px;\" \/> <\/a> <div class=\"tiled-gallery-caption\" itemprop=\"caption description\"> Cerca de 120 voluntarios de bomberos trabajaron arduamente para la lograr la reducci\u00f3n de las llamas. <\/div> <\/div> <\/div> <!-- close group --> <\/div> <!-- close row --> <\/div>\n","protected":false},"excerpt":{"rendered":"<p>Una extensa y exaustiva jornada tuvo el personal de Bomberos y la Conaf en la reducci\u00f3n de dos focos de incendio que se produjeron la tarde de ayer jueves. Informes preliminares de&#8230;<\/p>\n","protected":false},"author":482,"featured_media":64111,"comment_status":"open","ping_status":"open","sticky":false,"template":"","format":"standard","meta":{"advanced_seo_description":"","jetpack_seo_html_title":"","jetpack_seo_noindex":false,"_jetpack_memberships_contains_paid_content":false,"footnotes":""},"categories":[21],"tags":[],"class_list":["post-64110","post","type-post","status-publish","format-standard","has-post-thumbnail","hentry","category-policial"],"jetpack_featured_media_url":"https:\/\/i0.wp.com\/eltrabajo.cl\/portal\/wp-content\/uploads\/2015\/11\/porta-helicoptero-conaf-%40munipanquehue.jpg?fit=530%2C350&ssl=1","jetpack_sharing_enabled":true,"jetpack_likes_enabled":true,"jetpack-related-posts":[],"_links":{"self":[{"href":"https:\/\/eltrabajo.cl\/portal\/wp-json\/wp\/v2\/posts\/64110","targetHints":{"allow":["GET"]}}],"collection":[{"href":"https:\/\/eltrabajo.cl\/portal\/wp-json\/wp\/v2\/posts"}],"about":[{"href":"https:\/\/eltrabajo.cl\/portal\/wp-json\/wp\/v2\/types\/post"}],"author":[{"embeddable":true,"href":"https:\/\/eltrabajo.cl\/portal\/wp-json\/wp\/v2\/users\/482"}],"replies":[{"embeddable":true,"href":"https:\/\/eltrabajo.cl\/portal\/wp-json\/wp\/v2\/comments?post=64110"}],"version-history":[{"count":0,"href":"https:\/\/eltrabajo.cl\/portal\/wp-json\/wp\/v2\/posts\/64110\/revisions"}],"wp:featuredmedia":[{"embeddable":true,"href":"https:\/\/eltrabajo.cl\/portal\/wp-json\/wp\/v2\/media\/64111"}],"wp:attachment":[{"href":"https:\/\/eltrabajo.cl\/portal\/wp-json\/wp\/v2\/media?parent=64110"}],"wp:term":[{"taxonomy":"category","embeddable":true,"href":"https:\/\/eltrabajo.cl\/portal\/wp-json\/wp\/v2\/categories?post=64110"},{"taxonomy":"post_tag","embeddable":true,"href":"https:\/\/eltrabajo.cl\/portal\/wp-json\/wp\/v2\/tags?post=64110"}],"curies":[{"name":"wp","href":"https:\/\/api.w.org\/{rel}","templated":true}]}}