{"id":64118,"date":"2015-11-23T09:30:48","date_gmt":"2015-11-23T12:30:48","guid":{"rendered":"http:\/\/www.eltrabajo.cl\/portal\/?p=64118"},"modified":"2015-11-23T09:30:48","modified_gmt":"2015-11-23T12:30:48","slug":"alumnos-del-lion-de-4o-medio","status":"publish","type":"post","link":"https:\/\/eltrabajo.cl\/portal\/alumnos-del-lion-de-4o-medio\/","title":{"rendered":"Alumnos del Liceo Bicentenario Cordillera se titularon de 4\u00ba Medio"},"content":{"rendered":"<figure id=\"attachment_64119\" aria-describedby=\"caption-attachment-64119\" style=\"width: 300px\" class=\"wp-caption alignleft\"><a href=\"https:\/\/i0.wp.com\/www.eltrabajo.cl\/portal\/wp-content\/uploads\/2015\/11\/Salen1.jpg\"><img data-recalc-dims=\"1\" loading=\"lazy\" decoding=\"async\" class=\"wp-image-64119 size-medium\" src=\"https:\/\/i0.wp.com\/www.eltrabajo.cl\/portal\/wp-content\/uploads\/2015\/11\/Salen1-300x198.jpg?resize=300%2C198\" alt=\"CUARTOS B.- Ellos son parte de los ahora exalumnos del 4\u00ba B del Cordillera, quienes ahora se han disparado a conquistar sus sue\u00f1os.\" width=\"300\" height=\"198\" srcset=\"https:\/\/i0.wp.com\/eltrabajo.cl\/portal\/wp-content\/uploads\/2015\/11\/Salen1.jpg?resize=300%2C198&amp;ssl=1 300w, https:\/\/i0.wp.com\/eltrabajo.cl\/portal\/wp-content\/uploads\/2015\/11\/Salen1.jpg?resize=200%2C132&amp;ssl=1 200w, https:\/\/i0.wp.com\/eltrabajo.cl\/portal\/wp-content\/uploads\/2015\/11\/Salen1.jpg?resize=227%2C150&amp;ssl=1 227w, https:\/\/i0.wp.com\/eltrabajo.cl\/portal\/wp-content\/uploads\/2015\/11\/Salen1.jpg?resize=400%2C264&amp;ssl=1 400w, https:\/\/i0.wp.com\/eltrabajo.cl\/portal\/wp-content\/uploads\/2015\/11\/Salen1.jpg?w=530&amp;ssl=1 530w\" sizes=\"auto, (max-width: 300px) 100vw, 300px\" \/><\/a><figcaption id=\"caption-attachment-64119\" class=\"wp-caption-text\">CUARTOS B.- Ellos son parte de los ahora exalumnos del 4\u00ba B del Cordillera, quienes ahora se han disparado a conquistar sus sue\u00f1os.<\/figcaption><\/figure>\n<p>Fueron 45 j\u00f3venes estudiantes del Liceo Bicentenario Cordillera de San Felipe, los primeros que se titularon este a\u00f1o de 4\u00ba Medio, pues fue uno de los pocos centros educativos que no se unieron al paro nacional de educadores, generando con ello el desarrollo de un a\u00f1o lectivo totalmente normal para toda la comunidad.<br \/>\nLa gala de titulaci\u00f3n se realiz\u00f3 la tarde del jueves en el gimnasio del Cordillera, al mismo llegaron los estudiantes salientes; el director del Daem Iv\u00e1n Silva; directores de otras escuelas y los due\u00f1os de casa.<br \/>\nHubo bailes, m\u00fasica y bellos discursos en esta actividad, en donde alumnos y profesores adem\u00e1s, fueron premiados de acuerdo a sus logros durante el a\u00f1o lectivo.<\/p>\n<div class=\"tiled-gallery type-rectangular tiled-gallery-unresized\" data-original-width=\"640\" data-carousel-extra='null' itemscope itemtype=\"http:\/\/schema.org\/ImageGallery\" > <div class=\"gallery-row\" style=\"width: 640px; height: 212px;\" data-original-width=\"640\" data-original-height=\"212\" > <div class=\"gallery-group images-1\" style=\"width: 320px; height: 212px;\" data-original-width=\"320\" data-original-height=\"212\" > <div class=\"tiled-gallery-item tiled-gallery-item-large\" itemprop=\"associatedMedia\" itemscope itemtype=\"http:\/\/schema.org\/ImageObject\"> <a href=\"https:\/\/eltrabajo.cl\/portal\/alumnos-del-lion-de-4o-medio\/salen2\/\" border=\"0\" itemprop=\"url\"> <meta itemprop=\"width\" content=\"316\"> <meta itemprop=\"height\" content=\"208\"> <img decoding=\"async\" class=\"\" data-attachment-id=\"64120\" data-orig-file=\"https:\/\/eltrabajo.cl\/portal\/wp-content\/uploads\/2015\/11\/Salen2.jpg\" data-orig-size=\"530,349\" data-comments-opened=\"1\" data-image-meta=\"{&quot;aperture&quot;:&quot;0&quot;,&quot;credit&quot;:&quot;&quot;,&quot;camera&quot;:&quot;&quot;,&quot;caption&quot;:&quot;&quot;,&quot;created_timestamp&quot;:&quot;0&quot;,&quot;copyright&quot;:&quot;&quot;,&quot;focal_length&quot;:&quot;0&quot;,&quot;iso&quot;:&quot;0&quot;,&quot;shutter_speed&quot;:&quot;0&quot;,&quot;title&quot;:&quot;&quot;,&quot;orientation&quot;:&quot;0&quot;}\" data-image-title=\"Salen2\" data-image-description=\"&lt;p&gt;IMPARABLES.- Aqu\u00ed tenemos a los chicos del 4\u00ba A, quienes recibieron varios premios y su licencia de 4\u00ba Medio.&lt;\/p&gt; \" data-medium-file=\"https:\/\/i0.wp.com\/eltrabajo.cl\/portal\/wp-content\/uploads\/2015\/11\/Salen2.jpg?fit=300%2C198&#038;ssl=1\" data-large-file=\"https:\/\/i0.wp.com\/eltrabajo.cl\/portal\/wp-content\/uploads\/2015\/11\/Salen2.jpg?fit=530%2C349&#038;ssl=1\" src=\"https:\/\/i0.wp.com\/eltrabajo.cl\/portal\/wp-content\/uploads\/2015\/11\/Salen2.jpg?w=316&#038;h=208&#038;ssl=1\" srcset=\"https:\/\/i0.wp.com\/eltrabajo.cl\/portal\/wp-content\/uploads\/2015\/11\/Salen2.jpg?w=530&amp;ssl=1 530w, https:\/\/i0.wp.com\/eltrabajo.cl\/portal\/wp-content\/uploads\/2015\/11\/Salen2.jpg?resize=200%2C132&amp;ssl=1 200w, https:\/\/i0.wp.com\/eltrabajo.cl\/portal\/wp-content\/uploads\/2015\/11\/Salen2.jpg?resize=300%2C198&amp;ssl=1 300w, https:\/\/i0.wp.com\/eltrabajo.cl\/portal\/wp-content\/uploads\/2015\/11\/Salen2.jpg?resize=228%2C150&amp;ssl=1 228w, https:\/\/i0.wp.com\/eltrabajo.cl\/portal\/wp-content\/uploads\/2015\/11\/Salen2.jpg?resize=400%2C263&amp;ssl=1 400w\" width=\"316\" height=\"208\" loading=\"lazy\" data-original-width=\"316\" data-original-height=\"208\" itemprop=\"http:\/\/schema.org\/image\" title=\"Salen2\" alt=\"IMPARABLES.- Aqu\u00ed tenemos a los chicos del 4\u00ba A, quienes recibieron varios premios y su licencia de 4\u00ba Medio.\" style=\"width: 316px; height: 208px;\" \/> <\/a> <div class=\"tiled-gallery-caption\" itemprop=\"caption description\"> IMPARABLES.- Aqu\u00ed tenemos a los chicos del 4\u00ba A, quienes recibieron varios premios y su licencia de 4\u00ba Medio. <\/div> <\/div> <\/div> <!-- close group --> <div class=\"gallery-group images-1\" style=\"width: 320px; height: 212px;\" data-original-width=\"320\" data-original-height=\"212\" > <div class=\"tiled-gallery-item tiled-gallery-item-large\" itemprop=\"associatedMedia\" itemscope itemtype=\"http:\/\/schema.org\/ImageObject\"> <a href=\"https:\/\/eltrabajo.cl\/portal\/alumnos-del-lion-de-4o-medio\/salen3\/\" border=\"0\" itemprop=\"url\"> <meta itemprop=\"width\" content=\"316\"> <meta itemprop=\"height\" content=\"208\"> <img decoding=\"async\" class=\"\" data-attachment-id=\"64121\" data-orig-file=\"https:\/\/eltrabajo.cl\/portal\/wp-content\/uploads\/2015\/11\/Salen3.jpg\" data-orig-size=\"530,349\" data-comments-opened=\"1\" data-image-meta=\"{&quot;aperture&quot;:&quot;0&quot;,&quot;credit&quot;:&quot;&quot;,&quot;camera&quot;:&quot;&quot;,&quot;caption&quot;:&quot;&quot;,&quot;created_timestamp&quot;:&quot;0&quot;,&quot;copyright&quot;:&quot;&quot;,&quot;focal_length&quot;:&quot;0&quot;,&quot;iso&quot;:&quot;0&quot;,&quot;shutter_speed&quot;:&quot;0&quot;,&quot;title&quot;:&quot;&quot;,&quot;orientation&quot;:&quot;0&quot;}\" data-image-title=\"Salen3\" data-image-description=\"&lt;p&gt;GRATO RECUERDO.- El director del Cordillera, Jorge Sep\u00falveda, recibi\u00f3 tambi\u00e9n un recuerdo gr\u00e1fico de los abanderados que dejaron esta casa de estudios.&lt;\/p&gt; \" data-medium-file=\"https:\/\/i0.wp.com\/eltrabajo.cl\/portal\/wp-content\/uploads\/2015\/11\/Salen3.jpg?fit=300%2C198&#038;ssl=1\" data-large-file=\"https:\/\/i0.wp.com\/eltrabajo.cl\/portal\/wp-content\/uploads\/2015\/11\/Salen3.jpg?fit=530%2C349&#038;ssl=1\" src=\"https:\/\/i0.wp.com\/eltrabajo.cl\/portal\/wp-content\/uploads\/2015\/11\/Salen3.jpg?w=316&#038;h=208&#038;ssl=1\" srcset=\"https:\/\/i0.wp.com\/eltrabajo.cl\/portal\/wp-content\/uploads\/2015\/11\/Salen3.jpg?w=530&amp;ssl=1 530w, https:\/\/i0.wp.com\/eltrabajo.cl\/portal\/wp-content\/uploads\/2015\/11\/Salen3.jpg?resize=200%2C132&amp;ssl=1 200w, https:\/\/i0.wp.com\/eltrabajo.cl\/portal\/wp-content\/uploads\/2015\/11\/Salen3.jpg?resize=300%2C198&amp;ssl=1 300w, https:\/\/i0.wp.com\/eltrabajo.cl\/portal\/wp-content\/uploads\/2015\/11\/Salen3.jpg?resize=228%2C150&amp;ssl=1 228w, https:\/\/i0.wp.com\/eltrabajo.cl\/portal\/wp-content\/uploads\/2015\/11\/Salen3.jpg?resize=400%2C263&amp;ssl=1 400w\" width=\"316\" height=\"208\" loading=\"lazy\" data-original-width=\"316\" data-original-height=\"208\" itemprop=\"http:\/\/schema.org\/image\" title=\"Salen3\" alt=\"GRATO RECUERDO.- El director del Cordillera, Jorge Sep\u00falveda, recibi\u00f3 tambi\u00e9n un recuerdo gr\u00e1fico de los abanderados que dejaron esta casa de estudios.\" style=\"width: 316px; height: 208px;\" \/> <\/a> <div class=\"tiled-gallery-caption\" itemprop=\"caption description\"> GRATO RECUERDO.- El director del Cordillera, Jorge Sep\u00falveda, recibi\u00f3 tambi\u00e9n un recuerdo gr\u00e1fico de los abanderados que dejaron esta casa de estudios. <\/div> <\/div> <\/div> <!-- close group --> <\/div> <!-- close row --> <\/div>\n","protected":false},"excerpt":{"rendered":"<p>Fueron 45 j\u00f3venes estudiantes del Liceo Bicentenario Cordillera de San Felipe, los primeros que se titularon este a\u00f1o de 4\u00ba Medio, pues fue uno de los pocos centros educativos que no se&#8230;<\/p>\n","protected":false},"author":482,"featured_media":64119,"comment_status":"open","ping_status":"open","sticky":false,"template":"","format":"standard","meta":{"advanced_seo_description":"","jetpack_seo_html_title":"","jetpack_seo_noindex":false,"_jetpack_memberships_contains_paid_content":false,"footnotes":""},"categories":[15],"tags":[],"class_list":["post-64118","post","type-post","status-publish","format-standard","has-post-thumbnail","hentry","category-comunidad"],"jetpack_featured_media_url":"https:\/\/i0.wp.com\/eltrabajo.cl\/portal\/wp-content\/uploads\/2015\/11\/Salen1.jpg?fit=530%2C350&ssl=1","jetpack_sharing_enabled":true,"jetpack_likes_enabled":true,"jetpack-related-posts":[],"_links":{"self":[{"href":"https:\/\/eltrabajo.cl\/portal\/wp-json\/wp\/v2\/posts\/64118","targetHints":{"allow":["GET"]}}],"collection":[{"href":"https:\/\/eltrabajo.cl\/portal\/wp-json\/wp\/v2\/posts"}],"about":[{"href":"https:\/\/eltrabajo.cl\/portal\/wp-json\/wp\/v2\/types\/post"}],"author":[{"embeddable":true,"href":"https:\/\/eltrabajo.cl\/portal\/wp-json\/wp\/v2\/users\/482"}],"replies":[{"embeddable":true,"href":"https:\/\/eltrabajo.cl\/portal\/wp-json\/wp\/v2\/comments?post=64118"}],"version-history":[{"count":0,"href":"https:\/\/eltrabajo.cl\/portal\/wp-json\/wp\/v2\/posts\/64118\/revisions"}],"wp:featuredmedia":[{"embeddable":true,"href":"https:\/\/eltrabajo.cl\/portal\/wp-json\/wp\/v2\/media\/64119"}],"wp:attachment":[{"href":"https:\/\/eltrabajo.cl\/portal\/wp-json\/wp\/v2\/media?parent=64118"}],"wp:term":[{"taxonomy":"category","embeddable":true,"href":"https:\/\/eltrabajo.cl\/portal\/wp-json\/wp\/v2\/categories?post=64118"},{"taxonomy":"post_tag","embeddable":true,"href":"https:\/\/eltrabajo.cl\/portal\/wp-json\/wp\/v2\/tags?post=64118"}],"curies":[{"name":"wp","href":"https:\/\/api.w.org\/{rel}","templated":true}]}}