{"id":64126,"date":"2015-11-23T09:36:23","date_gmt":"2015-11-23T12:36:23","guid":{"rendered":"http:\/\/www.eltrabajo.cl\/portal\/?p=64126"},"modified":"2015-11-23T09:36:23","modified_gmt":"2015-11-23T12:36:23","slug":"un-centenar-de015-de-prodemu","status":"publish","type":"post","link":"https:\/\/eltrabajo.cl\/portal\/un-centenar-de015-de-prodemu\/","title":{"rendered":"Un centenar de mujeres se certifica en los talleres 2015 de Prodemu"},"content":{"rendered":"<figure id=\"attachment_64127\" aria-describedby=\"caption-attachment-64127\" style=\"width: 300px\" class=\"wp-caption alignleft\"><a href=\"https:\/\/i0.wp.com\/www.eltrabajo.cl\/portal\/wp-content\/uploads\/2015\/11\/INSTANTE-EN-EL-QUE-SE-CERTIFICA-UNO-DE-LOS-PROGRAMAS-2015-DE-LA-FUNDACION-PRODEMU.jpg\"><img data-recalc-dims=\"1\" loading=\"lazy\" decoding=\"async\" class=\"wp-image-64127 size-medium\" src=\"https:\/\/i0.wp.com\/www.eltrabajo.cl\/portal\/wp-content\/uploads\/2015\/11\/INSTANTE-EN-EL-QUE-SE-CERTIFICA-UNO-DE-LOS-PROGRAMAS-2015-DE-LA-FUNDACION-PRODEMU-300x198.jpg?resize=300%2C198\" alt=\"Instante en el que se certifica uno de los programas 2015 de la Fundaci\u00f3n Prodemu.\" width=\"300\" height=\"198\" srcset=\"https:\/\/i0.wp.com\/eltrabajo.cl\/portal\/wp-content\/uploads\/2015\/11\/INSTANTE-EN-EL-QUE-SE-CERTIFICA-UNO-DE-LOS-PROGRAMAS-2015-DE-LA-FUNDACION-PRODEMU.jpg?resize=300%2C198&amp;ssl=1 300w, https:\/\/i0.wp.com\/eltrabajo.cl\/portal\/wp-content\/uploads\/2015\/11\/INSTANTE-EN-EL-QUE-SE-CERTIFICA-UNO-DE-LOS-PROGRAMAS-2015-DE-LA-FUNDACION-PRODEMU.jpg?resize=200%2C132&amp;ssl=1 200w, https:\/\/i0.wp.com\/eltrabajo.cl\/portal\/wp-content\/uploads\/2015\/11\/INSTANTE-EN-EL-QUE-SE-CERTIFICA-UNO-DE-LOS-PROGRAMAS-2015-DE-LA-FUNDACION-PRODEMU.jpg?resize=227%2C150&amp;ssl=1 227w, https:\/\/i0.wp.com\/eltrabajo.cl\/portal\/wp-content\/uploads\/2015\/11\/INSTANTE-EN-EL-QUE-SE-CERTIFICA-UNO-DE-LOS-PROGRAMAS-2015-DE-LA-FUNDACION-PRODEMU.jpg?resize=400%2C264&amp;ssl=1 400w, https:\/\/i0.wp.com\/eltrabajo.cl\/portal\/wp-content\/uploads\/2015\/11\/INSTANTE-EN-EL-QUE-SE-CERTIFICA-UNO-DE-LOS-PROGRAMAS-2015-DE-LA-FUNDACION-PRODEMU.jpg?w=530&amp;ssl=1 530w\" sizes=\"auto, (max-width: 300px) 100vw, 300px\" \/><\/a><figcaption id=\"caption-attachment-64127\" class=\"wp-caption-text\">Instante en el que se certifica uno de los programas 2015 de la Fundaci\u00f3n Prodemu.<\/figcaption><\/figure>\n<p>Dejando atr\u00e1s aqu\u00e9lla consigna respecto de representar el sexo d\u00e9bil de la sociedad, el pasado viernes, un centenar de mujeres llegaron al Teatro Municipal de San Felipe, para recibir la Certificaci\u00f3n de los diversos programas impartidos este 2015 por la Fundaci\u00f3n Prodemu, dentro de los cu\u00e1les, alrededor de 300 f\u00e9minas se vieron beneficiadas a lo largo de las capacitaciones relacionadas con liderazgo y emprendimiento.<br \/>\nEn la ceremonia estuvo presente el gobernador provincial Eduardo Le\u00f3n, el alcalde de San Felipe Patricio Freire y el diputado Marco Antonio N\u00fa\u00f1ez, quienes participaron activamente en la entrega de diplomas a las emprendedoras certificadas.<br \/>\nAdem\u00e1s, la certificaci\u00f3n estuvo coordinada por Mar\u00eda Ang\u00e9lica Gonz\u00e1lez, Directora provincial de Fundaci\u00f3n Prodemu, quien se mostr\u00f3 m\u00e1s que satisfecha por haber culminado con \u00e9xito esta serie de talleres y manifest\u00f3 su satisfacci\u00f3n al \u201cver a todas las mujeres tan contentas, tan empoderadas, escuchando sus palabras de los aprendizajes que entrega la Fundaci\u00f3n, definitivamente eso nos satisface mucho m\u00e1s como equipo ac\u00e1 en San Felipe\u201d.<br \/>\nCabe mencionar que los distintos programas de Prodemu est\u00e1n financiados con los aportes de Indap, Sernam y del Gobierno y que los objetivos de la Fundaci\u00f3n apuntan principalmente a dos \u00e1reas de capacitaci\u00f3n: una de promoci\u00f3n y desarrollo y otra de autonom\u00eda econ\u00f3mica; en la primera se desarrollan jornadas de difusi\u00f3n de derechos, asesor\u00eda a organizaciones comunitarias, talleres de empoderamiento y tambi\u00e9n la escuela de liderazgo; y en la segunda se realizan mandatos y becas laborales relacionados con peluquer\u00eda y manipulaci\u00f3n de alimentos, con cursos de 40 horas.<br \/>\nAs\u00ed mismo, Gonz\u00e1lez agreg\u00f3 que \u201ctambi\u00e9n capacitamos a las mujeres en el Mejorando mi Negocio 1 y 2, con el programa M\u00e1s Capaz de la Presidenta de la Rep\u00fablica, \u00e9ste tambi\u00e9n implica la entrega de recursos a trav\u00e9s del Capital Semilla y la subvenci\u00f3n que entregan los alcaldes de las distintas comunas\u201d.<br \/>\nRespecto de la posibilidad que tienen estas mujeres de seguir capacit\u00e1ndose en un segundo ciclo, Gonz\u00e1lez se\u00f1al\u00f3 que \u201ces cierto que hay mujeres que nos han pedido que sigamos capacit\u00e1ndolas, como las del curso de peluquer\u00eda, que quieren volver, pero nosotros queremos darle posibilidades a un nuevo grupo de mujeres, podemos seguir con algunas de ellas pero tambi\u00e9n deben sumarse otras a recibir las capacitaciones que entrega la Fundaci\u00f3n\u201d, indic\u00f3.<br \/>\nDentro de las mujeres emprendedoras que quisieron contar su experiencia en los talleres, Luisa Cort\u00e9s, certificada en el taller de Peluquer\u00eda, se mostr\u00f3 feliz de haber conocido m\u00e1s personas y manifest\u00f3 que \u201cnos sirve para un emprendimiento, tener otras oportunidades de trabajo y me gustar\u00eda seguir especializ\u00e1ndonos, avanzar en esto\u201d, se\u00f1al\u00f3 y aprovech\u00f3 de aconsejar a sus cong\u00e9neres que no se han atrevido a participar de estos emprendimientos, diciendo que \u201ctienen que atreverse, que se den una oportunidad de dejar de pensar qu\u00e9 voy hacer hoy d\u00eda o esperar a la pareja o solamente eso sirve para desarrollarse y salir de ese ambiente encerrado\u201d, expres\u00f3.<br \/>\nPor su parte, Cecilia Abarca, certificada en el programa Mejorando Mi Negocio 2, apunt\u00f3 que no es primera vez que participa en este tipo de talleres y que, al igual que sus compa\u00f1eras, est\u00e1 feliz con lo aprendido en esta etapa: \u201cEste es un curso impartido por Cense, es m\u00e1s detallista, aprendemos m\u00e1s, podemos tener una compresi\u00f3n mayor y m\u00e1s amplia de nuestro rubro, porque va enfocado a cada una en lo que hace en su propio negocio\u201d, describi\u00f3.<br \/>\nAbarca detall\u00f3 adem\u00e1s que este curso contemplaba clases 5 d\u00edas a la semana, desde las 9 de la ma\u00f1ana hasta las 13 hrs. y se extendi\u00f3 por 30 jornadas. A\u00fan as\u00ed, esta emprendedora asegur\u00f3 que no es tan dif\u00edcil compatibilizar con las actividades familiares y dijo que \u201cnosotras podemos adecuarnos a los horarios, a algunas compa\u00f1eras se le paga el cuidado de los ni\u00f1os y las otras nos arreglamos con los ni\u00f1os en el colegio, y las que ya no tienen esa preocupaci\u00f3n dejan todo preparado temprano en la ma\u00f1ana, se van a clases y ya luego vuelven a la hora de almuerzo a sus hogares\u201d, destac\u00f3.<br \/>\nPor \u00faltimo, la futura microempresaria asegur\u00f3 que todo el sacrificio y las ganas que ponen a disposici\u00f3n estas mujeres, encuentran recompensa en el crecimiento personal y en el financiamiento que se le otorga a cada proyecto una vez que terminan el ciclo.<\/p>\n<div class=\"tiled-gallery type-rectangular tiled-gallery-unresized\" data-original-width=\"640\" data-carousel-extra='null' itemscope itemtype=\"http:\/\/schema.org\/ImageGallery\" > <div class=\"gallery-row\" style=\"width: 640px; height: 283px;\" data-original-width=\"640\" data-original-height=\"283\" > <div class=\"gallery-group images-1\" style=\"width: 427px; height: 283px;\" data-original-width=\"427\" data-original-height=\"283\" > <div class=\"tiled-gallery-item tiled-gallery-item-large\" itemprop=\"associatedMedia\" itemscope itemtype=\"http:\/\/schema.org\/ImageObject\"> <a href=\"https:\/\/eltrabajo.cl\/portal\/un-centenar-de015-de-prodemu\/equipo-de-trabajo-del-proyecto-mejorando-mi-negocio-2\/\" border=\"0\" itemprop=\"url\"> <meta itemprop=\"width\" content=\"423\"> <meta itemprop=\"height\" content=\"279\"> <img decoding=\"async\" class=\"\" data-attachment-id=\"64128\" data-orig-file=\"https:\/\/eltrabajo.cl\/portal\/wp-content\/uploads\/2015\/11\/EQUIPO-DE-TRABAJO-DEL-PROYECTO-MEJORANDO-MI-NEGOCIO-2.jpg\" data-orig-size=\"530,349\" data-comments-opened=\"1\" data-image-meta=\"{&quot;aperture&quot;:&quot;0&quot;,&quot;credit&quot;:&quot;&quot;,&quot;camera&quot;:&quot;&quot;,&quot;caption&quot;:&quot;&quot;,&quot;created_timestamp&quot;:&quot;0&quot;,&quot;copyright&quot;:&quot;Copyright 2012&quot;,&quot;focal_length&quot;:&quot;0&quot;,&quot;iso&quot;:&quot;0&quot;,&quot;shutter_speed&quot;:&quot;0&quot;,&quot;title&quot;:&quot;&quot;,&quot;orientation&quot;:&quot;0&quot;}\" data-image-title=\"EQUIPO DE TRABAJO DEL PROYECTO MEJORANDO MI NEGOCIO 2\" data-image-description=\"&lt;p&gt;Equipo de trabajo del proyecto Mejorando Mi Negocio 2.&lt;\/p&gt; \" data-medium-file=\"https:\/\/i0.wp.com\/eltrabajo.cl\/portal\/wp-content\/uploads\/2015\/11\/EQUIPO-DE-TRABAJO-DEL-PROYECTO-MEJORANDO-MI-NEGOCIO-2.jpg?fit=300%2C198&#038;ssl=1\" data-large-file=\"https:\/\/i0.wp.com\/eltrabajo.cl\/portal\/wp-content\/uploads\/2015\/11\/EQUIPO-DE-TRABAJO-DEL-PROYECTO-MEJORANDO-MI-NEGOCIO-2.jpg?fit=530%2C349&#038;ssl=1\" src=\"https:\/\/i0.wp.com\/eltrabajo.cl\/portal\/wp-content\/uploads\/2015\/11\/EQUIPO-DE-TRABAJO-DEL-PROYECTO-MEJORANDO-MI-NEGOCIO-2.jpg?w=423&#038;h=279&#038;ssl=1\" srcset=\"https:\/\/i0.wp.com\/eltrabajo.cl\/portal\/wp-content\/uploads\/2015\/11\/EQUIPO-DE-TRABAJO-DEL-PROYECTO-MEJORANDO-MI-NEGOCIO-2.jpg?w=530&amp;ssl=1 530w, https:\/\/i0.wp.com\/eltrabajo.cl\/portal\/wp-content\/uploads\/2015\/11\/EQUIPO-DE-TRABAJO-DEL-PROYECTO-MEJORANDO-MI-NEGOCIO-2.jpg?resize=200%2C132&amp;ssl=1 200w, https:\/\/i0.wp.com\/eltrabajo.cl\/portal\/wp-content\/uploads\/2015\/11\/EQUIPO-DE-TRABAJO-DEL-PROYECTO-MEJORANDO-MI-NEGOCIO-2.jpg?resize=300%2C198&amp;ssl=1 300w, https:\/\/i0.wp.com\/eltrabajo.cl\/portal\/wp-content\/uploads\/2015\/11\/EQUIPO-DE-TRABAJO-DEL-PROYECTO-MEJORANDO-MI-NEGOCIO-2.jpg?resize=228%2C150&amp;ssl=1 228w, https:\/\/i0.wp.com\/eltrabajo.cl\/portal\/wp-content\/uploads\/2015\/11\/EQUIPO-DE-TRABAJO-DEL-PROYECTO-MEJORANDO-MI-NEGOCIO-2.jpg?resize=400%2C263&amp;ssl=1 400w\" width=\"423\" height=\"279\" loading=\"lazy\" data-original-width=\"423\" data-original-height=\"279\" itemprop=\"http:\/\/schema.org\/image\" title=\"EQUIPO DE TRABAJO DEL PROYECTO MEJORANDO MI NEGOCIO 2\" alt=\"Equipo de trabajo del proyecto Mejorando Mi Negocio 2.\" style=\"width: 423px; height: 279px;\" \/> <\/a> <div class=\"tiled-gallery-caption\" itemprop=\"caption description\"> Equipo de trabajo del proyecto Mejorando Mi Negocio 2. <\/div> <\/div> <\/div> <!-- close group --> <div class=\"gallery-group images-2\" style=\"width: 213px; height: 283px;\" data-original-width=\"213\" data-original-height=\"283\" > <div class=\"tiled-gallery-item tiled-gallery-item-small\" itemprop=\"associatedMedia\" itemscope itemtype=\"http:\/\/schema.org\/ImageObject\"> <a href=\"https:\/\/eltrabajo.cl\/portal\/un-centenar-de015-de-prodemu\/maria-angelica-gonzalez-directora-provincial-de-fundacion-prodemu\/\" border=\"0\" itemprop=\"url\"> <meta itemprop=\"width\" content=\"209\"> <meta itemprop=\"height\" content=\"138\"> <img decoding=\"async\" class=\"\" data-attachment-id=\"64131\" data-orig-file=\"https:\/\/eltrabajo.cl\/portal\/wp-content\/uploads\/2015\/11\/MARIA-ANGELICA-GONZALEZ-DIRECTORA-PROVINCIAL-DE-FUNDACION-PRODEMU.jpg\" data-orig-size=\"530,349\" data-comments-opened=\"1\" data-image-meta=\"{&quot;aperture&quot;:&quot;0&quot;,&quot;credit&quot;:&quot;&quot;,&quot;camera&quot;:&quot;&quot;,&quot;caption&quot;:&quot;&quot;,&quot;created_timestamp&quot;:&quot;0&quot;,&quot;copyright&quot;:&quot;Copyright 2012&quot;,&quot;focal_length&quot;:&quot;0&quot;,&quot;iso&quot;:&quot;0&quot;,&quot;shutter_speed&quot;:&quot;0&quot;,&quot;title&quot;:&quot;&quot;,&quot;orientation&quot;:&quot;0&quot;}\" data-image-title=\"MARIA ANGELICA GONZALEZ DIRECTORA PROVINCIAL DE FUNDACION PRODEMU\" data-image-description=\"&lt;p&gt;Mar\u00eda Ang\u00e9lica Gonz\u00e1lez, directora Provincial de Fundaci\u00f3n Prodemu.&lt;\/p&gt; \" data-medium-file=\"https:\/\/i0.wp.com\/eltrabajo.cl\/portal\/wp-content\/uploads\/2015\/11\/MARIA-ANGELICA-GONZALEZ-DIRECTORA-PROVINCIAL-DE-FUNDACION-PRODEMU.jpg?fit=300%2C198&#038;ssl=1\" data-large-file=\"https:\/\/i0.wp.com\/eltrabajo.cl\/portal\/wp-content\/uploads\/2015\/11\/MARIA-ANGELICA-GONZALEZ-DIRECTORA-PROVINCIAL-DE-FUNDACION-PRODEMU.jpg?fit=530%2C349&#038;ssl=1\" src=\"https:\/\/i0.wp.com\/eltrabajo.cl\/portal\/wp-content\/uploads\/2015\/11\/MARIA-ANGELICA-GONZALEZ-DIRECTORA-PROVINCIAL-DE-FUNDACION-PRODEMU.jpg?w=209&#038;h=138&#038;ssl=1\" srcset=\"https:\/\/i0.wp.com\/eltrabajo.cl\/portal\/wp-content\/uploads\/2015\/11\/MARIA-ANGELICA-GONZALEZ-DIRECTORA-PROVINCIAL-DE-FUNDACION-PRODEMU.jpg?w=530&amp;ssl=1 530w, https:\/\/i0.wp.com\/eltrabajo.cl\/portal\/wp-content\/uploads\/2015\/11\/MARIA-ANGELICA-GONZALEZ-DIRECTORA-PROVINCIAL-DE-FUNDACION-PRODEMU.jpg?resize=200%2C132&amp;ssl=1 200w, https:\/\/i0.wp.com\/eltrabajo.cl\/portal\/wp-content\/uploads\/2015\/11\/MARIA-ANGELICA-GONZALEZ-DIRECTORA-PROVINCIAL-DE-FUNDACION-PRODEMU.jpg?resize=300%2C198&amp;ssl=1 300w, https:\/\/i0.wp.com\/eltrabajo.cl\/portal\/wp-content\/uploads\/2015\/11\/MARIA-ANGELICA-GONZALEZ-DIRECTORA-PROVINCIAL-DE-FUNDACION-PRODEMU.jpg?resize=228%2C150&amp;ssl=1 228w, https:\/\/i0.wp.com\/eltrabajo.cl\/portal\/wp-content\/uploads\/2015\/11\/MARIA-ANGELICA-GONZALEZ-DIRECTORA-PROVINCIAL-DE-FUNDACION-PRODEMU.jpg?resize=400%2C263&amp;ssl=1 400w\" width=\"209\" height=\"138\" loading=\"lazy\" data-original-width=\"209\" data-original-height=\"138\" itemprop=\"http:\/\/schema.org\/image\" title=\"MARIA ANGELICA GONZALEZ DIRECTORA PROVINCIAL DE FUNDACION PRODEMU\" alt=\"Mar\u00eda Ang\u00e9lica Gonz\u00e1lez, directora Provincial de Fundaci\u00f3n Prodemu.\" style=\"width: 209px; height: 138px;\" \/> <\/a> <div class=\"tiled-gallery-caption\" itemprop=\"caption description\"> Mar\u00eda Ang\u00e9lica Gonz\u00e1lez, directora Provincial de Fundaci\u00f3n Prodemu. <\/div> <\/div> <div class=\"tiled-gallery-item tiled-gallery-item-small\" itemprop=\"associatedMedia\" itemscope itemtype=\"http:\/\/schema.org\/ImageObject\"> <a href=\"https:\/\/eltrabajo.cl\/portal\/un-centenar-de015-de-prodemu\/cecilia-abarca-integrante-taller-mejorando-mi-negocio-2\/\" border=\"0\" itemprop=\"url\"> <meta itemprop=\"width\" content=\"209\"> <meta itemprop=\"height\" content=\"137\"> <img decoding=\"async\" class=\"\" data-attachment-id=\"64129\" data-orig-file=\"https:\/\/eltrabajo.cl\/portal\/wp-content\/uploads\/2015\/11\/CECILIA-ABARCA-INTEGRANTE-TALLER-MEJORANDO-MI-NEGOCIO-2.jpg\" data-orig-size=\"530,349\" data-comments-opened=\"1\" data-image-meta=\"{&quot;aperture&quot;:&quot;0&quot;,&quot;credit&quot;:&quot;&quot;,&quot;camera&quot;:&quot;&quot;,&quot;caption&quot;:&quot;&quot;,&quot;created_timestamp&quot;:&quot;0&quot;,&quot;copyright&quot;:&quot;Copyright 2012&quot;,&quot;focal_length&quot;:&quot;0&quot;,&quot;iso&quot;:&quot;0&quot;,&quot;shutter_speed&quot;:&quot;0&quot;,&quot;title&quot;:&quot;&quot;,&quot;orientation&quot;:&quot;0&quot;}\" data-image-title=\"CECILIA ABARCA INTEGRANTE TALLER MEJORANDO MI NEGOCIO 2\" data-image-description=\"&lt;p&gt;Cecilia Abarca, una de las integrantes del Taller Mejorando Mi Negocio 2.&lt;\/p&gt; \" data-medium-file=\"https:\/\/i0.wp.com\/eltrabajo.cl\/portal\/wp-content\/uploads\/2015\/11\/CECILIA-ABARCA-INTEGRANTE-TALLER-MEJORANDO-MI-NEGOCIO-2.jpg?fit=300%2C198&#038;ssl=1\" data-large-file=\"https:\/\/i0.wp.com\/eltrabajo.cl\/portal\/wp-content\/uploads\/2015\/11\/CECILIA-ABARCA-INTEGRANTE-TALLER-MEJORANDO-MI-NEGOCIO-2.jpg?fit=530%2C349&#038;ssl=1\" src=\"https:\/\/i0.wp.com\/eltrabajo.cl\/portal\/wp-content\/uploads\/2015\/11\/CECILIA-ABARCA-INTEGRANTE-TALLER-MEJORANDO-MI-NEGOCIO-2.jpg?w=209&#038;h=137&#038;ssl=1\" srcset=\"https:\/\/i0.wp.com\/eltrabajo.cl\/portal\/wp-content\/uploads\/2015\/11\/CECILIA-ABARCA-INTEGRANTE-TALLER-MEJORANDO-MI-NEGOCIO-2.jpg?w=530&amp;ssl=1 530w, https:\/\/i0.wp.com\/eltrabajo.cl\/portal\/wp-content\/uploads\/2015\/11\/CECILIA-ABARCA-INTEGRANTE-TALLER-MEJORANDO-MI-NEGOCIO-2.jpg?resize=200%2C132&amp;ssl=1 200w, https:\/\/i0.wp.com\/eltrabajo.cl\/portal\/wp-content\/uploads\/2015\/11\/CECILIA-ABARCA-INTEGRANTE-TALLER-MEJORANDO-MI-NEGOCIO-2.jpg?resize=300%2C198&amp;ssl=1 300w, https:\/\/i0.wp.com\/eltrabajo.cl\/portal\/wp-content\/uploads\/2015\/11\/CECILIA-ABARCA-INTEGRANTE-TALLER-MEJORANDO-MI-NEGOCIO-2.jpg?resize=228%2C150&amp;ssl=1 228w, https:\/\/i0.wp.com\/eltrabajo.cl\/portal\/wp-content\/uploads\/2015\/11\/CECILIA-ABARCA-INTEGRANTE-TALLER-MEJORANDO-MI-NEGOCIO-2.jpg?resize=400%2C263&amp;ssl=1 400w\" width=\"209\" height=\"137\" loading=\"lazy\" data-original-width=\"209\" data-original-height=\"137\" itemprop=\"http:\/\/schema.org\/image\" title=\"CECILIA ABARCA INTEGRANTE TALLER MEJORANDO MI NEGOCIO 2\" alt=\"Cecilia Abarca, una de las integrantes del Taller Mejorando Mi Negocio 2.\" style=\"width: 209px; height: 137px;\" \/> <\/a> <div class=\"tiled-gallery-caption\" itemprop=\"caption description\"> Cecilia Abarca, una de las integrantes del Taller Mejorando Mi Negocio 2. <\/div> <\/div> <\/div> <!-- close group --> <\/div> <!-- close row --> <div class=\"gallery-row\" style=\"width: 640px; height: 423px;\" data-original-width=\"640\" data-original-height=\"423\" > <div class=\"gallery-group images-1\" style=\"width: 640px; height: 423px;\" data-original-width=\"640\" data-original-height=\"423\" > <div class=\"tiled-gallery-item tiled-gallery-item-large\" itemprop=\"associatedMedia\" itemscope itemtype=\"http:\/\/schema.org\/ImageObject\"> <a href=\"https:\/\/eltrabajo.cl\/portal\/un-centenar-de015-de-prodemu\/luisa-cortes-certificada-en-el-programa-de-peluqueria-prodemu-2015\/\" border=\"0\" itemprop=\"url\"> <meta itemprop=\"width\" content=\"636\"> <meta itemprop=\"height\" content=\"419\"> <img decoding=\"async\" class=\"\" data-attachment-id=\"64130\" data-orig-file=\"https:\/\/eltrabajo.cl\/portal\/wp-content\/uploads\/2015\/11\/LUISA-CORTES-CERTIFICADA-EN-EL-PROGRAMA-DE-PELUQUERIA-PRODEMU-2015.jpg\" data-orig-size=\"530,349\" data-comments-opened=\"1\" data-image-meta=\"{&quot;aperture&quot;:&quot;0&quot;,&quot;credit&quot;:&quot;&quot;,&quot;camera&quot;:&quot;&quot;,&quot;caption&quot;:&quot;&quot;,&quot;created_timestamp&quot;:&quot;0&quot;,&quot;copyright&quot;:&quot;Copyright 2012&quot;,&quot;focal_length&quot;:&quot;0&quot;,&quot;iso&quot;:&quot;0&quot;,&quot;shutter_speed&quot;:&quot;0&quot;,&quot;title&quot;:&quot;&quot;,&quot;orientation&quot;:&quot;0&quot;}\" data-image-title=\"LUISA CORTES CERTIFICADA EN EL PROGRAMA DE PELUQUERIA PRODEMU 2015\" data-image-description=\"&lt;p&gt;Luisa Cort\u00e9s, certificada en el programa de Peluquer\u00eda Prodemu 2015.&lt;\/p&gt; \" data-medium-file=\"https:\/\/i0.wp.com\/eltrabajo.cl\/portal\/wp-content\/uploads\/2015\/11\/LUISA-CORTES-CERTIFICADA-EN-EL-PROGRAMA-DE-PELUQUERIA-PRODEMU-2015.jpg?fit=300%2C198&#038;ssl=1\" data-large-file=\"https:\/\/i0.wp.com\/eltrabajo.cl\/portal\/wp-content\/uploads\/2015\/11\/LUISA-CORTES-CERTIFICADA-EN-EL-PROGRAMA-DE-PELUQUERIA-PRODEMU-2015.jpg?fit=530%2C349&#038;ssl=1\" src=\"https:\/\/i0.wp.com\/eltrabajo.cl\/portal\/wp-content\/uploads\/2015\/11\/LUISA-CORTES-CERTIFICADA-EN-EL-PROGRAMA-DE-PELUQUERIA-PRODEMU-2015.jpg?w=636&#038;h=419&#038;ssl=1\" srcset=\"https:\/\/i0.wp.com\/eltrabajo.cl\/portal\/wp-content\/uploads\/2015\/11\/LUISA-CORTES-CERTIFICADA-EN-EL-PROGRAMA-DE-PELUQUERIA-PRODEMU-2015.jpg?w=530&amp;ssl=1 530w, https:\/\/i0.wp.com\/eltrabajo.cl\/portal\/wp-content\/uploads\/2015\/11\/LUISA-CORTES-CERTIFICADA-EN-EL-PROGRAMA-DE-PELUQUERIA-PRODEMU-2015.jpg?resize=200%2C132&amp;ssl=1 200w, https:\/\/i0.wp.com\/eltrabajo.cl\/portal\/wp-content\/uploads\/2015\/11\/LUISA-CORTES-CERTIFICADA-EN-EL-PROGRAMA-DE-PELUQUERIA-PRODEMU-2015.jpg?resize=300%2C198&amp;ssl=1 300w, https:\/\/i0.wp.com\/eltrabajo.cl\/portal\/wp-content\/uploads\/2015\/11\/LUISA-CORTES-CERTIFICADA-EN-EL-PROGRAMA-DE-PELUQUERIA-PRODEMU-2015.jpg?resize=228%2C150&amp;ssl=1 228w, https:\/\/i0.wp.com\/eltrabajo.cl\/portal\/wp-content\/uploads\/2015\/11\/LUISA-CORTES-CERTIFICADA-EN-EL-PROGRAMA-DE-PELUQUERIA-PRODEMU-2015.jpg?resize=400%2C263&amp;ssl=1 400w\" width=\"636\" height=\"419\" loading=\"lazy\" data-original-width=\"636\" data-original-height=\"419\" itemprop=\"http:\/\/schema.org\/image\" title=\"LUISA CORTES CERTIFICADA EN EL PROGRAMA DE PELUQUERIA PRODEMU 2015\" alt=\"Luisa Cort\u00e9s, certificada en el programa de Peluquer\u00eda Prodemu 2015.\" style=\"width: 636px; height: 419px;\" \/> <\/a> <div class=\"tiled-gallery-caption\" itemprop=\"caption description\"> Luisa Cort\u00e9s, certificada en el programa de Peluquer\u00eda Prodemu 2015. <\/div> <\/div> <\/div> <!-- close group --> <\/div> <!-- close row --> <\/div>\n","protected":false},"excerpt":{"rendered":"<p>Dejando atr\u00e1s aqu\u00e9lla consigna respecto de representar el sexo d\u00e9bil de la sociedad, el pasado viernes, un centenar de mujeres llegaron al Teatro Municipal de San Felipe, para recibir la Certificaci\u00f3n de&#8230;<\/p>\n","protected":false},"author":482,"featured_media":64127,"comment_status":"open","ping_status":"open","sticky":false,"template":"","format":"standard","meta":{"advanced_seo_description":"","jetpack_seo_html_title":"","jetpack_seo_noindex":false,"_jetpack_memberships_contains_paid_content":false,"footnotes":""},"categories":[15],"tags":[],"class_list":["post-64126","post","type-post","status-publish","format-standard","has-post-thumbnail","hentry","category-comunidad"],"jetpack_featured_media_url":"https:\/\/i0.wp.com\/eltrabajo.cl\/portal\/wp-content\/uploads\/2015\/11\/INSTANTE-EN-EL-QUE-SE-CERTIFICA-UNO-DE-LOS-PROGRAMAS-2015-DE-LA-FUNDACION-PRODEMU.jpg?fit=530%2C350&ssl=1","jetpack_sharing_enabled":true,"jetpack_likes_enabled":true,"jetpack-related-posts":[],"_links":{"self":[{"href":"https:\/\/eltrabajo.cl\/portal\/wp-json\/wp\/v2\/posts\/64126","targetHints":{"allow":["GET"]}}],"collection":[{"href":"https:\/\/eltrabajo.cl\/portal\/wp-json\/wp\/v2\/posts"}],"about":[{"href":"https:\/\/eltrabajo.cl\/portal\/wp-json\/wp\/v2\/types\/post"}],"author":[{"embeddable":true,"href":"https:\/\/eltrabajo.cl\/portal\/wp-json\/wp\/v2\/users\/482"}],"replies":[{"embeddable":true,"href":"https:\/\/eltrabajo.cl\/portal\/wp-json\/wp\/v2\/comments?post=64126"}],"version-history":[{"count":0,"href":"https:\/\/eltrabajo.cl\/portal\/wp-json\/wp\/v2\/posts\/64126\/revisions"}],"wp:featuredmedia":[{"embeddable":true,"href":"https:\/\/eltrabajo.cl\/portal\/wp-json\/wp\/v2\/media\/64127"}],"wp:attachment":[{"href":"https:\/\/eltrabajo.cl\/portal\/wp-json\/wp\/v2\/media?parent=64126"}],"wp:term":[{"taxonomy":"category","embeddable":true,"href":"https:\/\/eltrabajo.cl\/portal\/wp-json\/wp\/v2\/categories?post=64126"},{"taxonomy":"post_tag","embeddable":true,"href":"https:\/\/eltrabajo.cl\/portal\/wp-json\/wp\/v2\/tags?post=64126"}],"curies":[{"name":"wp","href":"https:\/\/api.w.org\/{rel}","templated":true}]}}