{"id":6413,"date":"2011-11-21T08:56:20","date_gmt":"2011-11-21T12:56:20","guid":{"rendered":"http:\/\/www.eltrabajo.cl\/portal\/?p=6413"},"modified":"2011-11-21T08:56:20","modified_gmt":"2011-11-21T12:56:20","slug":"mas-de-1-500-ninos-en-encuentro-del-programa-escuelas-deportivas-del-ind","status":"publish","type":"post","link":"https:\/\/eltrabajo.cl\/portal\/mas-de-1-500-ninos-en-encuentro-del-programa-escuelas-deportivas-del-ind\/","title":{"rendered":"M\u00e1s de 1.500 ni\u00f1os en encuentro del programa Escuelas Deportivas del IND"},"content":{"rendered":"<figure id=\"attachment_6415\" aria-describedby=\"caption-attachment-6415\" style=\"width: 600px\" class=\"wp-caption alignnone\"><a href=\"http:\/\/www.eltrabajo.cl\/portal\/archives\/6413\/escuelas-deportivas-3\" rel=\"attachment wp-att-6415\"><img data-recalc-dims=\"1\" loading=\"lazy\" decoding=\"async\" class=\"size-full wp-image-6415\" title=\"escuelas deportivas (3)\" src=\"https:\/\/i0.wp.com\/www.eltrabajo.cl\/portal\/wp-content\/uploads\/2011\/11\/escuelas-deportivas-3.jpg?resize=600%2C388\" alt=\"\" width=\"600\" height=\"388\" srcset=\"https:\/\/i0.wp.com\/eltrabajo.cl\/portal\/wp-content\/uploads\/2011\/11\/escuelas-deportivas-3.jpg?w=600&amp;ssl=1 600w, https:\/\/i0.wp.com\/eltrabajo.cl\/portal\/wp-content\/uploads\/2011\/11\/escuelas-deportivas-3.jpg?resize=200%2C129&amp;ssl=1 200w, https:\/\/i0.wp.com\/eltrabajo.cl\/portal\/wp-content\/uploads\/2011\/11\/escuelas-deportivas-3.jpg?resize=300%2C194&amp;ssl=1 300w, https:\/\/i0.wp.com\/eltrabajo.cl\/portal\/wp-content\/uploads\/2011\/11\/escuelas-deportivas-3.jpg?resize=150%2C97&amp;ssl=1 150w, https:\/\/i0.wp.com\/eltrabajo.cl\/portal\/wp-content\/uploads\/2011\/11\/escuelas-deportivas-3.jpg?resize=400%2C258&amp;ssl=1 400w\" sizes=\"auto, (max-width: 600px) 100vw, 600px\" \/><\/a><figcaption id=\"caption-attachment-6415\" class=\"wp-caption-text\">Los ni\u00f1os llegaron desde distintas comunas de la regi\u00f3n, quienes practicaron deporte toda la ma\u00f1ana y luego disfrutaron de la piscina.<\/figcaption><\/figure>\n<p>M\u00e1s de mil quinientos ni\u00f1os que forman parte del programa de Escuelas Deportivas del Instituto Nacional del Deportes, participaron en un encuentro que se realiz\u00f3 este viernes reci\u00e9n pasado en el Estadio Fiscal de San Felipe.<\/p>\n<p>Los ni\u00f1os llegaron desde distintas provincias de la regi\u00f3n donde se lleva a efecto este programa y ten\u00eda como objetivo que los menores interactuaran entre ellos.<\/p>\n<p>El director regional del IND, Carlos Oliver, destac\u00f3 la realizaci\u00f3n de la actividad, la importante convocatoria y sobre todo el trabajo deportivo que se est\u00e1 realizando en esta comuna.<\/p>\n<p>\u00abEn San Felipe el trabajo deportivo es muy fuerte, hay un equipo de profesionales que est\u00e1 impulsando el deporte y por eso hemos querido hacer el epicentro de este encuentro en esta comuna, dando muestras de la importancia del deporte para San Felipe\u00bb.<\/p>\n<p>Durante toda la ma\u00f1ana los miles de ni\u00f1os dieron muestras del trabajo que realizaron durante el a\u00f1o en estas escuelas deportivas, y pudieron disfrutar de una tarde de piscina, ya que se destin\u00f3 especialmente para ellos este recinto deportivo.<\/p>\n<p>Durante el transcurso del a\u00f1o, los ni\u00f1os tienen un acercamiento con las distintas disciplinas que les interesan dentro de estas escuelas deportivas, para luego conocer los fundamentos t\u00e9cnicos de cada una.<\/p>\n<p>\u00abLa mayor\u00eda de las escuelas est\u00e1n trabajando el voleibol y el basquetbol, y finalmente cuando los ni\u00f1os est\u00e1n avanzados en edad, se acercan al trabajo con balones y en los fundamentos t\u00e9cnicos\u00bb, sostuvo Oliver.<\/p>\n<p>Para el pr\u00f3ximo a\u00f1o en tanto, el IND espera seguir fomentando este programa en las distintas provincias de la regi\u00f3n: \u00abEsperamos contar con m\u00e1s talleres y escuelas y lograr lo que queremos como Instituto, que es duplicar la cantidad de personas que realizan deporte\u00bb, se\u00f1al\u00f3 Oliver.<\/p>\n<p>Asimismo el alcalde destac\u00f3 el trabajo que se viene realizando en la comuna, y lo calific\u00f3 como un compromiso que adquiri\u00f3 el municipio tiempo atr\u00e1s con el IND, \u00abporque el deporte entrega una formaci\u00f3n personal y val\u00f3rica muy fuerte\u00bb, se\u00f1al\u00f3 Jaime Amar.<\/p>\n","protected":false},"excerpt":{"rendered":"<p>M\u00e1s de mil quinientos ni\u00f1os que forman parte del programa de Escuelas Deportivas del Instituto Nacional del Deportes, participaron en un encuentro que se realiz\u00f3 este viernes reci\u00e9n pasado en el Estadio&#8230;<\/p>\n","protected":false},"author":482,"featured_media":6414,"comment_status":"open","ping_status":"open","sticky":false,"template":"","format":"standard","meta":{"advanced_seo_description":"","jetpack_seo_html_title":"","jetpack_seo_noindex":false,"_jetpack_memberships_contains_paid_content":false,"footnotes":""},"categories":[15],"tags":[],"class_list":["post-6413","post","type-post","status-publish","format-standard","has-post-thumbnail","hentry","category-comunidad"],"jetpack_featured_media_url":"https:\/\/i0.wp.com\/eltrabajo.cl\/portal\/wp-content\/uploads\/2011\/11\/escuelas-deportivas-2.jpg?fit=600%2C450&ssl=1","jetpack_sharing_enabled":true,"jetpack_likes_enabled":true,"jetpack-related-posts":[],"_links":{"self":[{"href":"https:\/\/eltrabajo.cl\/portal\/wp-json\/wp\/v2\/posts\/6413","targetHints":{"allow":["GET"]}}],"collection":[{"href":"https:\/\/eltrabajo.cl\/portal\/wp-json\/wp\/v2\/posts"}],"about":[{"href":"https:\/\/eltrabajo.cl\/portal\/wp-json\/wp\/v2\/types\/post"}],"author":[{"embeddable":true,"href":"https:\/\/eltrabajo.cl\/portal\/wp-json\/wp\/v2\/users\/482"}],"replies":[{"embeddable":true,"href":"https:\/\/eltrabajo.cl\/portal\/wp-json\/wp\/v2\/comments?post=6413"}],"version-history":[{"count":0,"href":"https:\/\/eltrabajo.cl\/portal\/wp-json\/wp\/v2\/posts\/6413\/revisions"}],"wp:featuredmedia":[{"embeddable":true,"href":"https:\/\/eltrabajo.cl\/portal\/wp-json\/wp\/v2\/media\/6414"}],"wp:attachment":[{"href":"https:\/\/eltrabajo.cl\/portal\/wp-json\/wp\/v2\/media?parent=6413"}],"wp:term":[{"taxonomy":"category","embeddable":true,"href":"https:\/\/eltrabajo.cl\/portal\/wp-json\/wp\/v2\/categories?post=6413"},{"taxonomy":"post_tag","embeddable":true,"href":"https:\/\/eltrabajo.cl\/portal\/wp-json\/wp\/v2\/tags?post=6413"}],"curies":[{"name":"wp","href":"https:\/\/api.w.org\/{rel}","templated":true}]}}