{"id":64133,"date":"2015-11-23T09:38:02","date_gmt":"2015-11-23T12:38:02","guid":{"rendered":"http:\/\/www.eltrabajo.cl\/portal\/?p=64133"},"modified":"2015-11-23T09:38:02","modified_gmt":"2015-11-23T12:38:02","slug":"entregan-balanto-a-aconcagua","status":"publish","type":"post","link":"https:\/\/eltrabajo.cl\/portal\/entregan-balanto-a-aconcagua\/","title":{"rendered":"Entregan balance tras primer incendio forestal que afect\u00f3 a Aconcagua"},"content":{"rendered":"<figure id=\"attachment_64134\" aria-describedby=\"caption-attachment-64134\" style=\"width: 300px\" class=\"wp-caption alignleft\"><a href=\"https:\/\/i0.wp.com\/www.eltrabajo.cl\/portal\/wp-content\/uploads\/2015\/11\/Gobernacion-y-Conaf.jpg\"><img data-recalc-dims=\"1\" loading=\"lazy\" decoding=\"async\" class=\"wp-image-64134 size-medium\" src=\"https:\/\/i0.wp.com\/www.eltrabajo.cl\/portal\/wp-content\/uploads\/2015\/11\/Gobernacion-y-Conaf-300x198.jpg?resize=300%2C198\" alt=\"El gobernador Eduardo Le\u00f3n y la jefa biprovincial de Conaf, Denisse N\u00fa\u00f1ez, se reunieron para entregar un balance luego del incendio forestal ocurrido el pasado jueves en los sectores de Barrancas y El Escorial.\" width=\"300\" height=\"198\" srcset=\"https:\/\/i0.wp.com\/eltrabajo.cl\/portal\/wp-content\/uploads\/2015\/11\/Gobernacion-y-Conaf.jpg?resize=300%2C198&amp;ssl=1 300w, https:\/\/i0.wp.com\/eltrabajo.cl\/portal\/wp-content\/uploads\/2015\/11\/Gobernacion-y-Conaf.jpg?resize=200%2C132&amp;ssl=1 200w, https:\/\/i0.wp.com\/eltrabajo.cl\/portal\/wp-content\/uploads\/2015\/11\/Gobernacion-y-Conaf.jpg?resize=227%2C150&amp;ssl=1 227w, https:\/\/i0.wp.com\/eltrabajo.cl\/portal\/wp-content\/uploads\/2015\/11\/Gobernacion-y-Conaf.jpg?resize=400%2C264&amp;ssl=1 400w, https:\/\/i0.wp.com\/eltrabajo.cl\/portal\/wp-content\/uploads\/2015\/11\/Gobernacion-y-Conaf.jpg?w=530&amp;ssl=1 530w\" sizes=\"auto, (max-width: 300px) 100vw, 300px\" \/><\/a><figcaption id=\"caption-attachment-64134\" class=\"wp-caption-text\">El gobernador Eduardo Le\u00f3n y la jefa biprovincial de Conaf, Denisse N\u00fa\u00f1ez, se reunieron para entregar un balance luego del incendio forestal ocurrido el pasado jueves en los sectores de Barrancas y El Escorial.<\/figcaption><\/figure>\n<ul>\n<li><strong>Gobernador Eduardo Le\u00f3n y Jefa Biprovincial de Conaf se mostraron satisfechos por la excelente labor realizada por los grupos de emergencias que sofocaron las llamas evitando que afectaran a viviendas y personas.<\/strong><\/li>\n<\/ul>\n<p>Durante este viernes el gobernador Eduardo Le\u00f3n y la jefa biprovincial de Conaf, Denisse N\u00fa\u00f1ez, entregaron un balance luego del incendio forestal que consumi\u00f3 cerca de 8 hect\u00e1reas en los sectores de Barrancas y El Escorial durante la tarde del pasado jueves -informaci\u00f3n que estar\u00e1 sujeta al an\u00e1lisis final de los equipos de Conaf- que moviliz\u00f3 a un importante n\u00famero de bomberos y brigadistas de la Corporaci\u00f3n Nacional Forestal.<br \/>\nEn ese sentido, la m\u00e1xima autoridad provincial valor\u00f3 la labor de los grupos de emergencias, donde participaron m\u00e1s de 80 voluntarios, quienes durante varias horas combatieron el siniestro, que afortunadamente no afect\u00f3 ni a personas ni a viviendas, adem\u00e1s, agreg\u00f3 que existen permanentes coordinaciones con el resto de las instituciones para actuar frente a situaciones como estas. \u201cHubo un intenso trabajo de Bomberos, Conaf y apoyo municipal en este primer incendio forestal de la temporada. Pero contamos con la coordinaci\u00f3n permanente entre el COE Provincial y los equipos de Conaf para desplegarse por el territorio ante estas emergencias\u201d, se\u00f1al\u00f3 Le\u00f3n.<br \/>\nEn tanto, N\u00fa\u00f1ez manifest\u00f3 que las causas est\u00e1n siendo investigadas, pero que cuentan con datos que se\u00f1alar\u00edan que se trata de una quema mal realizada, desapegada de los protocolos con los que cuenta la instituci\u00f3n para este tipo de situaciones. \u201cEn los registros que mantenemos, hay un aviso de quema por parte de un propietario, quien no sigui\u00f3 los procedimientos estipulados para estos casos y lamentablemente el fuego se expandi\u00f3 provocando este siniestro. Es por eso, que ayer, junto a Carabineros, nos constituimos en la zona, realizamos una denuncia. Estamos a la espera de este proceso judicial, que est\u00e1 sometido a sanciones\u201d, se\u00f1al\u00f3.<\/p>\n<p><strong>INTENSO TRABAJO DE EQUIPOS DE EMERGENCIA<\/strong><br \/>\nPara lograr sofocar este incendio forestal, se requiri\u00f3 el apoyo de unidades de bomberos de San Felipe, Santa Mar\u00eda, Putaendo y Los Andes superando los 80 voluntarios, quienes trabajaron incesantemente durante toda la tarde junto a los brigadistas de Conaf.<\/p>\n","protected":false},"excerpt":{"rendered":"<p>Gobernador Eduardo Le\u00f3n y Jefa Biprovincial de Conaf se mostraron satisfechos por la excelente labor realizada por los grupos de emergencias que sofocaron las llamas evitando que afectaran a viviendas y personas&#8230;.<\/p>\n","protected":false},"author":482,"featured_media":64134,"comment_status":"open","ping_status":"open","sticky":false,"template":"","format":"standard","meta":{"advanced_seo_description":"","jetpack_seo_html_title":"","jetpack_seo_noindex":false,"_jetpack_memberships_contains_paid_content":false,"footnotes":""},"categories":[1],"tags":[],"class_list":["post-64133","post","type-post","status-publish","format-standard","has-post-thumbnail","hentry","category-cronica"],"jetpack_featured_media_url":"https:\/\/i0.wp.com\/eltrabajo.cl\/portal\/wp-content\/uploads\/2015\/11\/Gobernacion-y-Conaf.jpg?fit=530%2C350&ssl=1","jetpack_sharing_enabled":true,"jetpack_likes_enabled":true,"jetpack-related-posts":[],"_links":{"self":[{"href":"https:\/\/eltrabajo.cl\/portal\/wp-json\/wp\/v2\/posts\/64133","targetHints":{"allow":["GET"]}}],"collection":[{"href":"https:\/\/eltrabajo.cl\/portal\/wp-json\/wp\/v2\/posts"}],"about":[{"href":"https:\/\/eltrabajo.cl\/portal\/wp-json\/wp\/v2\/types\/post"}],"author":[{"embeddable":true,"href":"https:\/\/eltrabajo.cl\/portal\/wp-json\/wp\/v2\/users\/482"}],"replies":[{"embeddable":true,"href":"https:\/\/eltrabajo.cl\/portal\/wp-json\/wp\/v2\/comments?post=64133"}],"version-history":[{"count":0,"href":"https:\/\/eltrabajo.cl\/portal\/wp-json\/wp\/v2\/posts\/64133\/revisions"}],"wp:featuredmedia":[{"embeddable":true,"href":"https:\/\/eltrabajo.cl\/portal\/wp-json\/wp\/v2\/media\/64134"}],"wp:attachment":[{"href":"https:\/\/eltrabajo.cl\/portal\/wp-json\/wp\/v2\/media?parent=64133"}],"wp:term":[{"taxonomy":"category","embeddable":true,"href":"https:\/\/eltrabajo.cl\/portal\/wp-json\/wp\/v2\/categories?post=64133"},{"taxonomy":"post_tag","embeddable":true,"href":"https:\/\/eltrabajo.cl\/portal\/wp-json\/wp\/v2\/tags?post=64133"}],"curies":[{"name":"wp","href":"https:\/\/api.w.org\/{rel}","templated":true}]}}