{"id":64139,"date":"2015-11-23T09:42:33","date_gmt":"2015-11-23T12:42:33","guid":{"rendered":"http:\/\/www.eltrabajo.cl\/portal\/?p=64139"},"modified":"2015-11-23T09:42:33","modified_gmt":"2015-11-23T12:42:33","slug":"comerciante-esnor-de-11-anos","status":"publish","type":"post","link":"https:\/\/eltrabajo.cl\/portal\/comerciante-esnor-de-11-anos\/","title":{"rendered":"Comerciante es formalizado por abuso sexual contra menor de 11 a\u00f1os"},"content":{"rendered":"<figure id=\"attachment_64140\" aria-describedby=\"caption-attachment-64140\" style=\"width: 300px\" class=\"wp-caption alignleft\"><a href=\"https:\/\/i0.wp.com\/www.eltrabajo.cl\/portal\/wp-content\/uploads\/2015\/11\/ni%C3%B1a-abusada1.jpg\"><img data-recalc-dims=\"1\" loading=\"lazy\" decoding=\"async\" class=\"wp-image-64140 size-medium\" src=\"https:\/\/i0.wp.com\/www.eltrabajo.cl\/portal\/wp-content\/uploads\/2015\/11\/ni%C3%B1a-abusada1-300x197.jpg?resize=300%2C197\" alt=\"La menor relat\u00f3 ante sus padres los sucesos ocurridos en el minimarket ubicado en villa Los Araucanos. (Foto Referencial).\" width=\"300\" height=\"197\" srcset=\"https:\/\/i0.wp.com\/eltrabajo.cl\/portal\/wp-content\/uploads\/2015\/11\/ni%C3%B1a-abusada1.jpg?resize=300%2C197&amp;ssl=1 300w, https:\/\/i0.wp.com\/eltrabajo.cl\/portal\/wp-content\/uploads\/2015\/11\/ni%C3%B1a-abusada1.jpg?resize=200%2C131&amp;ssl=1 200w, https:\/\/i0.wp.com\/eltrabajo.cl\/portal\/wp-content\/uploads\/2015\/11\/ni%C3%B1a-abusada1.jpg?resize=228%2C150&amp;ssl=1 228w, https:\/\/i0.wp.com\/eltrabajo.cl\/portal\/wp-content\/uploads\/2015\/11\/ni%C3%B1a-abusada1.jpg?resize=400%2C263&amp;ssl=1 400w, https:\/\/i0.wp.com\/eltrabajo.cl\/portal\/wp-content\/uploads\/2015\/11\/ni%C3%B1a-abusada1.jpg?w=530&amp;ssl=1 530w\" sizes=\"auto, (max-width: 300px) 100vw, 300px\" \/><\/a><figcaption id=\"caption-attachment-64140\" class=\"wp-caption-text\">La menor relat\u00f3 ante sus padres los sucesos ocurridos en el minimarket ubicado en villa Los Araucanos. (Foto Referencial).<\/figcaption><\/figure>\n<ul>\n<li><strong>El imputado fue acusado por ni\u00f1a de 11 a\u00f1os, quien habr\u00eda sido besada a la fuerza por el propietario de minimarket, en momentos que la v\u00edctima acudi\u00f3 encomendada por sus padres a realizar unas compras en la villa Los Araucanos.<\/strong><\/li>\n<\/ul>\n<p>La Fiscal\u00eda de San Felipe formaliz\u00f3 por el delito de abuso sexual impropio a un hombre de 60 a\u00f1os edad, acusado por una menor de 11 quien asegur\u00f3 haber sido besada a la fuerza por el propietario de un minimarket ubicado en la villa Los Araucanos el pasado jueves.<br \/>\nLos hechos ocurrieron a eso de las 19:30 horas en circunstancias que la v\u00edctima concurri\u00f3 hasta el local comercial para realizar unas compras, momentos en que el adulto mayor la habr\u00eda besado en la boca, provocando el rechazo de la ni\u00f1a que huy\u00f3 despavorida hasta la casa de sus padres.<br \/>\nLa menor, al llegar hasta su vivienda, relat\u00f3 llorando los sucesos a sus padres quienes de inmediato denunciaron los hechos a Carabineros, debiendo concurrir hasta el lugar de los hechos. Luego de los testimonios de la v\u00edctima, la polic\u00eda uniformada procedi\u00f3 a la detenci\u00f3n del imputado para ser derivado hasta la Segunda Comisar\u00eda en calidad de detenido.<br \/>\nDurante la ma\u00f1ana de este viernes, el imputado de iniciales J.V.A. fue sometido a control de detenci\u00f3n por la Fiscal\u00eda que lo formaliz\u00f3 por abuso sexual impropio por transgredir la esfera de la sexualidad de la ni\u00f1a, persiguiendo la cautelar de arresto domiciliario total por la gravedad del delito. Sin embargo, el Tribunal redujo las cautelares decretando firma mensual en Carabineros y la prohibici\u00f3n de acercarse a la v\u00edctima, en atenci\u00f3n a que contaba intachable conducta anterior.<br \/>\nEl Ministerio P\u00fablico tiene un plazo de 60 d\u00edas para la investigaci\u00f3n del caso. Asimismo al t\u00e9rmino de la audiencia el imputado recuper\u00f3 su libertad.<br \/>\n<strong>Pablo Salinas Sald\u00edas <\/strong><\/p>\n","protected":false},"excerpt":{"rendered":"<p>El imputado fue acusado por ni\u00f1a de 11 a\u00f1os, quien habr\u00eda sido besada a la fuerza por el propietario de minimarket, en momentos que la v\u00edctima acudi\u00f3 encomendada por sus padres a&#8230;<\/p>\n","protected":false},"author":482,"featured_media":64140,"comment_status":"open","ping_status":"open","sticky":false,"template":"","format":"standard","meta":{"advanced_seo_description":"","jetpack_seo_html_title":"","jetpack_seo_noindex":false,"_jetpack_memberships_contains_paid_content":false,"footnotes":""},"categories":[21],"tags":[],"class_list":["post-64139","post","type-post","status-publish","format-standard","has-post-thumbnail","hentry","category-policial"],"jetpack_featured_media_url":"https:\/\/i0.wp.com\/eltrabajo.cl\/portal\/wp-content\/uploads\/2015\/11\/ni%C3%B1a-abusada1.jpg?fit=530%2C348&ssl=1","jetpack_sharing_enabled":true,"jetpack_likes_enabled":true,"jetpack-related-posts":[],"_links":{"self":[{"href":"https:\/\/eltrabajo.cl\/portal\/wp-json\/wp\/v2\/posts\/64139","targetHints":{"allow":["GET"]}}],"collection":[{"href":"https:\/\/eltrabajo.cl\/portal\/wp-json\/wp\/v2\/posts"}],"about":[{"href":"https:\/\/eltrabajo.cl\/portal\/wp-json\/wp\/v2\/types\/post"}],"author":[{"embeddable":true,"href":"https:\/\/eltrabajo.cl\/portal\/wp-json\/wp\/v2\/users\/482"}],"replies":[{"embeddable":true,"href":"https:\/\/eltrabajo.cl\/portal\/wp-json\/wp\/v2\/comments?post=64139"}],"version-history":[{"count":0,"href":"https:\/\/eltrabajo.cl\/portal\/wp-json\/wp\/v2\/posts\/64139\/revisions"}],"wp:featuredmedia":[{"embeddable":true,"href":"https:\/\/eltrabajo.cl\/portal\/wp-json\/wp\/v2\/media\/64140"}],"wp:attachment":[{"href":"https:\/\/eltrabajo.cl\/portal\/wp-json\/wp\/v2\/media?parent=64139"}],"wp:term":[{"taxonomy":"category","embeddable":true,"href":"https:\/\/eltrabajo.cl\/portal\/wp-json\/wp\/v2\/categories?post=64139"},{"taxonomy":"post_tag","embeddable":true,"href":"https:\/\/eltrabajo.cl\/portal\/wp-json\/wp\/v2\/tags?post=64139"}],"curies":[{"name":"wp","href":"https:\/\/api.w.org\/{rel}","templated":true}]}}