{"id":64142,"date":"2015-11-23T09:43:51","date_gmt":"2015-11-23T12:43:51","guid":{"rendered":"http:\/\/www.eltrabajo.cl\/portal\/?p=64142"},"modified":"2015-11-23T09:43:51","modified_gmt":"2015-11-23T12:43:51","slug":"incendio-estrua-de-el-arenal","status":"publish","type":"post","link":"https:\/\/eltrabajo.cl\/portal\/incendio-estrua-de-el-arenal\/","title":{"rendered":"Incendio estructural dej\u00f3 da\u00f1os de consideraci\u00f3n en casa de El Arenal"},"content":{"rendered":"<figure id=\"attachment_64143\" aria-describedby=\"caption-attachment-64143\" style=\"width: 300px\" class=\"wp-caption alignleft\"><a href=\"https:\/\/i0.wp.com\/www.eltrabajo.cl\/portal\/wp-content\/uploads\/2015\/11\/Amago-incendio-el-Arenal.jpg\"><img data-recalc-dims=\"1\" loading=\"lazy\" decoding=\"async\" class=\"wp-image-64143 size-medium\" src=\"https:\/\/i0.wp.com\/www.eltrabajo.cl\/portal\/wp-content\/uploads\/2015\/11\/Amago-incendio-el-Arenal-300x198.jpg?resize=300%2C198\" alt=\"Si bien el incendio da\u00f1\u00f3 la vivienda de material ligero, sus ocupantes resultaron ilesos, solo hubo da\u00f1os materiales.\" width=\"300\" height=\"198\" srcset=\"https:\/\/i0.wp.com\/eltrabajo.cl\/portal\/wp-content\/uploads\/2015\/11\/Amago-incendio-el-Arenal.jpg?resize=300%2C198&amp;ssl=1 300w, https:\/\/i0.wp.com\/eltrabajo.cl\/portal\/wp-content\/uploads\/2015\/11\/Amago-incendio-el-Arenal.jpg?resize=200%2C132&amp;ssl=1 200w, https:\/\/i0.wp.com\/eltrabajo.cl\/portal\/wp-content\/uploads\/2015\/11\/Amago-incendio-el-Arenal.jpg?resize=227%2C150&amp;ssl=1 227w, https:\/\/i0.wp.com\/eltrabajo.cl\/portal\/wp-content\/uploads\/2015\/11\/Amago-incendio-el-Arenal.jpg?resize=400%2C264&amp;ssl=1 400w, https:\/\/i0.wp.com\/eltrabajo.cl\/portal\/wp-content\/uploads\/2015\/11\/Amago-incendio-el-Arenal.jpg?w=530&amp;ssl=1 530w\" sizes=\"auto, (max-width: 300px) 100vw, 300px\" \/><\/a><figcaption id=\"caption-attachment-64143\" class=\"wp-caption-text\">Si bien el incendio da\u00f1\u00f3 la vivienda de material ligero, sus ocupantes resultaron ilesos, solo hubo da\u00f1os materiales.<\/figcaption><\/figure>\n<p><strong>PUTAENDO<\/strong>.- Un incendio estructural afect\u00f3 a una vivienda de material ligero en el sector El Arenal de la comuna, consumiendo por efecto del fuego, camas, ropa y algunos enseres.<br \/>\nFaltando minutos para las 19:00 hrs de este jueves, la dirigente Mar\u00eda Salinas, que se encontraba junto a sus hijos en el exterior de su vivienda ubicada en el sector El Arenal, se percat\u00f3 que desde uno de los dormitorios comenzaba a salir humo por lo que grit\u00f3 a su esposo, el que r\u00e1pidamente ingres\u00f3 a la vivienda y comprob\u00f3 que ya hab\u00eda fuego en las dependencias y en el entretecho.<br \/>\nEsto permiti\u00f3 afortunadamente, que comenzaran a arrojar agua en forma inmediata, a lo que se sumaron otros vecinos que evitaron que el fuego se descontrolara y envolviera la vivienda de material ligero producto del intenso fuego y humo que sal\u00eda desde el peque\u00f1o dormitorio.<br \/>\nCasi la totalidad de la ropa, entre la que se encuentra la de una peque\u00f1ita, una cama, un sill\u00f3n y varios otros enseres, quedaron destruidos por el fuego de la vivienda de la dirigente Mar\u00eda Salinas.<br \/>\nVisiblemente afectada, Salinas se\u00f1al\u00f3 que afortunadamente se dio cuenta a tiempo y su marido y otros vecinos lograron controlar el fuego, y agreg\u00f3 que lo m\u00e1s importante es que sus hijos est\u00e1n bien; mientras que en lo relacionado a lo material indic\u00f3 que lo m\u00e1s preocupante por el momento es la ropa de su nieta e hijos que se quem\u00f3 y da\u00f1\u00f3.<br \/>\nEn tanto el comandante de Bomberos de Putaendo Luis Sep\u00falveda Hidalgo, confirm\u00f3 que la intervenci\u00f3n de los due\u00f1os de la vivienda y lugare\u00f1os evit\u00f3 que el fuego se descontrolara y abarcara el resto de la estructura de material ligero. En lo relacionado a la causa probable del siniestro, se\u00f1al\u00f3 que no pod\u00eda pronunciarse pues a\u00fan es materia de investigaci\u00f3n por parte del departamento t\u00e9cnico de la instituci\u00f3n.<br \/>\n<strong>Patricio Gallardo M.<\/strong><\/p>\n","protected":false},"excerpt":{"rendered":"<p>PUTAENDO.- Un incendio estructural afect\u00f3 a una vivienda de material ligero en el sector El Arenal de la comuna, consumiendo por efecto del fuego, camas, ropa y algunos enseres. Faltando minutos para&#8230;<\/p>\n","protected":false},"author":482,"featured_media":64143,"comment_status":"open","ping_status":"open","sticky":false,"template":"","format":"standard","meta":{"advanced_seo_description":"","jetpack_seo_html_title":"","jetpack_seo_noindex":false,"_jetpack_memberships_contains_paid_content":false,"footnotes":""},"categories":[21],"tags":[],"class_list":["post-64142","post","type-post","status-publish","format-standard","has-post-thumbnail","hentry","category-policial"],"jetpack_featured_media_url":"https:\/\/i0.wp.com\/eltrabajo.cl\/portal\/wp-content\/uploads\/2015\/11\/Amago-incendio-el-Arenal.jpg?fit=530%2C350&ssl=1","jetpack_sharing_enabled":true,"jetpack_likes_enabled":true,"jetpack-related-posts":[],"_links":{"self":[{"href":"https:\/\/eltrabajo.cl\/portal\/wp-json\/wp\/v2\/posts\/64142","targetHints":{"allow":["GET"]}}],"collection":[{"href":"https:\/\/eltrabajo.cl\/portal\/wp-json\/wp\/v2\/posts"}],"about":[{"href":"https:\/\/eltrabajo.cl\/portal\/wp-json\/wp\/v2\/types\/post"}],"author":[{"embeddable":true,"href":"https:\/\/eltrabajo.cl\/portal\/wp-json\/wp\/v2\/users\/482"}],"replies":[{"embeddable":true,"href":"https:\/\/eltrabajo.cl\/portal\/wp-json\/wp\/v2\/comments?post=64142"}],"version-history":[{"count":0,"href":"https:\/\/eltrabajo.cl\/portal\/wp-json\/wp\/v2\/posts\/64142\/revisions"}],"wp:featuredmedia":[{"embeddable":true,"href":"https:\/\/eltrabajo.cl\/portal\/wp-json\/wp\/v2\/media\/64143"}],"wp:attachment":[{"href":"https:\/\/eltrabajo.cl\/portal\/wp-json\/wp\/v2\/media?parent=64142"}],"wp:term":[{"taxonomy":"category","embeddable":true,"href":"https:\/\/eltrabajo.cl\/portal\/wp-json\/wp\/v2\/categories?post=64142"},{"taxonomy":"post_tag","embeddable":true,"href":"https:\/\/eltrabajo.cl\/portal\/wp-json\/wp\/v2\/tags?post=64142"}],"curies":[{"name":"wp","href":"https:\/\/api.w.org\/{rel}","templated":true}]}}