{"id":64145,"date":"2015-11-23T09:45:37","date_gmt":"2015-11-23T12:45:37","guid":{"rendered":"http:\/\/www.eltrabajo.cl\/portal\/?p=64145"},"modified":"2015-11-23T09:45:37","modified_gmt":"2015-11-23T12:45:37","slug":"detienen-a-suj-liceo-amancay","status":"publish","type":"post","link":"https:\/\/eltrabajo.cl\/portal\/detienen-a-suj-liceo-amancay\/","title":{"rendered":"Detienen a sujeto robando oficinas administrativas del Liceo Amancay"},"content":{"rendered":"<figure id=\"attachment_64146\" aria-describedby=\"caption-attachment-64146\" style=\"width: 300px\" class=\"wp-caption alignleft\"><a href=\"https:\/\/i0.wp.com\/www.eltrabajo.cl\/portal\/wp-content\/uploads\/2015\/11\/amancay_ladron1.jpg\"><img data-recalc-dims=\"1\" loading=\"lazy\" decoding=\"async\" class=\"wp-image-64146 size-medium\" src=\"https:\/\/i0.wp.com\/www.eltrabajo.cl\/portal\/wp-content\/uploads\/2015\/11\/amancay_ladron1-300x198.jpg?resize=300%2C198\" alt=\"Cristi\u00e1n Serrano Z\u00fa\u00f1iga fue sentenciado a 80 horas de prestaci\u00f3n de servicios a favor de la comunidad.\" width=\"300\" height=\"198\" srcset=\"https:\/\/i0.wp.com\/eltrabajo.cl\/portal\/wp-content\/uploads\/2015\/11\/amancay_ladron1.jpg?resize=300%2C198&amp;ssl=1 300w, https:\/\/i0.wp.com\/eltrabajo.cl\/portal\/wp-content\/uploads\/2015\/11\/amancay_ladron1.jpg?resize=200%2C132&amp;ssl=1 200w, https:\/\/i0.wp.com\/eltrabajo.cl\/portal\/wp-content\/uploads\/2015\/11\/amancay_ladron1.jpg?resize=228%2C150&amp;ssl=1 228w, https:\/\/i0.wp.com\/eltrabajo.cl\/portal\/wp-content\/uploads\/2015\/11\/amancay_ladron1.jpg?resize=400%2C263&amp;ssl=1 400w, https:\/\/i0.wp.com\/eltrabajo.cl\/portal\/wp-content\/uploads\/2015\/11\/amancay_ladron1.jpg?w=530&amp;ssl=1 530w\" sizes=\"auto, (max-width: 300px) 100vw, 300px\" \/><\/a><figcaption id=\"caption-attachment-64146\" class=\"wp-caption-text\">Cristi\u00e1n Serrano Z\u00fa\u00f1iga fue sentenciado a 80 horas de prestaci\u00f3n de servicios a favor de la comunidad.<\/figcaption><\/figure>\n<p><strong>LOS ANDES<\/strong>.- La oportuna alerta dada por transe\u00fantes permiti\u00f3 a Carabineros del cuadrante central arrestar a un peligroso antisocial oriundo de Santiago que se encontraba sustrayendo especies desde las oficinas administrativas del liceo Amancay ubicado en calle Membrillar N\u00ba 445.<br \/>\nEl delincuente forz\u00f3 el candado de la reja principal y luego las protecciones de la ventana de una de las oficinas para acceder al interior y sustraer un minicomponente y un juego de micr\u00f3fonos.<br \/>\nEl Comisario de Carabineros de Los Andes, Mayor Edgardo Egli, indic\u00f3 que a las 00:50 horas de la madrugada de este s\u00e1bado recibieron el comunicado alertando del robo en el establecimiento educacional.<br \/>\nDe inmediato una patrulla se dirigi\u00f3 al lugar y sorprendi\u00f3 de manera in farganti al delincuente en el interior de la oficina, constatando adem\u00e1s la forma de ingreso v\u00eda fractura de los candados de la reja principal.<br \/>\nEl maleante manten\u00eda las especies a\u00fan en su mochila, las que fueron reconocidas por el cuidador del colegio.<br \/>\nEl ladr\u00f3n fue identificado como Cristi\u00e1n Alexis Serrano Z\u00fa\u00f1iga, de 30 a\u00f1os, con domicilio en la comuna de La Pintana en Santiago, el cual qued\u00f3 a disposici\u00f3n del Tribunal de Garant\u00eda por el delito de robo en lugar no habitado.<br \/>\nEl fiscal Osvaldo Basso lo requiri\u00f3 en procedimiento simplificado por este delito y como acept\u00f3 su responsabilidad fue condenado a 61 d\u00edas de presidio, pero se le sustituy\u00f3 la pena por 80 horas de prestaci\u00f3n de servicios en favor de la comunidad.<\/p>\n","protected":false},"excerpt":{"rendered":"<p>LOS ANDES.- La oportuna alerta dada por transe\u00fantes permiti\u00f3 a Carabineros del cuadrante central arrestar a un peligroso antisocial oriundo de Santiago que se encontraba sustrayendo especies desde las oficinas administrativas del&#8230;<\/p>\n","protected":false},"author":482,"featured_media":64146,"comment_status":"open","ping_status":"open","sticky":false,"template":"","format":"standard","meta":{"advanced_seo_description":"","jetpack_seo_html_title":"","jetpack_seo_noindex":false,"_jetpack_memberships_contains_paid_content":false,"footnotes":""},"categories":[21],"tags":[],"class_list":["post-64145","post","type-post","status-publish","format-standard","has-post-thumbnail","hentry","category-policial"],"jetpack_featured_media_url":"https:\/\/i0.wp.com\/eltrabajo.cl\/portal\/wp-content\/uploads\/2015\/11\/amancay_ladron1.jpg?fit=530%2C349&ssl=1","jetpack_sharing_enabled":true,"jetpack_likes_enabled":true,"jetpack-related-posts":[],"_links":{"self":[{"href":"https:\/\/eltrabajo.cl\/portal\/wp-json\/wp\/v2\/posts\/64145","targetHints":{"allow":["GET"]}}],"collection":[{"href":"https:\/\/eltrabajo.cl\/portal\/wp-json\/wp\/v2\/posts"}],"about":[{"href":"https:\/\/eltrabajo.cl\/portal\/wp-json\/wp\/v2\/types\/post"}],"author":[{"embeddable":true,"href":"https:\/\/eltrabajo.cl\/portal\/wp-json\/wp\/v2\/users\/482"}],"replies":[{"embeddable":true,"href":"https:\/\/eltrabajo.cl\/portal\/wp-json\/wp\/v2\/comments?post=64145"}],"version-history":[{"count":0,"href":"https:\/\/eltrabajo.cl\/portal\/wp-json\/wp\/v2\/posts\/64145\/revisions"}],"wp:featuredmedia":[{"embeddable":true,"href":"https:\/\/eltrabajo.cl\/portal\/wp-json\/wp\/v2\/media\/64146"}],"wp:attachment":[{"href":"https:\/\/eltrabajo.cl\/portal\/wp-json\/wp\/v2\/media?parent=64145"}],"wp:term":[{"taxonomy":"category","embeddable":true,"href":"https:\/\/eltrabajo.cl\/portal\/wp-json\/wp\/v2\/categories?post=64145"},{"taxonomy":"post_tag","embeddable":true,"href":"https:\/\/eltrabajo.cl\/portal\/wp-json\/wp\/v2\/tags?post=64145"}],"curies":[{"name":"wp","href":"https:\/\/api.w.org\/{rel}","templated":true}]}}