{"id":64154,"date":"2015-11-23T09:59:26","date_gmt":"2015-11-23T12:59:26","guid":{"rendered":"http:\/\/www.eltrabajo.cl\/portal\/?p=64154"},"modified":"2015-11-23T09:59:26","modified_gmt":"2015-11-23T12:59:26","slug":"64154-2","status":"publish","type":"post","link":"https:\/\/eltrabajo.cl\/portal\/64154-2\/","title":{"rendered":"Javiera Osorio es la nueva Reina de la Fiesta de la Primavera"},"content":{"rendered":"<figure id=\"attachment_64155\" aria-describedby=\"caption-attachment-64155\" style=\"width: 300px\" class=\"wp-caption alignleft\"><a href=\"https:\/\/i0.wp.com\/www.eltrabajo.cl\/portal\/wp-content\/uploads\/2015\/11\/Patita33.jpg\"><img data-recalc-dims=\"1\" loading=\"lazy\" decoding=\"async\" class=\"wp-image-64155 size-medium\" src=\"https:\/\/i0.wp.com\/www.eltrabajo.cl\/portal\/wp-content\/uploads\/2015\/11\/Patita33-300x198.jpg?resize=300%2C198\" alt=\"SIEMPRE LA PATITA.- Ella es la despampanante Daisy \u2018La Patita\u2019 Galdames Navarrete, quien representa al Taller Femenino Sol de Aconcagua, grupo de trabajo social que opera en San Rafael.\" width=\"300\" height=\"198\" srcset=\"https:\/\/i0.wp.com\/eltrabajo.cl\/portal\/wp-content\/uploads\/2015\/11\/Patita33.jpg?resize=300%2C198&amp;ssl=1 300w, https:\/\/i0.wp.com\/eltrabajo.cl\/portal\/wp-content\/uploads\/2015\/11\/Patita33.jpg?resize=200%2C132&amp;ssl=1 200w, https:\/\/i0.wp.com\/eltrabajo.cl\/portal\/wp-content\/uploads\/2015\/11\/Patita33.jpg?resize=227%2C150&amp;ssl=1 227w, https:\/\/i0.wp.com\/eltrabajo.cl\/portal\/wp-content\/uploads\/2015\/11\/Patita33.jpg?resize=400%2C264&amp;ssl=1 400w, https:\/\/i0.wp.com\/eltrabajo.cl\/portal\/wp-content\/uploads\/2015\/11\/Patita33.jpg?w=530&amp;ssl=1 530w\" sizes=\"auto, (max-width: 300px) 100vw, 300px\" \/><\/a><figcaption id=\"caption-attachment-64155\" class=\"wp-caption-text\">SIEMPRE LA PATITA.- Ella es la despampanante Daisy \u2018La Patita\u2019 Galdames Navarrete, quien representa al Taller Femenino Sol de Aconcagua, grupo de trabajo social que opera en San Rafael.<\/figcaption><\/figure>\n<p>Fue la bella industrialina Javiera Osorio, de 16 a\u00f1os, quien sorprendiera a miles de sanfelipe\u00f1os y a las dem\u00e1s candidatas al certamen Fiesta de la Primavera 2015, quien se coron\u00f3 como nueva Reina de la Primavera. Diego Caneo es quien figura como Rey Feo de la juvenil Soberana.<br \/>\nEs categ\u00f3rico, la comisi\u00f3n organizadora y al Departamento de Organizaciones Comunitarias de la Municipalidad de San Felipe, definitivamente super\u00f3 el trabajo organizativo de la Fiesta de la Primavera del a\u00f1o pasado, pues las 15 agrupaciones que participaron en la versi\u00f3n 2015 hicieron so\u00f1ar despiertos a chicos y grandes en nuestras plazas C\u00edvica y de Armas, pues fue el s\u00e1bado cuando se presentaron las nueve candidatas a reina, el desfile de carros aleg\u00f3ricos y se realiz\u00f3 las respectivas premiaciones.<\/p>\n<p><strong>LAS CANDIDATAS<\/strong><br \/>\nPero, \u00bfqui\u00e9nes son las candidatas que dieron vida a esta jornada 2015?, ellas son Paulina Squella (Miss Simpat\u00eda) represent\u00f3 al Club Social Avanzar con alegr\u00eda; Mariana Vergara (Virreina), quien particip\u00f3 a nombre de la Junta Vecinal de La Quebrada; Javiera Osorio (Reina) es la representante de la Escuela Industrial de San Felipe; Daisy Gald\u00e1mes por el Taller Femenino Aconcagua; Edith Soto particip\u00f3 con la Junta de Vecinos Los Campos; por la Junta de Vecinos Portal Aconcagua, particip\u00f3 Katherine Garc\u00eda y Nataly Pino lo hizo por varias agrupaciones en conjunto, de nuestra comuna.<\/p>\n<p><strong>ESPECTACULAR<\/strong><br \/>\nLa actividad inici\u00f3 una hora despu\u00e9s, a ra\u00edz del retraso generado por un incendio en las cercan\u00edas de la ciudad (leer nota aparte), situaci\u00f3n que no impidi\u00f3 que en el desfile de los carros aleg\u00f3ricos se lucieran llenos de vida, color y mucha alegr\u00eda de quienes lo animaban.<br \/>\n\u00abSiento que todo el empe\u00f1o que tuve y todos los viajes y actividades vali\u00f3 la pena, le digo a las chicas que \u2018se la jueguen\u2019 para el pr\u00f3ximo a\u00f1o, espero que se me permita participar en las actividades que corresponda a mi cargo\u00bb, dijo a Diario El Trabajo la nueva Reina de la Primavera, Javiera Osorio.<br \/>\nEl alcalde Patricio Freire coment\u00f3 tambi\u00e9n a nuestro medio que \u00abeste es un gran trabajo de todas y de todos, juntas vecinales, departamentos municipales, medios de comunicaci\u00f3n y el entusiasmo de las candidatas fueron tambi\u00e9n muy importante para que este a\u00f1o se diera continuidad a esta fiesta tan importante para nuestra comuna\u00bb.<br \/>\nEs importante tambi\u00e9n destacar que todo el engranaje de esta jornada 2015 de estas fiestas, est\u00e1 coordinada con Alicia Niclaux, asistente social de la Municipalidad; Ricardo Ruiz y Carla Rodr\u00edguez, entre otros involucrados.<br \/>\n<strong>Roberto Gonz\u00e1lez Short<\/strong><br \/>\n<strong>rgonzalez@eltrabajo.cl<\/strong><\/p>\n<div class=\"tiled-gallery type-rectangular tiled-gallery-unresized\" data-original-width=\"640\" data-carousel-extra='null' itemscope itemtype=\"http:\/\/schema.org\/ImageGallery\" > <div class=\"gallery-row\" style=\"width: 640px; height: 283px;\" data-original-width=\"640\" data-original-height=\"283\" > <div class=\"gallery-group images-1\" style=\"width: 428px; height: 283px;\" data-original-width=\"428\" data-original-height=\"283\" > <div class=\"tiled-gallery-item tiled-gallery-item-large\" itemprop=\"associatedMedia\" itemscope itemtype=\"http:\/\/schema.org\/ImageObject\"> <a href=\"https:\/\/eltrabajo.cl\/portal\/64154-2\/pintora33\/\" border=\"0\" itemprop=\"url\"> <meta itemprop=\"width\" content=\"424\"> <meta itemprop=\"height\" content=\"279\"> <img decoding=\"async\" class=\"\" data-attachment-id=\"64157\" data-orig-file=\"https:\/\/eltrabajo.cl\/portal\/wp-content\/uploads\/2015\/11\/Pintora33.jpg\" data-orig-size=\"530,349\" data-comments-opened=\"1\" data-image-meta=\"{&quot;aperture&quot;:&quot;0&quot;,&quot;credit&quot;:&quot;&quot;,&quot;camera&quot;:&quot;&quot;,&quot;caption&quot;:&quot;&quot;,&quot;created_timestamp&quot;:&quot;0&quot;,&quot;copyright&quot;:&quot;&quot;,&quot;focal_length&quot;:&quot;0&quot;,&quot;iso&quot;:&quot;0&quot;,&quot;shutter_speed&quot;:&quot;0&quot;,&quot;title&quot;:&quot;&quot;,&quot;orientation&quot;:&quot;0&quot;}\" data-image-title=\"Pintora33\" data-image-description=\"&lt;p&gt;TIZADA GENIAL.- La peque\u00f1a Danitza Cueto, gan\u00f3 el concurso de pintado con tiza en nuestra Plaza C\u00edvica.&lt;\/p&gt; \" data-medium-file=\"https:\/\/i0.wp.com\/eltrabajo.cl\/portal\/wp-content\/uploads\/2015\/11\/Pintora33.jpg?fit=300%2C198&#038;ssl=1\" data-large-file=\"https:\/\/i0.wp.com\/eltrabajo.cl\/portal\/wp-content\/uploads\/2015\/11\/Pintora33.jpg?fit=530%2C349&#038;ssl=1\" src=\"https:\/\/i0.wp.com\/eltrabajo.cl\/portal\/wp-content\/uploads\/2015\/11\/Pintora33.jpg?w=424&#038;h=279&#038;ssl=1\" srcset=\"https:\/\/i0.wp.com\/eltrabajo.cl\/portal\/wp-content\/uploads\/2015\/11\/Pintora33.jpg?w=530&amp;ssl=1 530w, https:\/\/i0.wp.com\/eltrabajo.cl\/portal\/wp-content\/uploads\/2015\/11\/Pintora33.jpg?resize=200%2C132&amp;ssl=1 200w, https:\/\/i0.wp.com\/eltrabajo.cl\/portal\/wp-content\/uploads\/2015\/11\/Pintora33.jpg?resize=300%2C198&amp;ssl=1 300w, https:\/\/i0.wp.com\/eltrabajo.cl\/portal\/wp-content\/uploads\/2015\/11\/Pintora33.jpg?resize=228%2C150&amp;ssl=1 228w, https:\/\/i0.wp.com\/eltrabajo.cl\/portal\/wp-content\/uploads\/2015\/11\/Pintora33.jpg?resize=400%2C263&amp;ssl=1 400w\" width=\"424\" height=\"279\" loading=\"lazy\" data-original-width=\"424\" data-original-height=\"279\" itemprop=\"http:\/\/schema.org\/image\" title=\"Pintora33\" alt=\"TIZADA GENIAL.- La peque\u00f1a Danitza Cueto, gan\u00f3 el concurso de pintado con tiza en nuestra Plaza C\u00edvica.\" style=\"width: 424px; height: 279px;\" \/> <\/a> <div class=\"tiled-gallery-caption\" itemprop=\"caption description\"> TIZADA GENIAL.- La peque\u00f1a Danitza Cueto, gan\u00f3 el concurso de pintado con tiza en nuestra Plaza C\u00edvica. <\/div> <\/div> <\/div> <!-- close group --> <div class=\"gallery-group images-2\" style=\"width: 212px; height: 283px;\" data-original-width=\"212\" data-original-height=\"283\" > <div class=\"tiled-gallery-item tiled-gallery-item-small\" itemprop=\"associatedMedia\" itemscope itemtype=\"http:\/\/schema.org\/ImageObject\"> <a href=\"https:\/\/eltrabajo.cl\/portal\/64154-2\/mariana-vergara\/\" border=\"0\" itemprop=\"url\"> <meta itemprop=\"width\" content=\"208\"> <meta itemprop=\"height\" content=\"138\"> <img decoding=\"async\" class=\"\" data-attachment-id=\"64162\" data-orig-file=\"https:\/\/eltrabajo.cl\/portal\/wp-content\/uploads\/2015\/11\/Mariana-Vergara.jpg\" data-orig-size=\"530,350\" data-comments-opened=\"1\" data-image-meta=\"{&quot;aperture&quot;:&quot;0&quot;,&quot;credit&quot;:&quot;&quot;,&quot;camera&quot;:&quot;&quot;,&quot;caption&quot;:&quot;&quot;,&quot;created_timestamp&quot;:&quot;0&quot;,&quot;copyright&quot;:&quot;&quot;,&quot;focal_length&quot;:&quot;0&quot;,&quot;iso&quot;:&quot;0&quot;,&quot;shutter_speed&quot;:&quot;0&quot;,&quot;title&quot;:&quot;&quot;,&quot;orientation&quot;:&quot;0&quot;}\" data-image-title=\"Mariana Vergara\" data-image-description=\"&lt;p&gt;Mariana Vergara es la Virreina del certamen primaveral, ella logr\u00f3 el segundo lugar en puntaje durante esta jornada.&lt;\/p&gt; \" data-medium-file=\"https:\/\/i0.wp.com\/eltrabajo.cl\/portal\/wp-content\/uploads\/2015\/11\/Mariana-Vergara.jpg?fit=300%2C198&#038;ssl=1\" data-large-file=\"https:\/\/i0.wp.com\/eltrabajo.cl\/portal\/wp-content\/uploads\/2015\/11\/Mariana-Vergara.jpg?fit=530%2C350&#038;ssl=1\" src=\"https:\/\/i0.wp.com\/eltrabajo.cl\/portal\/wp-content\/uploads\/2015\/11\/Mariana-Vergara.jpg?w=208&#038;h=138&#038;ssl=1\" srcset=\"https:\/\/i0.wp.com\/eltrabajo.cl\/portal\/wp-content\/uploads\/2015\/11\/Mariana-Vergara.jpg?w=530&amp;ssl=1 530w, https:\/\/i0.wp.com\/eltrabajo.cl\/portal\/wp-content\/uploads\/2015\/11\/Mariana-Vergara.jpg?resize=200%2C132&amp;ssl=1 200w, https:\/\/i0.wp.com\/eltrabajo.cl\/portal\/wp-content\/uploads\/2015\/11\/Mariana-Vergara.jpg?resize=300%2C198&amp;ssl=1 300w, https:\/\/i0.wp.com\/eltrabajo.cl\/portal\/wp-content\/uploads\/2015\/11\/Mariana-Vergara.jpg?resize=227%2C150&amp;ssl=1 227w, https:\/\/i0.wp.com\/eltrabajo.cl\/portal\/wp-content\/uploads\/2015\/11\/Mariana-Vergara.jpg?resize=400%2C264&amp;ssl=1 400w\" width=\"208\" height=\"138\" loading=\"lazy\" data-original-width=\"208\" data-original-height=\"138\" itemprop=\"http:\/\/schema.org\/image\" title=\"Mariana Vergara\" alt=\"Mariana Vergara es la Virreina del certamen primaveral, ella logr\u00f3 el segundo lugar en puntaje durante esta jornada.\" style=\"width: 208px; height: 138px;\" \/> <\/a> <div class=\"tiled-gallery-caption\" itemprop=\"caption description\"> Mariana Vergara es la Virreina del certamen primaveral, ella logr\u00f3 el segundo lugar en puntaje durante esta jornada. <\/div> <\/div> <div class=\"tiled-gallery-item tiled-gallery-item-small\" itemprop=\"associatedMedia\" itemscope itemtype=\"http:\/\/schema.org\/ImageObject\"> <a href=\"https:\/\/eltrabajo.cl\/portal\/64154-2\/principal1-3\/\" border=\"0\" itemprop=\"url\"> <meta itemprop=\"width\" content=\"208\"> <meta itemprop=\"height\" content=\"137\"> <img decoding=\"async\" class=\"\" data-attachment-id=\"64159\" data-orig-file=\"https:\/\/eltrabajo.cl\/portal\/wp-content\/uploads\/2015\/11\/Principal1.jpg\" data-orig-size=\"530,349\" data-comments-opened=\"1\" data-image-meta=\"{&quot;aperture&quot;:&quot;0&quot;,&quot;credit&quot;:&quot;&quot;,&quot;camera&quot;:&quot;&quot;,&quot;caption&quot;:&quot;&quot;,&quot;created_timestamp&quot;:&quot;0&quot;,&quot;copyright&quot;:&quot;&quot;,&quot;focal_length&quot;:&quot;0&quot;,&quot;iso&quot;:&quot;0&quot;,&quot;shutter_speed&quot;:&quot;0&quot;,&quot;title&quot;:&quot;&quot;,&quot;orientation&quot;:&quot;0&quot;}\" data-image-title=\"Principal1\" data-image-description=\"&lt;p&gt;BELLEZA Y JUVENTUD.- Con la coronaci\u00f3n de la bella industrialina Javiera Osorio, de apenas 16 a\u00f1os y de su \u2018Rey Feo\u2019, Diego Caneo, las autoridades y Jurado del certamen dieron por terminada la Fiesta de Coronaci\u00f3n de la Reina de la Primavera 2015. La jovencita sali\u00f3 cargada de premios y el cari\u00f1o de todos los sanfelipe\u00f1os. (Foto Roberto Gonz\u00e1lez Short)&lt;\/p&gt; \" data-medium-file=\"https:\/\/i0.wp.com\/eltrabajo.cl\/portal\/wp-content\/uploads\/2015\/11\/Principal1.jpg?fit=300%2C198&#038;ssl=1\" data-large-file=\"https:\/\/i0.wp.com\/eltrabajo.cl\/portal\/wp-content\/uploads\/2015\/11\/Principal1.jpg?fit=530%2C349&#038;ssl=1\" src=\"https:\/\/i0.wp.com\/eltrabajo.cl\/portal\/wp-content\/uploads\/2015\/11\/Principal1.jpg?w=208&#038;h=137&#038;ssl=1\" srcset=\"https:\/\/i0.wp.com\/eltrabajo.cl\/portal\/wp-content\/uploads\/2015\/11\/Principal1.jpg?w=530&amp;ssl=1 530w, https:\/\/i0.wp.com\/eltrabajo.cl\/portal\/wp-content\/uploads\/2015\/11\/Principal1.jpg?resize=200%2C132&amp;ssl=1 200w, https:\/\/i0.wp.com\/eltrabajo.cl\/portal\/wp-content\/uploads\/2015\/11\/Principal1.jpg?resize=300%2C198&amp;ssl=1 300w, https:\/\/i0.wp.com\/eltrabajo.cl\/portal\/wp-content\/uploads\/2015\/11\/Principal1.jpg?resize=228%2C150&amp;ssl=1 228w, https:\/\/i0.wp.com\/eltrabajo.cl\/portal\/wp-content\/uploads\/2015\/11\/Principal1.jpg?resize=400%2C263&amp;ssl=1 400w\" width=\"208\" height=\"137\" loading=\"lazy\" data-original-width=\"208\" data-original-height=\"137\" itemprop=\"http:\/\/schema.org\/image\" title=\"Principal1\" alt=\"BELLEZA Y JUVENTUD.- Con la coronaci\u00f3n de la bella industrialina Javiera Osorio, de apenas 16 a\u00f1os y de su \u2018Rey Feo\u2019, Diego Caneo, las autoridades y Jurado del certamen dieron por terminada la Fiesta de Coronaci\u00f3n de la Reina de la Primavera 2015. La jovencita sali\u00f3 cargada de premios y el cari\u00f1o de todos los sanfelipe\u00f1os. (Foto Roberto Gonz\u00e1lez Short)\" style=\"width: 208px; height: 137px;\" \/> <\/a> <div class=\"tiled-gallery-caption\" itemprop=\"caption description\"> BELLEZA Y JUVENTUD.- Con la coronaci\u00f3n de la bella industrialina Javiera Osorio, de apenas 16 a\u00f1os y de su \u2018Rey Feo\u2019, Diego Caneo, las autoridades y Jurado del certamen dieron por terminada la Fiesta de Coronaci\u00f3n de la Reina de la Primavera 2015. La jovencita sali\u00f3 cargada de premios y el cari\u00f1o de todos los sanfelipe\u00f1os. (Foto Roberto Gonz\u00e1lez Short) <\/div> <\/div> <\/div> <!-- close group --> <\/div> <!-- close row --> <div class=\"gallery-row\" style=\"width: 640px; height: 107px;\" data-original-width=\"640\" data-original-height=\"107\" > <div class=\"gallery-group images-1\" style=\"width: 160px; height: 107px;\" data-original-width=\"160\" data-original-height=\"107\" > <div class=\"tiled-gallery-item tiled-gallery-item-small\" itemprop=\"associatedMedia\" itemscope itemtype=\"http:\/\/schema.org\/ImageObject\"> <a href=\"https:\/\/eltrabajo.cl\/portal\/64154-2\/paulina-squella\/\" border=\"0\" itemprop=\"url\"> <meta itemprop=\"width\" content=\"156\"> <meta itemprop=\"height\" content=\"103\"> <img decoding=\"async\" class=\"\" data-attachment-id=\"64156\" data-orig-file=\"https:\/\/eltrabajo.cl\/portal\/wp-content\/uploads\/2015\/11\/Paulina-Squella.jpg\" data-orig-size=\"530,349\" data-comments-opened=\"1\" data-image-meta=\"{&quot;aperture&quot;:&quot;0&quot;,&quot;credit&quot;:&quot;&quot;,&quot;camera&quot;:&quot;&quot;,&quot;caption&quot;:&quot;&quot;,&quot;created_timestamp&quot;:&quot;0&quot;,&quot;copyright&quot;:&quot;&quot;,&quot;focal_length&quot;:&quot;0&quot;,&quot;iso&quot;:&quot;0&quot;,&quot;shutter_speed&quot;:&quot;0&quot;,&quot;title&quot;:&quot;&quot;,&quot;orientation&quot;:&quot;0&quot;}\" data-image-title=\"Paulina Squella\" data-image-description=\"&lt;p&gt;MISS SIMPAT\u00cdA.- La bella Paulina Squella desfil\u00f3 tambi\u00e9n en esta actividad al lado de los integrantes del Grupo Funcional Avanzando con Alegr\u00eda, enfocado al desarrollo integral de personas con capacidades diferentes.&lt;\/p&gt; \" data-medium-file=\"https:\/\/i0.wp.com\/eltrabajo.cl\/portal\/wp-content\/uploads\/2015\/11\/Paulina-Squella.jpg?fit=300%2C198&#038;ssl=1\" data-large-file=\"https:\/\/i0.wp.com\/eltrabajo.cl\/portal\/wp-content\/uploads\/2015\/11\/Paulina-Squella.jpg?fit=530%2C349&#038;ssl=1\" src=\"https:\/\/i0.wp.com\/eltrabajo.cl\/portal\/wp-content\/uploads\/2015\/11\/Paulina-Squella.jpg?w=156&#038;h=103&#038;ssl=1\" srcset=\"https:\/\/i0.wp.com\/eltrabajo.cl\/portal\/wp-content\/uploads\/2015\/11\/Paulina-Squella.jpg?w=530&amp;ssl=1 530w, https:\/\/i0.wp.com\/eltrabajo.cl\/portal\/wp-content\/uploads\/2015\/11\/Paulina-Squella.jpg?resize=200%2C132&amp;ssl=1 200w, https:\/\/i0.wp.com\/eltrabajo.cl\/portal\/wp-content\/uploads\/2015\/11\/Paulina-Squella.jpg?resize=300%2C198&amp;ssl=1 300w, https:\/\/i0.wp.com\/eltrabajo.cl\/portal\/wp-content\/uploads\/2015\/11\/Paulina-Squella.jpg?resize=228%2C150&amp;ssl=1 228w, https:\/\/i0.wp.com\/eltrabajo.cl\/portal\/wp-content\/uploads\/2015\/11\/Paulina-Squella.jpg?resize=400%2C263&amp;ssl=1 400w\" width=\"156\" height=\"103\" loading=\"lazy\" data-original-width=\"156\" data-original-height=\"103\" itemprop=\"http:\/\/schema.org\/image\" title=\"Paulina Squella\" alt=\"MISS SIMPAT\u00cdA.- La bella Paulina Squella desfil\u00f3 tambi\u00e9n en esta actividad al lado de los integrantes del Grupo Funcional Avanzando con Alegr\u00eda, enfocado al desarrollo integral de personas con capacidades diferentes.\" style=\"width: 156px; height: 103px;\" \/> <\/a> <div class=\"tiled-gallery-caption\" itemprop=\"caption description\"> MISS SIMPAT\u00cdA.- La bella Paulina Squella desfil\u00f3 tambi\u00e9n en esta actividad al lado de los integrantes del Grupo Funcional Avanzando con Alegr\u00eda, enfocado al desarrollo integral de personas con capacidades diferentes. <\/div> <\/div> <\/div> <!-- close group --> <div class=\"gallery-group images-1\" style=\"width: 160px; height: 107px;\" data-original-width=\"160\" data-original-height=\"107\" > <div class=\"tiled-gallery-item tiled-gallery-item-small\" itemprop=\"associatedMedia\" itemscope itemtype=\"http:\/\/schema.org\/ImageObject\"> <a href=\"https:\/\/eltrabajo.cl\/portal\/64154-2\/pitufos33\/\" border=\"0\" itemprop=\"url\"> <meta itemprop=\"width\" content=\"156\"> <meta itemprop=\"height\" content=\"103\"> <img decoding=\"async\" class=\"\" data-attachment-id=\"64158\" data-orig-file=\"https:\/\/eltrabajo.cl\/portal\/wp-content\/uploads\/2015\/11\/Pitufos33.jpg\" data-orig-size=\"530,349\" data-comments-opened=\"1\" data-image-meta=\"{&quot;aperture&quot;:&quot;0&quot;,&quot;credit&quot;:&quot;&quot;,&quot;camera&quot;:&quot;&quot;,&quot;caption&quot;:&quot;&quot;,&quot;created_timestamp&quot;:&quot;0&quot;,&quot;copyright&quot;:&quot;&quot;,&quot;focal_length&quot;:&quot;0&quot;,&quot;iso&quot;:&quot;0&quot;,&quot;shutter_speed&quot;:&quot;0&quot;,&quot;title&quot;:&quot;&quot;,&quot;orientation&quot;:&quot;0&quot;}\" data-image-title=\"Pitufos33\" data-image-description=\"&lt;p&gt;PITUFARON TODO.- Hasta Los Pitufos, con Pap\u00e1 Pitufo y Pitufina, parecieron en esta Fiesta de la Primavera. En total fueron 15 carros aleg\u00f3ricos los que participaron.&lt;\/p&gt; \" data-medium-file=\"https:\/\/i0.wp.com\/eltrabajo.cl\/portal\/wp-content\/uploads\/2015\/11\/Pitufos33.jpg?fit=300%2C198&#038;ssl=1\" data-large-file=\"https:\/\/i0.wp.com\/eltrabajo.cl\/portal\/wp-content\/uploads\/2015\/11\/Pitufos33.jpg?fit=530%2C349&#038;ssl=1\" src=\"https:\/\/i0.wp.com\/eltrabajo.cl\/portal\/wp-content\/uploads\/2015\/11\/Pitufos33.jpg?w=156&#038;h=103&#038;ssl=1\" srcset=\"https:\/\/i0.wp.com\/eltrabajo.cl\/portal\/wp-content\/uploads\/2015\/11\/Pitufos33.jpg?w=530&amp;ssl=1 530w, https:\/\/i0.wp.com\/eltrabajo.cl\/portal\/wp-content\/uploads\/2015\/11\/Pitufos33.jpg?resize=200%2C132&amp;ssl=1 200w, https:\/\/i0.wp.com\/eltrabajo.cl\/portal\/wp-content\/uploads\/2015\/11\/Pitufos33.jpg?resize=300%2C198&amp;ssl=1 300w, https:\/\/i0.wp.com\/eltrabajo.cl\/portal\/wp-content\/uploads\/2015\/11\/Pitufos33.jpg?resize=228%2C150&amp;ssl=1 228w, https:\/\/i0.wp.com\/eltrabajo.cl\/portal\/wp-content\/uploads\/2015\/11\/Pitufos33.jpg?resize=400%2C263&amp;ssl=1 400w\" width=\"156\" height=\"103\" loading=\"lazy\" data-original-width=\"156\" data-original-height=\"103\" itemprop=\"http:\/\/schema.org\/image\" title=\"Pitufos33\" alt=\"PITUFARON TODO.- Hasta Los Pitufos, con Pap\u00e1 Pitufo y Pitufina, parecieron en esta Fiesta de la Primavera. En total fueron 15 carros aleg\u00f3ricos los que participaron.\" style=\"width: 156px; height: 103px;\" \/> <\/a> <div class=\"tiled-gallery-caption\" itemprop=\"caption description\"> PITUFARON TODO.- Hasta Los Pitufos, con Pap\u00e1 Pitufo y Pitufina, parecieron en esta Fiesta de la Primavera. En total fueron 15 carros aleg\u00f3ricos los que participaron. <\/div> <\/div> <\/div> <!-- close group --> <div class=\"gallery-group images-1\" style=\"width: 160px; height: 107px;\" data-original-width=\"160\" data-original-height=\"107\" > <div class=\"tiled-gallery-item tiled-gallery-item-small\" itemprop=\"associatedMedia\" itemscope itemtype=\"http:\/\/schema.org\/ImageObject\"> <a href=\"https:\/\/eltrabajo.cl\/portal\/64154-2\/carolina-arancibia-3\/\" border=\"0\" itemprop=\"url\"> <meta itemprop=\"width\" content=\"156\"> <meta itemprop=\"height\" content=\"103\"> <img decoding=\"async\" class=\"\" data-attachment-id=\"64160\" data-orig-file=\"https:\/\/eltrabajo.cl\/portal\/wp-content\/uploads\/2015\/11\/Carolina-Arancibia.jpg\" data-orig-size=\"530,349\" data-comments-opened=\"1\" data-image-meta=\"{&quot;aperture&quot;:&quot;0&quot;,&quot;credit&quot;:&quot;&quot;,&quot;camera&quot;:&quot;&quot;,&quot;caption&quot;:&quot;&quot;,&quot;created_timestamp&quot;:&quot;0&quot;,&quot;copyright&quot;:&quot;&quot;,&quot;focal_length&quot;:&quot;0&quot;,&quot;iso&quot;:&quot;0&quot;,&quot;shutter_speed&quot;:&quot;0&quot;,&quot;title&quot;:&quot;&quot;,&quot;orientation&quot;:&quot;0&quot;}\" data-image-title=\"Carolina Arancibia\" data-image-description=\"&lt;p&gt;ADI\u00d3S MAJESTAD.- La reina saliente, Carolina Arancibia, tuvo la oportunidad de despedirse del p\u00fablico.&lt;\/p&gt; \" data-medium-file=\"https:\/\/i0.wp.com\/eltrabajo.cl\/portal\/wp-content\/uploads\/2015\/11\/Carolina-Arancibia.jpg?fit=300%2C198&#038;ssl=1\" data-large-file=\"https:\/\/i0.wp.com\/eltrabajo.cl\/portal\/wp-content\/uploads\/2015\/11\/Carolina-Arancibia.jpg?fit=530%2C349&#038;ssl=1\" src=\"https:\/\/i0.wp.com\/eltrabajo.cl\/portal\/wp-content\/uploads\/2015\/11\/Carolina-Arancibia.jpg?w=156&#038;h=103&#038;ssl=1\" srcset=\"https:\/\/i0.wp.com\/eltrabajo.cl\/portal\/wp-content\/uploads\/2015\/11\/Carolina-Arancibia.jpg?w=530&amp;ssl=1 530w, https:\/\/i0.wp.com\/eltrabajo.cl\/portal\/wp-content\/uploads\/2015\/11\/Carolina-Arancibia.jpg?resize=200%2C132&amp;ssl=1 200w, https:\/\/i0.wp.com\/eltrabajo.cl\/portal\/wp-content\/uploads\/2015\/11\/Carolina-Arancibia.jpg?resize=300%2C198&amp;ssl=1 300w, https:\/\/i0.wp.com\/eltrabajo.cl\/portal\/wp-content\/uploads\/2015\/11\/Carolina-Arancibia.jpg?resize=228%2C150&amp;ssl=1 228w, https:\/\/i0.wp.com\/eltrabajo.cl\/portal\/wp-content\/uploads\/2015\/11\/Carolina-Arancibia.jpg?resize=400%2C263&amp;ssl=1 400w\" width=\"156\" height=\"103\" loading=\"lazy\" data-original-width=\"156\" data-original-height=\"103\" itemprop=\"http:\/\/schema.org\/image\" title=\"Carolina Arancibia\" alt=\"ADI\u00d3S MAJESTAD.- La reina saliente, Carolina Arancibia, tuvo la oportunidad de despedirse del p\u00fablico.\" style=\"width: 156px; height: 103px;\" \/> <\/a> <div class=\"tiled-gallery-caption\" itemprop=\"caption description\"> ADI\u00d3S MAJESTAD.- La reina saliente, Carolina Arancibia, tuvo la oportunidad de despedirse del p\u00fablico. <\/div> <\/div> <\/div> <!-- close group --> <div class=\"gallery-group images-1\" style=\"width: 160px; height: 107px;\" data-original-width=\"160\" data-original-height=\"107\" > <div class=\"tiled-gallery-item tiled-gallery-item-small\" itemprop=\"associatedMedia\" itemscope itemtype=\"http:\/\/schema.org\/ImageObject\"> <a href=\"https:\/\/eltrabajo.cl\/portal\/64154-2\/carro33\/\" border=\"0\" itemprop=\"url\"> <meta itemprop=\"width\" content=\"156\"> <meta itemprop=\"height\" content=\"103\"> <img decoding=\"async\" class=\"\" data-attachment-id=\"64161\" data-orig-file=\"https:\/\/eltrabajo.cl\/portal\/wp-content\/uploads\/2015\/11\/Carro33.jpg\" data-orig-size=\"530,348\" data-comments-opened=\"1\" data-image-meta=\"{&quot;aperture&quot;:&quot;0&quot;,&quot;credit&quot;:&quot;&quot;,&quot;camera&quot;:&quot;&quot;,&quot;caption&quot;:&quot;&quot;,&quot;created_timestamp&quot;:&quot;0&quot;,&quot;copyright&quot;:&quot;&quot;,&quot;focal_length&quot;:&quot;0&quot;,&quot;iso&quot;:&quot;0&quot;,&quot;shutter_speed&quot;:&quot;0&quot;,&quot;title&quot;:&quot;&quot;,&quot;orientation&quot;:&quot;0&quot;}\" data-image-title=\"Carro33\" data-image-description=\"&lt;p&gt;CORAZ\u00d3N BATUQUERO.- Este es el momento en que premian al Mejor Carro Aleg\u00f3rico, \u2018Coraz\u00f3n Batuquero\u2019.&lt;\/p&gt; \" data-medium-file=\"https:\/\/i0.wp.com\/eltrabajo.cl\/portal\/wp-content\/uploads\/2015\/11\/Carro33.jpg?fit=300%2C197&#038;ssl=1\" data-large-file=\"https:\/\/i0.wp.com\/eltrabajo.cl\/portal\/wp-content\/uploads\/2015\/11\/Carro33.jpg?fit=530%2C348&#038;ssl=1\" src=\"https:\/\/i0.wp.com\/eltrabajo.cl\/portal\/wp-content\/uploads\/2015\/11\/Carro33.jpg?w=156&#038;h=103&#038;ssl=1\" srcset=\"https:\/\/i0.wp.com\/eltrabajo.cl\/portal\/wp-content\/uploads\/2015\/11\/Carro33.jpg?w=530&amp;ssl=1 530w, https:\/\/i0.wp.com\/eltrabajo.cl\/portal\/wp-content\/uploads\/2015\/11\/Carro33.jpg?resize=200%2C131&amp;ssl=1 200w, https:\/\/i0.wp.com\/eltrabajo.cl\/portal\/wp-content\/uploads\/2015\/11\/Carro33.jpg?resize=300%2C197&amp;ssl=1 300w, https:\/\/i0.wp.com\/eltrabajo.cl\/portal\/wp-content\/uploads\/2015\/11\/Carro33.jpg?resize=228%2C150&amp;ssl=1 228w, https:\/\/i0.wp.com\/eltrabajo.cl\/portal\/wp-content\/uploads\/2015\/11\/Carro33.jpg?resize=400%2C263&amp;ssl=1 400w\" width=\"156\" height=\"103\" loading=\"lazy\" data-original-width=\"156\" data-original-height=\"103\" itemprop=\"http:\/\/schema.org\/image\" title=\"Carro33\" alt=\"CORAZ\u00d3N BATUQUERO.- Este es el momento en que premian al Mejor Carro Aleg\u00f3rico, \u2018Coraz\u00f3n Batuquero\u2019.\" style=\"width: 156px; height: 103px;\" \/> <\/a> <div class=\"tiled-gallery-caption\" itemprop=\"caption description\"> CORAZ\u00d3N BATUQUERO.- Este es el momento en que premian al Mejor Carro Aleg\u00f3rico, \u2018Coraz\u00f3n Batuquero\u2019. <\/div> <\/div> <\/div> <!-- close group --> <\/div> <!-- close row --> <\/div>\n","protected":false},"excerpt":{"rendered":"<p>Fue la bella industrialina Javiera Osorio, de 16 a\u00f1os, quien sorprendiera a miles de sanfelipe\u00f1os y a las dem\u00e1s candidatas al certamen Fiesta de la Primavera 2015, quien se coron\u00f3 como nueva&#8230;<\/p>\n","protected":false},"author":482,"featured_media":64155,"comment_status":"open","ping_status":"open","sticky":false,"template":"","format":"standard","meta":{"advanced_seo_description":"","jetpack_seo_html_title":"","jetpack_seo_noindex":false,"_jetpack_memberships_contains_paid_content":false,"footnotes":""},"categories":[15],"tags":[],"class_list":["post-64154","post","type-post","status-publish","format-standard","has-post-thumbnail","hentry","category-comunidad"],"jetpack_featured_media_url":"https:\/\/i0.wp.com\/eltrabajo.cl\/portal\/wp-content\/uploads\/2015\/11\/Patita33.jpg?fit=530%2C350&ssl=1","jetpack_sharing_enabled":true,"jetpack_likes_enabled":true,"jetpack-related-posts":[],"_links":{"self":[{"href":"https:\/\/eltrabajo.cl\/portal\/wp-json\/wp\/v2\/posts\/64154","targetHints":{"allow":["GET"]}}],"collection":[{"href":"https:\/\/eltrabajo.cl\/portal\/wp-json\/wp\/v2\/posts"}],"about":[{"href":"https:\/\/eltrabajo.cl\/portal\/wp-json\/wp\/v2\/types\/post"}],"author":[{"embeddable":true,"href":"https:\/\/eltrabajo.cl\/portal\/wp-json\/wp\/v2\/users\/482"}],"replies":[{"embeddable":true,"href":"https:\/\/eltrabajo.cl\/portal\/wp-json\/wp\/v2\/comments?post=64154"}],"version-history":[{"count":0,"href":"https:\/\/eltrabajo.cl\/portal\/wp-json\/wp\/v2\/posts\/64154\/revisions"}],"wp:featuredmedia":[{"embeddable":true,"href":"https:\/\/eltrabajo.cl\/portal\/wp-json\/wp\/v2\/media\/64155"}],"wp:attachment":[{"href":"https:\/\/eltrabajo.cl\/portal\/wp-json\/wp\/v2\/media?parent=64154"}],"wp:term":[{"taxonomy":"category","embeddable":true,"href":"https:\/\/eltrabajo.cl\/portal\/wp-json\/wp\/v2\/categories?post=64154"},{"taxonomy":"post_tag","embeddable":true,"href":"https:\/\/eltrabajo.cl\/portal\/wp-json\/wp\/v2\/tags?post=64154"}],"curies":[{"name":"wp","href":"https:\/\/api.w.org\/{rel}","templated":true}]}}