{"id":64164,"date":"2015-11-23T10:03:22","date_gmt":"2015-11-23T13:03:22","guid":{"rendered":"http:\/\/www.eltrabajo.cl\/portal\/?p=64164"},"modified":"2015-11-23T12:35:59","modified_gmt":"2015-11-23T15:35:59","slug":"incendio-destrarias-perdidas","status":"publish","type":"post","link":"https:\/\/eltrabajo.cl\/portal\/incendio-destrarias-perdidas\/","title":{"rendered":"Incendio destruy\u00f3 Multitienda Suasel dejando millonarias p\u00e9rdidas"},"content":{"rendered":"<figure id=\"attachment_64165\" aria-describedby=\"caption-attachment-64165\" style=\"width: 300px\" class=\"wp-caption alignleft\"><a href=\"https:\/\/i0.wp.com\/www.eltrabajo.cl\/portal\/wp-content\/uploads\/2015\/11\/Incendio-5.jpg\"><img data-recalc-dims=\"1\" loading=\"lazy\" decoding=\"async\" class=\"wp-image-64165 size-medium\" src=\"https:\/\/i0.wp.com\/www.eltrabajo.cl\/portal\/wp-content\/uploads\/2015\/11\/Incendio-5-300x198.jpg?resize=300%2C198\" alt=\"El panorama es desolador y evidente, las p\u00e9rdidas fueron millonarias para los propietarios de la Multitienda Suasel, el fuego calcin\u00f3 por completo el local. (Foto: Flavia Vera).\" width=\"300\" height=\"198\" srcset=\"https:\/\/i0.wp.com\/eltrabajo.cl\/portal\/wp-content\/uploads\/2015\/11\/Incendio-5.jpg?resize=300%2C198&amp;ssl=1 300w, https:\/\/i0.wp.com\/eltrabajo.cl\/portal\/wp-content\/uploads\/2015\/11\/Incendio-5.jpg?resize=200%2C132&amp;ssl=1 200w, https:\/\/i0.wp.com\/eltrabajo.cl\/portal\/wp-content\/uploads\/2015\/11\/Incendio-5.jpg?resize=227%2C150&amp;ssl=1 227w, https:\/\/i0.wp.com\/eltrabajo.cl\/portal\/wp-content\/uploads\/2015\/11\/Incendio-5.jpg?resize=400%2C264&amp;ssl=1 400w, https:\/\/i0.wp.com\/eltrabajo.cl\/portal\/wp-content\/uploads\/2015\/11\/Incendio-5.jpg?w=530&amp;ssl=1 530w\" sizes=\"auto, (max-width: 300px) 100vw, 300px\" \/><\/a><figcaption id=\"caption-attachment-64165\" class=\"wp-caption-text\">El panorama es desolador y evidente, las p\u00e9rdidas fueron millonarias para los propietarios de la Multitienda Suasel, el fuego calcin\u00f3 por completo el local. (Foto: Flavia Vera).<\/figcaption><\/figure>\n<ul>\n<li><strong>Departamento T\u00e9cnico de Bomberos en paralelo con el Labocar de la polic\u00eda uniformada, determinar\u00e1n las causas basales del siniestro desatado pasadas las 14:00 horas de este s\u00e1bado.<\/strong><\/li>\n<\/ul>\n<p>Destruida en un cien por ciento y con millonarias p\u00e9rdidas materiales result\u00f3 la Multitienda Suasel de calle Merced en pleno centro de la ciudad de San Felipe, tras un voraz incendio que la consumi\u00f3 por completo. La destacada labor de Bomberos, que se extendi\u00f3 por m\u00e1s de seis horas, requiri\u00f3 cerca de doscientos voluntarios, quienes lograron reducir las enormes lenguas de fuego que destruyeron el local comercial.<br \/>\nEl siniestro se inici\u00f3 pasadas las 14:00 horas del d\u00eda s\u00e1bado, tras el cierre de la tienda, la cual hab\u00eda funcionado en completa normalidad esa misma ma\u00f1ana. Luego de alertar a la primera compa\u00f1\u00eda de Bomberos, \u00e9stos arribaron en cuesti\u00f3n de segundos, sin embargo el fuego ya estaba bastante avanzado, consumiendo gran parte del local que posee un segundo piso con abundante mercader\u00eda, vestuario y muebles, los que se transformaron en material combustible.<br \/>\nAnte las amenazantes e incontrolables llamas y la t\u00f3xica nube de humo, personal de bomberos debi\u00f3 requerir de inmediato la colaboraci\u00f3n de siete compa\u00f1\u00edas de San Felipe, incluyendo los refuerzos de las unidades de Santa Mar\u00eda, Putaendo, Los Andes y Rinconada; al llegar los voluntarios comenzaron a ubicarse en distintos puntos del per\u00edmetro para lanzar agua e ir aplacando el fuego.<\/p>\n<p><strong>VOLUNTARIOS INTOXICADOS<\/strong><br \/>\nLuego de los intensos operativos para ingresar al interior del local comercial debido a la posibilidad de derrumbe, cuatro voluntarios de Bomberos resultaron intoxicados a ra\u00edz de la fuerte concentraci\u00f3n de humo, debiendo ser evacuados de la emergencia por personal del Samu que se constituy\u00f3 en el lugar.<br \/>\nNo obstante, tras las primeras maniobras realizadas por Bomberos, se disminuy\u00f3 de manera r\u00e1pida y oportuna la temperatura enfrascada en el local siniestrado, evitando el colapso en la estructura construida en metal. De esta forma, los imponentes lanza agua ejecutados por los hombres del fuego, impidieron que el siniestro continuara hasta otros locales colindantes, donde los propietarios se manten\u00edan en vilo pensando que de la misma forma perder\u00edan todo el capital invertido en sus negocios.<\/p>\n<p><strong>HORAS ETERNAS<\/strong><br \/>\nLos minutos corr\u00edan y las horas se hicieron eternas, aumentando la angustia de vecinos y transe\u00fantes que no daban cr\u00e9dito al siniestro que afectaba al centro de la ciudad de San Felipe, que dicho sea de paso, a esas horas de la tarde un alto flujo vehicular se agolpaba en el per\u00edmetro central de la ciudad para participar en la Fiesta de La Primavera, evento que debi\u00f3 ser retrasado en su inicio tras esta desgracia.<br \/>\nGracias a la cooperaci\u00f3n de camiones aljibes y la intervenci\u00f3n de m\u00e1s carros de Bomberos de otras unidades, se intensificaron las labores durante la lucha contra las llamas. Cerca de las 17:00 horas el fuego ces\u00f3 por completo pero durante las siguientes horas, nuevos rebrotes comenzaron a surgir, debiendo permanecer unidades de turno para ser controladas debidamente.<br \/>\nAl mismo tiempo, personal de Carabineros debi\u00f3 desviar el tr\u00e1nsito vehicular hacia otras arterias para garantizar la ejecuci\u00f3n de las labores bomberiles, cubriendo las cuatros calles aleda\u00f1as a la manzana donde afect\u00f3 el patrimonio de la Familia Lepe, con 35 a\u00f1os de trayectoria en San Felipe.<br \/>\nAsimismo la empresa Chilquinta debi\u00f3 cortar el suministro el\u00e9ctrico en todo el per\u00edmetro para resguardar la integridad f\u00edsica de los voluntarios y vecinos, debido a que el fuego consumi\u00f3 el cableado soportado por las luminarias p\u00fablicas instaladas en el frontis del local.<\/p>\n<p><strong>SEGUROS COMPROMETIDOS<\/strong><br \/>\nCarabineros inform\u00f3 que el propietario de la Multitienda Suasel, Leonardo Lepe, reconoci\u00f3 que existen seguros comprometidos ante este tipo de siniestros, evaluando millonarias p\u00e9rdidas que corresponder\u00edan al total de las mercader\u00edas como tambi\u00e9n la propiedad afectada.<br \/>\nNo obstante la Fiscal\u00eda de San Felipe instruy\u00f3 la participaci\u00f3n del equipo Labocar de Carabineros, para analizar el sitio del suceso y realizar las pericias correspondientes para establecer las causas basales del incendio en paralelo con el Departamento T\u00e9cnico de Bomberos.<br \/>\nEl comandante de Bomberos, Juan Carlos Herrera Lillo, entreg\u00f3 a Diario El Trabajo un primer balance de las labores ejecutadas por el alto n\u00famero de voluntarios que particip\u00f3 del combate al siniestro, el que se fue complicando por bastantes horas, hasta que finalmente se logr\u00f3 controlar la emergencia.<br \/>\n\u201cLa alarma se inici\u00f3 a las 14:45 horas, estuvo bastante complicado el trabajo. Ahora siendo las 20:00 horas (s\u00e1bado) hay nuevos rebrotes que tenemos controlados. Tuvimos cuatro voluntarios intoxicados de car\u00e1cter leve que debieron ser asistidos. Sobre el origen del fuego a\u00fan no lo hemos determinado, pero se est\u00e1 trabajando en eso. No resultaron otros locales da\u00f1ados, s\u00f3lo la tienda Suasel consumida en un cien por ciento. El trabajo fue complicado en el sentido que era una estructura que se pod\u00eda derribar, se trabaj\u00f3 arduamente con mucha precauci\u00f3n porque el techo se pod\u00eda venir abajo y para el trabajo de bomberos pod\u00eda ser mucho m\u00e1s complicado\u201d, afirm\u00f3 el oficial de Bomberos.<\/p>\n<p><strong>ULTIMO REPORTE<\/strong><br \/>\nPasadas las 10:00 horas de ayer domingo un nuevo rebrote de fuego alert\u00f3 a Bomberos tras la acumulaci\u00f3n de mercader\u00edas como ropa y zapatos ubicadas en las bodegas de la Multitienda, amenazando reactivar el incendio por lo que se ha debido vigilar constantemente. Cabe se\u00f1alar que adem\u00e1s el per\u00edmetro ha sido custodiado por Carabineros a fin de evitar saqueos a ra\u00edz de los da\u00f1os perpetrados en el local comercial.<br \/>\n<strong>Pablo Salinas Sald\u00edas<\/strong><\/p>\n<div class=\"tiled-gallery type-rectangular tiled-gallery-unresized\" data-original-width=\"640\" data-carousel-extra='null' itemscope itemtype=\"http:\/\/schema.org\/ImageGallery\" > <div class=\"gallery-row\" style=\"width: 640px; height: 284px;\" data-original-width=\"640\" data-original-height=\"284\" > <div class=\"gallery-group images-1\" style=\"width: 427px; height: 284px;\" data-original-width=\"427\" data-original-height=\"284\" > <div class=\"tiled-gallery-item tiled-gallery-item-large\" itemprop=\"associatedMedia\" itemscope itemtype=\"http:\/\/schema.org\/ImageObject\"> <a href=\"https:\/\/eltrabajo.cl\/portal\/incendio-destrarias-perdidas\/incendio-1-9\/\" border=\"0\" itemprop=\"url\"> <meta itemprop=\"width\" content=\"423\"> <meta itemprop=\"height\" content=\"280\"> <img decoding=\"async\" class=\"\" data-attachment-id=\"64166\" data-orig-file=\"https:\/\/eltrabajo.cl\/portal\/wp-content\/uploads\/2015\/11\/Incendio-1.jpg\" data-orig-size=\"530,350\" data-comments-opened=\"1\" data-image-meta=\"{&quot;aperture&quot;:&quot;0&quot;,&quot;credit&quot;:&quot;&quot;,&quot;camera&quot;:&quot;&quot;,&quot;caption&quot;:&quot;&quot;,&quot;created_timestamp&quot;:&quot;0&quot;,&quot;copyright&quot;:&quot;&quot;,&quot;focal_length&quot;:&quot;0&quot;,&quot;iso&quot;:&quot;0&quot;,&quot;shutter_speed&quot;:&quot;0&quot;,&quot;title&quot;:&quot;&quot;,&quot;orientation&quot;:&quot;0&quot;}\" data-image-title=\"Incendio 1\" data-image-description=\"&lt;p&gt;El fuego arras\u00f3 completamente la Multitienda Suasel ubicada en calle Merced a pasos del centro de San Felipe (Fotograf\u00edas: @EmerVCordillera)&lt;\/p&gt; \" data-medium-file=\"https:\/\/i0.wp.com\/eltrabajo.cl\/portal\/wp-content\/uploads\/2015\/11\/Incendio-1.jpg?fit=300%2C198&#038;ssl=1\" data-large-file=\"https:\/\/i0.wp.com\/eltrabajo.cl\/portal\/wp-content\/uploads\/2015\/11\/Incendio-1.jpg?fit=530%2C350&#038;ssl=1\" src=\"https:\/\/i0.wp.com\/eltrabajo.cl\/portal\/wp-content\/uploads\/2015\/11\/Incendio-1.jpg?w=423&#038;h=280&#038;ssl=1\" srcset=\"https:\/\/i0.wp.com\/eltrabajo.cl\/portal\/wp-content\/uploads\/2015\/11\/Incendio-1.jpg?w=530&amp;ssl=1 530w, https:\/\/i0.wp.com\/eltrabajo.cl\/portal\/wp-content\/uploads\/2015\/11\/Incendio-1.jpg?resize=200%2C132&amp;ssl=1 200w, https:\/\/i0.wp.com\/eltrabajo.cl\/portal\/wp-content\/uploads\/2015\/11\/Incendio-1.jpg?resize=300%2C198&amp;ssl=1 300w, https:\/\/i0.wp.com\/eltrabajo.cl\/portal\/wp-content\/uploads\/2015\/11\/Incendio-1.jpg?resize=227%2C150&amp;ssl=1 227w, https:\/\/i0.wp.com\/eltrabajo.cl\/portal\/wp-content\/uploads\/2015\/11\/Incendio-1.jpg?resize=400%2C264&amp;ssl=1 400w\" width=\"423\" height=\"280\" loading=\"lazy\" data-original-width=\"423\" data-original-height=\"280\" itemprop=\"http:\/\/schema.org\/image\" title=\"Incendio 1\" alt=\"El fuego arras\u00f3 completamente la Multitienda Suasel ubicada en calle Merced a pasos del centro de San Felipe (Fotograf\u00edas: @EmerVCordillera)\" style=\"width: 423px; height: 280px;\" \/> <\/a> <div class=\"tiled-gallery-caption\" itemprop=\"caption description\"> El fuego arras\u00f3 completamente la Multitienda Suasel ubicada en calle Merced a pasos del centro de San Felipe (Fotograf\u00edas: @EmerVCordillera) <\/div> <\/div> <\/div> <!-- close group --> <div class=\"gallery-group images-2\" style=\"width: 213px; height: 284px;\" data-original-width=\"213\" data-original-height=\"284\" > <div class=\"tiled-gallery-item tiled-gallery-item-small\" itemprop=\"associatedMedia\" itemscope itemtype=\"http:\/\/schema.org\/ImageObject\"> <a href=\"https:\/\/eltrabajo.cl\/portal\/incendio-destrarias-perdidas\/incendio-2-13\/\" border=\"0\" itemprop=\"url\"> <meta itemprop=\"width\" content=\"209\"> <meta itemprop=\"height\" content=\"138\"> <img decoding=\"async\" class=\"\" data-attachment-id=\"64167\" data-orig-file=\"https:\/\/eltrabajo.cl\/portal\/wp-content\/uploads\/2015\/11\/Incendio-2.jpg\" data-orig-size=\"530,350\" data-comments-opened=\"1\" data-image-meta=\"{&quot;aperture&quot;:&quot;0&quot;,&quot;credit&quot;:&quot;&quot;,&quot;camera&quot;:&quot;&quot;,&quot;caption&quot;:&quot;&quot;,&quot;created_timestamp&quot;:&quot;0&quot;,&quot;copyright&quot;:&quot;&quot;,&quot;focal_length&quot;:&quot;0&quot;,&quot;iso&quot;:&quot;0&quot;,&quot;shutter_speed&quot;:&quot;0&quot;,&quot;title&quot;:&quot;&quot;,&quot;orientation&quot;:&quot;0&quot;}\" data-image-title=\"Incendio 2\" data-image-description=\"&lt;p&gt;Los acciones de bomberos comenzaron a aplacar las llamas que amenazaban con propagarse a otros locales comerciales colindantes a la Multitienda.&lt;\/p&gt; \" data-medium-file=\"https:\/\/i0.wp.com\/eltrabajo.cl\/portal\/wp-content\/uploads\/2015\/11\/Incendio-2.jpg?fit=300%2C198&#038;ssl=1\" data-large-file=\"https:\/\/i0.wp.com\/eltrabajo.cl\/portal\/wp-content\/uploads\/2015\/11\/Incendio-2.jpg?fit=530%2C350&#038;ssl=1\" src=\"https:\/\/i0.wp.com\/eltrabajo.cl\/portal\/wp-content\/uploads\/2015\/11\/Incendio-2.jpg?w=209&#038;h=138&#038;ssl=1\" srcset=\"https:\/\/i0.wp.com\/eltrabajo.cl\/portal\/wp-content\/uploads\/2015\/11\/Incendio-2.jpg?w=530&amp;ssl=1 530w, https:\/\/i0.wp.com\/eltrabajo.cl\/portal\/wp-content\/uploads\/2015\/11\/Incendio-2.jpg?resize=200%2C132&amp;ssl=1 200w, https:\/\/i0.wp.com\/eltrabajo.cl\/portal\/wp-content\/uploads\/2015\/11\/Incendio-2.jpg?resize=300%2C198&amp;ssl=1 300w, https:\/\/i0.wp.com\/eltrabajo.cl\/portal\/wp-content\/uploads\/2015\/11\/Incendio-2.jpg?resize=227%2C150&amp;ssl=1 227w, https:\/\/i0.wp.com\/eltrabajo.cl\/portal\/wp-content\/uploads\/2015\/11\/Incendio-2.jpg?resize=400%2C264&amp;ssl=1 400w\" width=\"209\" height=\"138\" loading=\"lazy\" data-original-width=\"209\" data-original-height=\"138\" itemprop=\"http:\/\/schema.org\/image\" title=\"Incendio 2\" alt=\"Los acciones de bomberos comenzaron a aplacar las llamas que amenazaban con propagarse a otros locales comerciales colindantes a la Multitienda.\" style=\"width: 209px; height: 138px;\" \/> <\/a> <div class=\"tiled-gallery-caption\" itemprop=\"caption description\"> Los acciones de bomberos comenzaron a aplacar las llamas que amenazaban con propagarse a otros locales comerciales colindantes a la Multitienda. <\/div> <\/div> <div class=\"tiled-gallery-item tiled-gallery-item-small\" itemprop=\"associatedMedia\" itemscope itemtype=\"http:\/\/schema.org\/ImageObject\"> <a href=\"https:\/\/eltrabajo.cl\/portal\/incendio-destrarias-perdidas\/incendio-3-8\/\" border=\"0\" itemprop=\"url\"> <meta itemprop=\"width\" content=\"209\"> <meta itemprop=\"height\" content=\"138\"> <img decoding=\"async\" class=\"\" data-attachment-id=\"64168\" data-orig-file=\"https:\/\/eltrabajo.cl\/portal\/wp-content\/uploads\/2015\/11\/Incendio-3.jpg\" data-orig-size=\"530,350\" data-comments-opened=\"1\" data-image-meta=\"{&quot;aperture&quot;:&quot;0&quot;,&quot;credit&quot;:&quot;&quot;,&quot;camera&quot;:&quot;&quot;,&quot;caption&quot;:&quot;&quot;,&quot;created_timestamp&quot;:&quot;0&quot;,&quot;copyright&quot;:&quot;&quot;,&quot;focal_length&quot;:&quot;0&quot;,&quot;iso&quot;:&quot;0&quot;,&quot;shutter_speed&quot;:&quot;0&quot;,&quot;title&quot;:&quot;&quot;,&quot;orientation&quot;:&quot;0&quot;}\" data-image-title=\"Incendio 3\" data-image-description=\"&lt;p&gt;Cerca de las 17:00 horas el fuego logr\u00f3 ser controlado, pero comenzaron a surgir nuevos rebrotes hasta ayer domingo, debiendo permanecer una unidad de turno para controlar esta situaci\u00f3n.&lt;\/p&gt; \" data-medium-file=\"https:\/\/i0.wp.com\/eltrabajo.cl\/portal\/wp-content\/uploads\/2015\/11\/Incendio-3.jpg?fit=300%2C198&#038;ssl=1\" data-large-file=\"https:\/\/i0.wp.com\/eltrabajo.cl\/portal\/wp-content\/uploads\/2015\/11\/Incendio-3.jpg?fit=530%2C350&#038;ssl=1\" src=\"https:\/\/i0.wp.com\/eltrabajo.cl\/portal\/wp-content\/uploads\/2015\/11\/Incendio-3.jpg?w=209&#038;h=138&#038;ssl=1\" srcset=\"https:\/\/i0.wp.com\/eltrabajo.cl\/portal\/wp-content\/uploads\/2015\/11\/Incendio-3.jpg?w=530&amp;ssl=1 530w, https:\/\/i0.wp.com\/eltrabajo.cl\/portal\/wp-content\/uploads\/2015\/11\/Incendio-3.jpg?resize=200%2C132&amp;ssl=1 200w, https:\/\/i0.wp.com\/eltrabajo.cl\/portal\/wp-content\/uploads\/2015\/11\/Incendio-3.jpg?resize=300%2C198&amp;ssl=1 300w, https:\/\/i0.wp.com\/eltrabajo.cl\/portal\/wp-content\/uploads\/2015\/11\/Incendio-3.jpg?resize=227%2C150&amp;ssl=1 227w, https:\/\/i0.wp.com\/eltrabajo.cl\/portal\/wp-content\/uploads\/2015\/11\/Incendio-3.jpg?resize=400%2C264&amp;ssl=1 400w\" width=\"209\" height=\"138\" loading=\"lazy\" data-original-width=\"209\" data-original-height=\"138\" itemprop=\"http:\/\/schema.org\/image\" title=\"Incendio 3\" alt=\"Cerca de las 17:00 horas el fuego logr\u00f3 ser controlado, pero comenzaron a surgir nuevos rebrotes hasta ayer domingo, debiendo permanecer una unidad de turno para controlar esta situaci\u00f3n.\" style=\"width: 209px; height: 138px;\" \/> <\/a> <div class=\"tiled-gallery-caption\" itemprop=\"caption description\"> Cerca de las 17:00 horas el fuego logr\u00f3 ser controlado, pero comenzaron a surgir nuevos rebrotes hasta ayer domingo, debiendo permanecer una unidad de turno para controlar esta situaci\u00f3n. <\/div> <\/div> <\/div> <!-- close group --> <\/div> <!-- close row --> <div class=\"gallery-row\" style=\"width: 640px; height: 424px;\" data-original-width=\"640\" data-original-height=\"424\" > <div class=\"gallery-group images-1\" style=\"width: 640px; height: 424px;\" data-original-width=\"640\" data-original-height=\"424\" > <div class=\"tiled-gallery-item tiled-gallery-item-large\" itemprop=\"associatedMedia\" itemscope itemtype=\"http:\/\/schema.org\/ImageObject\"> <a href=\"https:\/\/eltrabajo.cl\/portal\/incendio-destrarias-perdidas\/incendio-4-4\/\" border=\"0\" itemprop=\"url\"> <meta itemprop=\"width\" content=\"636\"> <meta itemprop=\"height\" content=\"420\"> <img decoding=\"async\" class=\"\" data-attachment-id=\"64169\" data-orig-file=\"https:\/\/eltrabajo.cl\/portal\/wp-content\/uploads\/2015\/11\/Incendio-4.jpg\" data-orig-size=\"530,350\" data-comments-opened=\"1\" data-image-meta=\"{&quot;aperture&quot;:&quot;0&quot;,&quot;credit&quot;:&quot;&quot;,&quot;camera&quot;:&quot;&quot;,&quot;caption&quot;:&quot;&quot;,&quot;created_timestamp&quot;:&quot;0&quot;,&quot;copyright&quot;:&quot;&quot;,&quot;focal_length&quot;:&quot;0&quot;,&quot;iso&quot;:&quot;0&quot;,&quot;shutter_speed&quot;:&quot;0&quot;,&quot;title&quot;:&quot;&quot;,&quot;orientation&quot;:&quot;0&quot;}\" data-image-title=\"Incendio 4\" data-image-description=\"&lt;p&gt;La noble y sacrificada acci\u00f3n de Bomberos en beneficio de la sociedad se prolong\u00f3 durante seis horas para controlar el fuego desatado en el centro de San Felipe.&lt;\/p&gt; \" data-medium-file=\"https:\/\/i0.wp.com\/eltrabajo.cl\/portal\/wp-content\/uploads\/2015\/11\/Incendio-4.jpg?fit=300%2C198&#038;ssl=1\" data-large-file=\"https:\/\/i0.wp.com\/eltrabajo.cl\/portal\/wp-content\/uploads\/2015\/11\/Incendio-4.jpg?fit=530%2C350&#038;ssl=1\" src=\"https:\/\/i0.wp.com\/eltrabajo.cl\/portal\/wp-content\/uploads\/2015\/11\/Incendio-4.jpg?w=636&#038;h=420&#038;ssl=1\" srcset=\"https:\/\/i0.wp.com\/eltrabajo.cl\/portal\/wp-content\/uploads\/2015\/11\/Incendio-4.jpg?w=530&amp;ssl=1 530w, https:\/\/i0.wp.com\/eltrabajo.cl\/portal\/wp-content\/uploads\/2015\/11\/Incendio-4.jpg?resize=200%2C132&amp;ssl=1 200w, https:\/\/i0.wp.com\/eltrabajo.cl\/portal\/wp-content\/uploads\/2015\/11\/Incendio-4.jpg?resize=300%2C198&amp;ssl=1 300w, https:\/\/i0.wp.com\/eltrabajo.cl\/portal\/wp-content\/uploads\/2015\/11\/Incendio-4.jpg?resize=227%2C150&amp;ssl=1 227w, https:\/\/i0.wp.com\/eltrabajo.cl\/portal\/wp-content\/uploads\/2015\/11\/Incendio-4.jpg?resize=400%2C264&amp;ssl=1 400w\" width=\"636\" height=\"420\" loading=\"lazy\" data-original-width=\"636\" data-original-height=\"420\" itemprop=\"http:\/\/schema.org\/image\" title=\"Incendio 4\" alt=\"La noble y sacrificada acci\u00f3n de Bomberos en beneficio de la sociedad se prolong\u00f3 durante seis horas para controlar el fuego desatado en el centro de San Felipe.\" style=\"width: 636px; height: 420px;\" \/> <\/a> <div class=\"tiled-gallery-caption\" itemprop=\"caption description\"> La noble y sacrificada acci\u00f3n de Bomberos en beneficio de la sociedad se prolong\u00f3 durante seis horas para controlar el fuego desatado en el centro de San Felipe. <\/div> <\/div> <\/div> <!-- close group --> <\/div> <!-- close row --> <\/div>\n<p>&nbsp;<\/p>\n<p>&nbsp;<\/p>\n<p><iframe loading=\"lazy\" width=\"530\" height=\"398\" src=\"https:\/\/www.youtube.com\/embed\/doyuxtDynuk?rel=0\" frameborder=\"0\" allowfullscreen><\/iframe><\/p>\n<p>&nbsp;<\/p>\n<p>&nbsp;<\/p>\n<p>&nbsp;<\/p>\n","protected":false},"excerpt":{"rendered":"<p>Departamento T\u00e9cnico de Bomberos en paralelo con el Labocar de la polic\u00eda uniformada, determinar\u00e1n las causas basales del siniestro desatado pasadas las 14:00 horas de este s\u00e1bado. Destruida en un cien por&#8230;<\/p>\n","protected":false},"author":482,"featured_media":64165,"comment_status":"open","ping_status":"open","sticky":false,"template":"","format":"standard","meta":{"advanced_seo_description":"","jetpack_seo_html_title":"","jetpack_seo_noindex":false,"_jetpack_memberships_contains_paid_content":false,"footnotes":""},"categories":[21],"tags":[],"class_list":["post-64164","post","type-post","status-publish","format-standard","has-post-thumbnail","hentry","category-policial"],"jetpack_featured_media_url":"https:\/\/i0.wp.com\/eltrabajo.cl\/portal\/wp-content\/uploads\/2015\/11\/Incendio-5.jpg?fit=530%2C350&ssl=1","jetpack_sharing_enabled":true,"jetpack_likes_enabled":true,"jetpack-related-posts":[],"_links":{"self":[{"href":"https:\/\/eltrabajo.cl\/portal\/wp-json\/wp\/v2\/posts\/64164","targetHints":{"allow":["GET"]}}],"collection":[{"href":"https:\/\/eltrabajo.cl\/portal\/wp-json\/wp\/v2\/posts"}],"about":[{"href":"https:\/\/eltrabajo.cl\/portal\/wp-json\/wp\/v2\/types\/post"}],"author":[{"embeddable":true,"href":"https:\/\/eltrabajo.cl\/portal\/wp-json\/wp\/v2\/users\/482"}],"replies":[{"embeddable":true,"href":"https:\/\/eltrabajo.cl\/portal\/wp-json\/wp\/v2\/comments?post=64164"}],"version-history":[{"count":0,"href":"https:\/\/eltrabajo.cl\/portal\/wp-json\/wp\/v2\/posts\/64164\/revisions"}],"wp:featuredmedia":[{"embeddable":true,"href":"https:\/\/eltrabajo.cl\/portal\/wp-json\/wp\/v2\/media\/64165"}],"wp:attachment":[{"href":"https:\/\/eltrabajo.cl\/portal\/wp-json\/wp\/v2\/media?parent=64164"}],"wp:term":[{"taxonomy":"category","embeddable":true,"href":"https:\/\/eltrabajo.cl\/portal\/wp-json\/wp\/v2\/categories?post=64164"},{"taxonomy":"post_tag","embeddable":true,"href":"https:\/\/eltrabajo.cl\/portal\/wp-json\/wp\/v2\/tags?post=64164"}],"curies":[{"name":"wp","href":"https:\/\/api.w.org\/{rel}","templated":true}]}}