{"id":64174,"date":"2015-11-24T09:18:37","date_gmt":"2015-11-24T12:18:37","guid":{"rendered":"http:\/\/www.eltrabajo.cl\/portal\/?p=64174"},"modified":"2015-11-24T09:18:37","modified_gmt":"2015-11-24T12:18:37","slug":"plantel-del-uni-salio-de-vacaciones","status":"publish","type":"post","link":"https:\/\/eltrabajo.cl\/portal\/plantel-del-uni-salio-de-vacaciones\/","title":{"rendered":"Plantel del Un\u00ed sali\u00f3 de vacaciones"},"content":{"rendered":"<figure id=\"attachment_64175\" aria-describedby=\"caption-attachment-64175\" style=\"width: 300px\" class=\"wp-caption alignleft\"><a href=\"https:\/\/i0.wp.com\/www.eltrabajo.cl\/portal\/wp-content\/uploads\/2015\/11\/uni-uni4.jpg\"><img data-recalc-dims=\"1\" loading=\"lazy\" decoding=\"async\" class=\"wp-image-64175 size-medium\" src=\"https:\/\/i0.wp.com\/www.eltrabajo.cl\/portal\/wp-content\/uploads\/2015\/11\/uni-uni4-300x197.jpg?resize=300%2C197\" alt=\"Una vez consumada la derrota ante Cobreloa, el Un\u00ed Un\u00ed entr\u00f3 en un periodo de vacaciones.\" width=\"300\" height=\"197\" srcset=\"https:\/\/i0.wp.com\/eltrabajo.cl\/portal\/wp-content\/uploads\/2015\/11\/uni-uni4.jpg?resize=300%2C197&amp;ssl=1 300w, https:\/\/i0.wp.com\/eltrabajo.cl\/portal\/wp-content\/uploads\/2015\/11\/uni-uni4.jpg?resize=200%2C131&amp;ssl=1 200w, https:\/\/i0.wp.com\/eltrabajo.cl\/portal\/wp-content\/uploads\/2015\/11\/uni-uni4.jpg?resize=228%2C150&amp;ssl=1 228w, https:\/\/i0.wp.com\/eltrabajo.cl\/portal\/wp-content\/uploads\/2015\/11\/uni-uni4.jpg?resize=400%2C263&amp;ssl=1 400w, https:\/\/i0.wp.com\/eltrabajo.cl\/portal\/wp-content\/uploads\/2015\/11\/uni-uni4.jpg?w=530&amp;ssl=1 530w\" sizes=\"auto, (max-width: 300px) 100vw, 300px\" \/><\/a><figcaption id=\"caption-attachment-64175\" class=\"wp-caption-text\">Una vez consumada la derrota ante Cobreloa, el Un\u00ed Un\u00ed entr\u00f3 en un periodo de vacaciones.<\/figcaption><\/figure>\n<p>Tras la ca\u00edda ante Cobreloa que trajo como consecuencia la eliminaci\u00f3n de la liguilla del ascenso, el plantel de Uni\u00f3n San Felipe entr\u00f3 en un periodo de vacaciones que llegar\u00e1 a su fin el lunes 7 de diciembre, d\u00eda en el cual el Un\u00ed Un\u00ed volver\u00e1 al trabajo para hacer frente al pr\u00f3ximo torneo.<br \/>\nMientras los jugadores gocen del descanso, la dirigencia deber\u00e1 trabajar en el tema de los posibles refuerzos que lleguen al club, as\u00ed como tambi\u00e9n deber\u00e1 definirse la situaci\u00f3n del entrenador Germ\u00e1n Corengia, al que algunos medios de la capital dan como futuro asistente de Jorge Sampaoli en la selecci\u00f3n chilena.<\/p>\n","protected":false},"excerpt":{"rendered":"<p>Tras la ca\u00edda ante Cobreloa que trajo como consecuencia la eliminaci\u00f3n de la liguilla del ascenso, el plantel de Uni\u00f3n San Felipe entr\u00f3 en un periodo de vacaciones que llegar\u00e1 a su&#8230;<\/p>\n","protected":false},"author":482,"featured_media":64175,"comment_status":"open","ping_status":"open","sticky":false,"template":"","format":"standard","meta":{"advanced_seo_description":"","jetpack_seo_html_title":"","jetpack_seo_noindex":false,"_jetpack_memberships_contains_paid_content":false,"footnotes":""},"categories":[19],"tags":[],"class_list":["post-64174","post","type-post","status-publish","format-standard","has-post-thumbnail","hentry","category-deportes"],"jetpack_featured_media_url":"https:\/\/i0.wp.com\/eltrabajo.cl\/portal\/wp-content\/uploads\/2015\/11\/uni-uni4.jpg?fit=530%2C348&ssl=1","jetpack_sharing_enabled":true,"jetpack_likes_enabled":true,"jetpack-related-posts":[],"_links":{"self":[{"href":"https:\/\/eltrabajo.cl\/portal\/wp-json\/wp\/v2\/posts\/64174","targetHints":{"allow":["GET"]}}],"collection":[{"href":"https:\/\/eltrabajo.cl\/portal\/wp-json\/wp\/v2\/posts"}],"about":[{"href":"https:\/\/eltrabajo.cl\/portal\/wp-json\/wp\/v2\/types\/post"}],"author":[{"embeddable":true,"href":"https:\/\/eltrabajo.cl\/portal\/wp-json\/wp\/v2\/users\/482"}],"replies":[{"embeddable":true,"href":"https:\/\/eltrabajo.cl\/portal\/wp-json\/wp\/v2\/comments?post=64174"}],"version-history":[{"count":0,"href":"https:\/\/eltrabajo.cl\/portal\/wp-json\/wp\/v2\/posts\/64174\/revisions"}],"wp:featuredmedia":[{"embeddable":true,"href":"https:\/\/eltrabajo.cl\/portal\/wp-json\/wp\/v2\/media\/64175"}],"wp:attachment":[{"href":"https:\/\/eltrabajo.cl\/portal\/wp-json\/wp\/v2\/media?parent=64174"}],"wp:term":[{"taxonomy":"category","embeddable":true,"href":"https:\/\/eltrabajo.cl\/portal\/wp-json\/wp\/v2\/categories?post=64174"},{"taxonomy":"post_tag","embeddable":true,"href":"https:\/\/eltrabajo.cl\/portal\/wp-json\/wp\/v2\/tags?post=64174"}],"curies":[{"name":"wp","href":"https:\/\/api.w.org\/{rel}","templated":true}]}}