{"id":64177,"date":"2015-11-24T09:21:07","date_gmt":"2015-11-24T12:21:07","guid":{"rendered":"http:\/\/www.eltrabajo.cl\/portal\/?p=64177"},"modified":"2015-11-24T09:21:07","modified_gmt":"2015-11-24T12:21:07","slug":"realizan-cuarta-version-de-carnaval-andino-en-llay-llay","status":"publish","type":"post","link":"https:\/\/eltrabajo.cl\/portal\/realizan-cuarta-version-de-carnaval-andino-en-llay-llay\/","title":{"rendered":"Realizan Cuarta Versi\u00f3n de Carnaval Andino en Llay Llay"},"content":{"rendered":"<figure id=\"attachment_64178\" aria-describedby=\"caption-attachment-64178\" style=\"width: 300px\" class=\"wp-caption alignleft\"><a href=\"https:\/\/i0.wp.com\/www.eltrabajo.cl\/portal\/wp-content\/uploads\/2015\/11\/Carnaval-Andino-Llay-llay-4.jpg\"><img data-recalc-dims=\"1\" loading=\"lazy\" decoding=\"async\" class=\"wp-image-64178 size-medium\" src=\"https:\/\/i0.wp.com\/www.eltrabajo.cl\/portal\/wp-content\/uploads\/2015\/11\/Carnaval-Andino-Llay-llay-4-300x198.jpg?resize=300%2C198\" alt=\"Al finalizar el Carnaval Andino, las organizaciones participantes recibieron un reconocimiento de parte de las autoridades comunales.\" width=\"300\" height=\"198\" srcset=\"https:\/\/i0.wp.com\/eltrabajo.cl\/portal\/wp-content\/uploads\/2015\/11\/Carnaval-Andino-Llay-llay-4.jpg?resize=300%2C198&amp;ssl=1 300w, https:\/\/i0.wp.com\/eltrabajo.cl\/portal\/wp-content\/uploads\/2015\/11\/Carnaval-Andino-Llay-llay-4.jpg?resize=200%2C132&amp;ssl=1 200w, https:\/\/i0.wp.com\/eltrabajo.cl\/portal\/wp-content\/uploads\/2015\/11\/Carnaval-Andino-Llay-llay-4.jpg?resize=227%2C150&amp;ssl=1 227w, https:\/\/i0.wp.com\/eltrabajo.cl\/portal\/wp-content\/uploads\/2015\/11\/Carnaval-Andino-Llay-llay-4.jpg?resize=400%2C264&amp;ssl=1 400w, https:\/\/i0.wp.com\/eltrabajo.cl\/portal\/wp-content\/uploads\/2015\/11\/Carnaval-Andino-Llay-llay-4.jpg?w=530&amp;ssl=1 530w\" sizes=\"auto, (max-width: 300px) 100vw, 300px\" \/><\/a><figcaption id=\"caption-attachment-64178\" class=\"wp-caption-text\">Al finalizar el Carnaval Andino, las organizaciones participantes recibieron un reconocimiento de parte de las autoridades comunales.<\/figcaption><\/figure>\n<p><strong>LLAY LLAY<\/strong>.- Instalar actividades que entreguen cultura e identidad a nuestra ciudad, es uno de los objetivos concretados por el alcalde Mario Marillanca. En su Cuarta Versi\u00f3n, el Carnaval Andino organizado y financiado por el municipio, congreg\u00f3 a numeroso p\u00fablico, agrupaciones folcl\u00f3ricas y autoridades, en una jornada colorida y llena de magia.<br \/>\nUn hecho que tiene contento al alcalde Mario Marillanca, \u201cfue una jornada de gran emoci\u00f3n, mucho movimiento\u201d y lo m\u00e1s relevante, agreg\u00f3 el edil, \u201cque se est\u00e1n integrando agrupaciones de nuestra comuna. Importante que esto se mantenga en el tiempo y que todos participen activamente\u201d.<br \/>\nDiabladas nortinas, la fuerza de los Caporales, La infaltables Sayas, Los tinkus andinos, en honor a la Pachamama. La belleza de los Tobas, Los Waca Waca, que muestran todo el poder del ser humano. Fueron interpretadas por las agrupaciones participantes de Santiago, Valpara\u00edso, San Felipe y Llay Llay.<br \/>\nCada una de las danzas exhibidas, recibi\u00f3 el aplauso y cari\u00f1o de los asistentes. \u201cMuy bueno, todo muy bonito. Sobre todo en domingo, que es un d\u00eda de descanso y todos podemos disfrutar\u201d, dice Yalili Videla.<br \/>\nAl finalizar, cada una de las agrupaciones participantes, recibi\u00f3 un galvano de reconocimiento de las autoridades.<br \/>\n<strong>Marianela Quevedo<\/strong><\/p>\n<div class=\"tiled-gallery type-rectangular tiled-gallery-unresized\" data-original-width=\"640\" data-carousel-extra='null' itemscope itemtype=\"http:\/\/schema.org\/ImageGallery\" > <div class=\"gallery-row\" style=\"width: 640px; height: 212px;\" data-original-width=\"640\" data-original-height=\"212\" > <div class=\"gallery-group images-1\" style=\"width: 320px; height: 212px;\" data-original-width=\"320\" data-original-height=\"212\" > <div class=\"tiled-gallery-item tiled-gallery-item-large\" itemprop=\"associatedMedia\" itemscope itemtype=\"http:\/\/schema.org\/ImageObject\"> <a href=\"https:\/\/eltrabajo.cl\/portal\/realizan-cuarta-version-de-carnaval-andino-en-llay-llay\/carnaval-andino-llay-llay-2\/\" border=\"0\" itemprop=\"url\"> <meta itemprop=\"width\" content=\"316\"> <meta itemprop=\"height\" content=\"208\"> <img decoding=\"async\" class=\"\" data-attachment-id=\"64179\" data-orig-file=\"https:\/\/eltrabajo.cl\/portal\/wp-content\/uploads\/2015\/11\/Carnaval-Andino-Llay-llay-2.jpg\" data-orig-size=\"530,350\" data-comments-opened=\"1\" data-image-meta=\"{&quot;aperture&quot;:&quot;0&quot;,&quot;credit&quot;:&quot;&quot;,&quot;camera&quot;:&quot;&quot;,&quot;caption&quot;:&quot;&quot;,&quot;created_timestamp&quot;:&quot;0&quot;,&quot;copyright&quot;:&quot;&quot;,&quot;focal_length&quot;:&quot;0&quot;,&quot;iso&quot;:&quot;0&quot;,&quot;shutter_speed&quot;:&quot;0&quot;,&quot;title&quot;:&quot;&quot;,&quot;orientation&quot;:&quot;0&quot;}\" data-image-title=\"Carnaval Andino Llay llay (2)\" data-image-description=\"&lt;p&gt;En esta cuarta versi\u00f3n hubo diabladas nortinas, la fuerza de los Caporales, La infaltables Sayas, Los tinkus andinos, en honor a la Pachamama.&lt;\/p&gt; \" data-medium-file=\"https:\/\/i0.wp.com\/eltrabajo.cl\/portal\/wp-content\/uploads\/2015\/11\/Carnaval-Andino-Llay-llay-2.jpg?fit=300%2C198&#038;ssl=1\" data-large-file=\"https:\/\/i0.wp.com\/eltrabajo.cl\/portal\/wp-content\/uploads\/2015\/11\/Carnaval-Andino-Llay-llay-2.jpg?fit=530%2C350&#038;ssl=1\" src=\"https:\/\/i0.wp.com\/eltrabajo.cl\/portal\/wp-content\/uploads\/2015\/11\/Carnaval-Andino-Llay-llay-2.jpg?w=316&#038;h=208&#038;ssl=1\" srcset=\"https:\/\/i0.wp.com\/eltrabajo.cl\/portal\/wp-content\/uploads\/2015\/11\/Carnaval-Andino-Llay-llay-2.jpg?w=530&amp;ssl=1 530w, https:\/\/i0.wp.com\/eltrabajo.cl\/portal\/wp-content\/uploads\/2015\/11\/Carnaval-Andino-Llay-llay-2.jpg?resize=200%2C132&amp;ssl=1 200w, https:\/\/i0.wp.com\/eltrabajo.cl\/portal\/wp-content\/uploads\/2015\/11\/Carnaval-Andino-Llay-llay-2.jpg?resize=300%2C198&amp;ssl=1 300w, https:\/\/i0.wp.com\/eltrabajo.cl\/portal\/wp-content\/uploads\/2015\/11\/Carnaval-Andino-Llay-llay-2.jpg?resize=227%2C150&amp;ssl=1 227w, https:\/\/i0.wp.com\/eltrabajo.cl\/portal\/wp-content\/uploads\/2015\/11\/Carnaval-Andino-Llay-llay-2.jpg?resize=400%2C264&amp;ssl=1 400w\" width=\"316\" height=\"208\" loading=\"lazy\" data-original-width=\"316\" data-original-height=\"208\" itemprop=\"http:\/\/schema.org\/image\" title=\"Carnaval Andino Llay llay (2)\" alt=\"En esta cuarta versi\u00f3n hubo diabladas nortinas, la fuerza de los Caporales, La infaltables Sayas, Los tinkus andinos, en honor a la Pachamama.\" style=\"width: 316px; height: 208px;\" \/> <\/a> <div class=\"tiled-gallery-caption\" itemprop=\"caption description\"> En esta cuarta versi\u00f3n hubo diabladas nortinas, la fuerza de los Caporales, La infaltables Sayas, Los tinkus andinos, en honor a la Pachamama. <\/div> <\/div> <\/div> <!-- close group --> <div class=\"gallery-group images-1\" style=\"width: 320px; height: 212px;\" data-original-width=\"320\" data-original-height=\"212\" > <div class=\"tiled-gallery-item tiled-gallery-item-large\" itemprop=\"associatedMedia\" itemscope itemtype=\"http:\/\/schema.org\/ImageObject\"> <a href=\"https:\/\/eltrabajo.cl\/portal\/realizan-cuarta-version-de-carnaval-andino-en-llay-llay\/carnaval-andino-llay-llay-6\/\" border=\"0\" itemprop=\"url\"> <meta itemprop=\"width\" content=\"316\"> <meta itemprop=\"height\" content=\"208\"> <img decoding=\"async\" class=\"\" data-attachment-id=\"64180\" data-orig-file=\"https:\/\/eltrabajo.cl\/portal\/wp-content\/uploads\/2015\/11\/Carnaval-Andino-Llay-llay-6.jpg\" data-orig-size=\"530,349\" data-comments-opened=\"1\" data-image-meta=\"{&quot;aperture&quot;:&quot;0&quot;,&quot;credit&quot;:&quot;&quot;,&quot;camera&quot;:&quot;&quot;,&quot;caption&quot;:&quot;&quot;,&quot;created_timestamp&quot;:&quot;0&quot;,&quot;copyright&quot;:&quot;&quot;,&quot;focal_length&quot;:&quot;0&quot;,&quot;iso&quot;:&quot;0&quot;,&quot;shutter_speed&quot;:&quot;0&quot;,&quot;title&quot;:&quot;&quot;,&quot;orientation&quot;:&quot;0&quot;}\" data-image-title=\"Carnaval Andino Llay llay (6)\" data-image-description=\"&lt;p&gt;En este evento participaron organizaciones de Santiago, Valpara\u00edso, San Felipe y Llay Llay.&lt;\/p&gt; \" data-medium-file=\"https:\/\/i0.wp.com\/eltrabajo.cl\/portal\/wp-content\/uploads\/2015\/11\/Carnaval-Andino-Llay-llay-6.jpg?fit=300%2C198&#038;ssl=1\" data-large-file=\"https:\/\/i0.wp.com\/eltrabajo.cl\/portal\/wp-content\/uploads\/2015\/11\/Carnaval-Andino-Llay-llay-6.jpg?fit=530%2C349&#038;ssl=1\" src=\"https:\/\/i0.wp.com\/eltrabajo.cl\/portal\/wp-content\/uploads\/2015\/11\/Carnaval-Andino-Llay-llay-6.jpg?w=316&#038;h=208&#038;ssl=1\" srcset=\"https:\/\/i0.wp.com\/eltrabajo.cl\/portal\/wp-content\/uploads\/2015\/11\/Carnaval-Andino-Llay-llay-6.jpg?w=530&amp;ssl=1 530w, https:\/\/i0.wp.com\/eltrabajo.cl\/portal\/wp-content\/uploads\/2015\/11\/Carnaval-Andino-Llay-llay-6.jpg?resize=200%2C132&amp;ssl=1 200w, https:\/\/i0.wp.com\/eltrabajo.cl\/portal\/wp-content\/uploads\/2015\/11\/Carnaval-Andino-Llay-llay-6.jpg?resize=300%2C198&amp;ssl=1 300w, https:\/\/i0.wp.com\/eltrabajo.cl\/portal\/wp-content\/uploads\/2015\/11\/Carnaval-Andino-Llay-llay-6.jpg?resize=228%2C150&amp;ssl=1 228w, https:\/\/i0.wp.com\/eltrabajo.cl\/portal\/wp-content\/uploads\/2015\/11\/Carnaval-Andino-Llay-llay-6.jpg?resize=400%2C263&amp;ssl=1 400w\" width=\"316\" height=\"208\" loading=\"lazy\" data-original-width=\"316\" data-original-height=\"208\" itemprop=\"http:\/\/schema.org\/image\" title=\"Carnaval Andino Llay llay (6)\" alt=\"En este evento participaron organizaciones de Santiago, Valpara\u00edso, San Felipe y Llay Llay.\" style=\"width: 316px; height: 208px;\" \/> <\/a> <div class=\"tiled-gallery-caption\" itemprop=\"caption description\"> En este evento participaron organizaciones de Santiago, Valpara\u00edso, San Felipe y Llay Llay. <\/div> <\/div> <\/div> <!-- close group --> <\/div> <!-- close row --> <\/div>\n","protected":false},"excerpt":{"rendered":"<p>LLAY LLAY.- Instalar actividades que entreguen cultura e identidad a nuestra ciudad, es uno de los objetivos concretados por el alcalde Mario Marillanca. En su Cuarta Versi\u00f3n, el Carnaval Andino organizado y&#8230;<\/p>\n","protected":false},"author":482,"featured_media":64178,"comment_status":"open","ping_status":"open","sticky":false,"template":"","format":"standard","meta":{"advanced_seo_description":"","jetpack_seo_html_title":"","jetpack_seo_noindex":false,"_jetpack_memberships_contains_paid_content":false,"footnotes":""},"categories":[15],"tags":[],"class_list":["post-64177","post","type-post","status-publish","format-standard","has-post-thumbnail","hentry","category-comunidad"],"jetpack_featured_media_url":"https:\/\/i0.wp.com\/eltrabajo.cl\/portal\/wp-content\/uploads\/2015\/11\/Carnaval-Andino-Llay-llay-4.jpg?fit=530%2C350&ssl=1","jetpack_sharing_enabled":true,"jetpack_likes_enabled":true,"jetpack-related-posts":[],"_links":{"self":[{"href":"https:\/\/eltrabajo.cl\/portal\/wp-json\/wp\/v2\/posts\/64177","targetHints":{"allow":["GET"]}}],"collection":[{"href":"https:\/\/eltrabajo.cl\/portal\/wp-json\/wp\/v2\/posts"}],"about":[{"href":"https:\/\/eltrabajo.cl\/portal\/wp-json\/wp\/v2\/types\/post"}],"author":[{"embeddable":true,"href":"https:\/\/eltrabajo.cl\/portal\/wp-json\/wp\/v2\/users\/482"}],"replies":[{"embeddable":true,"href":"https:\/\/eltrabajo.cl\/portal\/wp-json\/wp\/v2\/comments?post=64177"}],"version-history":[{"count":0,"href":"https:\/\/eltrabajo.cl\/portal\/wp-json\/wp\/v2\/posts\/64177\/revisions"}],"wp:featuredmedia":[{"embeddable":true,"href":"https:\/\/eltrabajo.cl\/portal\/wp-json\/wp\/v2\/media\/64178"}],"wp:attachment":[{"href":"https:\/\/eltrabajo.cl\/portal\/wp-json\/wp\/v2\/media?parent=64177"}],"wp:term":[{"taxonomy":"category","embeddable":true,"href":"https:\/\/eltrabajo.cl\/portal\/wp-json\/wp\/v2\/categories?post=64177"},{"taxonomy":"post_tag","embeddable":true,"href":"https:\/\/eltrabajo.cl\/portal\/wp-json\/wp\/v2\/tags?post=64177"}],"curies":[{"name":"wp","href":"https:\/\/api.w.org\/{rel}","templated":true}]}}