{"id":64182,"date":"2015-11-24T09:22:48","date_gmt":"2015-11-24T12:22:48","guid":{"rendered":"http:\/\/www.eltrabajo.cl\/portal\/?p=64182"},"modified":"2015-11-24T09:22:48","modified_gmt":"2015-11-24T12:22:48","slug":"con-acciones-legales-esperan-impedir-instalacion-de-tuberias-de-gas-natural","status":"publish","type":"post","link":"https:\/\/eltrabajo.cl\/portal\/con-acciones-legales-esperan-impedir-instalacion-de-tuberias-de-gas-natural\/","title":{"rendered":"Con acciones legales esperan impedir instalaci\u00f3n de tuber\u00edas de gas natural"},"content":{"rendered":"<figure id=\"attachment_64183\" aria-describedby=\"caption-attachment-64183\" style=\"width: 300px\" class=\"wp-caption alignleft\"><a href=\"https:\/\/i0.wp.com\/www.eltrabajo.cl\/portal\/wp-content\/uploads\/2015\/11\/villa-estancia.jpg\"><img data-recalc-dims=\"1\" loading=\"lazy\" decoding=\"async\" class=\"wp-image-64183 size-medium\" src=\"https:\/\/i0.wp.com\/www.eltrabajo.cl\/portal\/wp-content\/uploads\/2015\/11\/villa-estancia-300x198.jpg?resize=300%2C198\" alt=\"Vecinos de villa Vista Cordillera anunciaron presentaci\u00f3n de recurso legal adem\u00e1s de denunciar que la empresa Energas se ha tomado la ciudad instalando este servicio sin reparar en da\u00f1os colaterales para los residentes.\" width=\"300\" height=\"198\" srcset=\"https:\/\/i0.wp.com\/eltrabajo.cl\/portal\/wp-content\/uploads\/2015\/11\/villa-estancia.jpg?resize=300%2C198&amp;ssl=1 300w, https:\/\/i0.wp.com\/eltrabajo.cl\/portal\/wp-content\/uploads\/2015\/11\/villa-estancia.jpg?resize=200%2C132&amp;ssl=1 200w, https:\/\/i0.wp.com\/eltrabajo.cl\/portal\/wp-content\/uploads\/2015\/11\/villa-estancia.jpg?resize=227%2C150&amp;ssl=1 227w, https:\/\/i0.wp.com\/eltrabajo.cl\/portal\/wp-content\/uploads\/2015\/11\/villa-estancia.jpg?resize=400%2C264&amp;ssl=1 400w, https:\/\/i0.wp.com\/eltrabajo.cl\/portal\/wp-content\/uploads\/2015\/11\/villa-estancia.jpg?w=530&amp;ssl=1 530w\" sizes=\"auto, (max-width: 300px) 100vw, 300px\" \/><\/a><figcaption id=\"caption-attachment-64183\" class=\"wp-caption-text\">Vecinos de villa Vista Cordillera anunciaron presentaci\u00f3n de recurso legal adem\u00e1s de denunciar que la empresa Energas se ha tomado la ciudad instalando este servicio sin reparar en da\u00f1os colaterales para los residentes.<\/figcaption><\/figure>\n<ul>\n<li><strong>Vecinos de villa Vista Cordillera denunciaron que la empresa Energas se ha tomado la ciudad instalando este servicio sin reparar en da\u00f1os colaterales para los residentes.<\/strong><\/li>\n<\/ul>\n<p><strong>LOS ANDES<\/strong>.- Los vecinos de la villa Vista Cordillera I se encuentran en pie de guerra ante la instalaci\u00f3n de ca\u00f1er\u00edas de gas natural por parte de la empresa Energas, dado los problemas colaterales que traer\u00e1 esta situaci\u00f3n y que ya se est\u00e1n viviendo en otros puntos de la ciudad con el rompimiento de calles y veredas.<br \/>\nPor medio de un comunicado de prensa, los residentes de ese conjunto habitacional compuesto por 119 viviendas expresaron su malestar por esta situaci\u00f3n que vulnera el derecho de los vecinos, toda vez que no quieren gas natural en sus casas.<br \/>\nEllo debido a que los trabajos que pretende llevar adelante Energas implican no solamente el rompimiento de pavimentos, sino que adem\u00e1s la tala de \u00e1rboles, destrucci\u00f3n de veredas y el bloqueo del acceso de los veh\u00edculos de los residentes, sobre todo en \u00e9poca navide\u00f1a.<br \/>\nArgumentan que con esta decisi\u00f3n arbitraria de la empresa se est\u00e1 vulnerando el acuerdo establecido en una reuni\u00f3n en la Uni\u00f3n Comunal de Juntas de Vecinos de Los Andes, donde qued\u00f3 establecido que \u00absi una poblaci\u00f3n o villa tiene m\u00e1s del 51% de interesados reales en tener dicho peligroso gas, \u00e9sta empresa realizar\u00eda la instalaci\u00f3n, solo en ese caso y no cuando no tiene un solo interesado\u00bb.<br \/>\nEs por ello que los vecinos efectuaron una asamblea ampliada donde el 100% se mostr\u00f3 en contra de la instalaci\u00f3n del gas natural y llevar\u00e1n adelante todas las acciones que sean necesarias para impedir esta situaci\u00f3n.<br \/>\nEn primera instancia presentar\u00e1n en tribunales un recurso de protecci\u00f3n para revocar \u00abesta medida dictatorial y que en ning\u00fan caso el se\u00f1or Alcalde pregunt\u00f3 a los vecinos si quer\u00edamos o no este peligroso gas, lo cual parece por decir lo menos ins\u00f3lito\u00bb.<br \/>\nAdem\u00e1s llevar\u00e1n adelante una fuerte ofensiva comunicacional para informar a vecinos de otras villas y barrios de Los Andes sobre las acciones unilaterales que est\u00e1 tomando Energas bajo el amparo de la municipalidad.<br \/>\nOtra medida de los vecinos es que se dejar\u00e1n estacionados todo el d\u00eda los veh\u00edculos en las entradas de las casas a fin de que no se pueda realizar la instalaci\u00f3n de gas.<br \/>\nFinalmente acordaron realizar este lunes a partir de las 20 horas una marcha en el exterior del conjunto residencial por calle San Rafael para expresar su malestar por esta situaci\u00f3n que pone en riesgo su calidad de vida y la de otros barrios de la ciudad.<\/p>\n","protected":false},"excerpt":{"rendered":"<p>Vecinos de villa Vista Cordillera denunciaron que la empresa Energas se ha tomado la ciudad instalando este servicio sin reparar en da\u00f1os colaterales para los residentes. LOS ANDES.- Los vecinos de la&#8230;<\/p>\n","protected":false},"author":482,"featured_media":64183,"comment_status":"open","ping_status":"open","sticky":false,"template":"","format":"standard","meta":{"advanced_seo_description":"","jetpack_seo_html_title":"","jetpack_seo_noindex":false,"_jetpack_memberships_contains_paid_content":false,"footnotes":""},"categories":[15],"tags":[],"class_list":["post-64182","post","type-post","status-publish","format-standard","has-post-thumbnail","hentry","category-comunidad"],"jetpack_featured_media_url":"https:\/\/i0.wp.com\/eltrabajo.cl\/portal\/wp-content\/uploads\/2015\/11\/villa-estancia.jpg?fit=530%2C350&ssl=1","jetpack_sharing_enabled":true,"jetpack_likes_enabled":true,"jetpack-related-posts":[],"_links":{"self":[{"href":"https:\/\/eltrabajo.cl\/portal\/wp-json\/wp\/v2\/posts\/64182","targetHints":{"allow":["GET"]}}],"collection":[{"href":"https:\/\/eltrabajo.cl\/portal\/wp-json\/wp\/v2\/posts"}],"about":[{"href":"https:\/\/eltrabajo.cl\/portal\/wp-json\/wp\/v2\/types\/post"}],"author":[{"embeddable":true,"href":"https:\/\/eltrabajo.cl\/portal\/wp-json\/wp\/v2\/users\/482"}],"replies":[{"embeddable":true,"href":"https:\/\/eltrabajo.cl\/portal\/wp-json\/wp\/v2\/comments?post=64182"}],"version-history":[{"count":0,"href":"https:\/\/eltrabajo.cl\/portal\/wp-json\/wp\/v2\/posts\/64182\/revisions"}],"wp:featuredmedia":[{"embeddable":true,"href":"https:\/\/eltrabajo.cl\/portal\/wp-json\/wp\/v2\/media\/64183"}],"wp:attachment":[{"href":"https:\/\/eltrabajo.cl\/portal\/wp-json\/wp\/v2\/media?parent=64182"}],"wp:term":[{"taxonomy":"category","embeddable":true,"href":"https:\/\/eltrabajo.cl\/portal\/wp-json\/wp\/v2\/categories?post=64182"},{"taxonomy":"post_tag","embeddable":true,"href":"https:\/\/eltrabajo.cl\/portal\/wp-json\/wp\/v2\/tags?post=64182"}],"curies":[{"name":"wp","href":"https:\/\/api.w.org\/{rel}","templated":true}]}}