{"id":64185,"date":"2015-11-24T09:24:03","date_gmt":"2015-11-24T12:24:03","guid":{"rendered":"http:\/\/www.eltrabajo.cl\/portal\/?p=64185"},"modified":"2015-11-24T09:24:03","modified_gmt":"2015-11-24T12:24:03","slug":"con-gran-alegria-parvulos-de-panquehue-celebraron-su-dia","status":"publish","type":"post","link":"https:\/\/eltrabajo.cl\/portal\/con-gran-alegria-parvulos-de-panquehue-celebraron-su-dia\/","title":{"rendered":"Con gran alegr\u00eda p\u00e1rvulos de Panquehue celebraron su d\u00eda"},"content":{"rendered":"<figure id=\"attachment_64186\" aria-describedby=\"caption-attachment-64186\" style=\"width: 300px\" class=\"wp-caption alignleft\"><a href=\"https:\/\/i0.wp.com\/www.eltrabajo.cl\/portal\/wp-content\/uploads\/2015\/11\/Dia-del-parvulo-4.jpg\"><img data-recalc-dims=\"1\" loading=\"lazy\" decoding=\"async\" class=\"wp-image-64186 size-medium\" src=\"https:\/\/i0.wp.com\/www.eltrabajo.cl\/portal\/wp-content\/uploads\/2015\/11\/Dia-del-parvulo-4-300x199.jpg?resize=300%2C199\" alt=\"Distintos establecimientos de Panquehue participaron de la celebraci\u00f3n del D\u00eda del P\u00e1rvulo.\" width=\"300\" height=\"199\" srcset=\"https:\/\/i0.wp.com\/eltrabajo.cl\/portal\/wp-content\/uploads\/2015\/11\/Dia-del-parvulo-4.jpg?resize=300%2C199&amp;ssl=1 300w, https:\/\/i0.wp.com\/eltrabajo.cl\/portal\/wp-content\/uploads\/2015\/11\/Dia-del-parvulo-4.jpg?resize=200%2C133&amp;ssl=1 200w, https:\/\/i0.wp.com\/eltrabajo.cl\/portal\/wp-content\/uploads\/2015\/11\/Dia-del-parvulo-4.jpg?resize=226%2C150&amp;ssl=1 226w, https:\/\/i0.wp.com\/eltrabajo.cl\/portal\/wp-content\/uploads\/2015\/11\/Dia-del-parvulo-4.jpg?resize=400%2C265&amp;ssl=1 400w, https:\/\/i0.wp.com\/eltrabajo.cl\/portal\/wp-content\/uploads\/2015\/11\/Dia-del-parvulo-4.jpg?w=528&amp;ssl=1 528w\" sizes=\"auto, (max-width: 300px) 100vw, 300px\" \/><\/a><figcaption id=\"caption-attachment-64186\" class=\"wp-caption-text\">Distintos establecimientos de Panquehue participaron de la celebraci\u00f3n del D\u00eda del P\u00e1rvulo.<\/figcaption><\/figure>\n<ul>\n<li><strong>Fue en la sala cultural de la comuna, donde se reunieron los 231 p\u00e1rvulos, participando de juegos y otras actividades recreativas a cargo del Daem.<\/strong><\/li>\n<\/ul>\n<p><strong>PANQUEHUE<\/strong>.- Con la realizaci\u00f3n de una serie de actividades recreativas, los 231 p\u00e1rvulos panquehuinos que corresponden a establecimientos educacionales y jardines de la Junji, participaron de una serie de actividades recreativas, al conmemorarse el d\u00eda del p\u00e1rvulo.<br \/>\nAcompa\u00f1ados del alcalde Luis Pradenas, los menores tuvieron una jornada especial, donde disfrutaron de cantos, juegos y cuentos infantiles.<br \/>\nFue en la sala cultural de Panquehue, donde se reunieron los menores provenientes de las seis escuelas, adem\u00e1s de los jardines infantiles Enanitos del Bosque y Tipitin, para participar de estas actividades.<br \/>\nJulia Mar\u00edn Directora del Daem, se\u00f1al\u00f3 que esta actividad permiti\u00f3 disfrutar con los menores, en una jornada totalmente distinta.<br \/>\n\u201cPara nosotros en la comuna de Panquehue, al momento de hacer un balance significa un trabajo bastante articulado, porque tener pre-b\u00e1sica en las escuelas con jornada escolar completa, es un gran apoyo a las familias de estos parvulitos, porque se trata de ni\u00f1os chicos que deben estar protegidos en los establecimientos educacionales, desde el punto de vista pedag\u00f3gico como integral. En Panquehue la educaci\u00f3n parvularia ha logrado una gran connotaci\u00f3n, porque adem\u00e1s de todo esto, nosotros tenemos a cargo a los dos jardines infantiles Junji, lo que significa trabajar en un nicho de matr\u00edcula.<br \/>\nPor lo mismo hemos querido celebrar el d\u00eda del p\u00e1rvulo con una serie de actividades, para lo cual como ha sido la costumbre, hemos contado con todo el apoyo de nuestro alcalde Luis Pradenas\u201d.<\/p>\n","protected":false},"excerpt":{"rendered":"<p>Fue en la sala cultural de la comuna, donde se reunieron los 231 p\u00e1rvulos, participando de juegos y otras actividades recreativas a cargo del Daem. PANQUEHUE.- Con la realizaci\u00f3n de una serie&#8230;<\/p>\n","protected":false},"author":482,"featured_media":64186,"comment_status":"open","ping_status":"open","sticky":false,"template":"","format":"standard","meta":{"advanced_seo_description":"","jetpack_seo_html_title":"","jetpack_seo_noindex":false,"_jetpack_memberships_contains_paid_content":false,"footnotes":""},"categories":[15],"tags":[],"class_list":["post-64185","post","type-post","status-publish","format-standard","has-post-thumbnail","hentry","category-comunidad"],"jetpack_featured_media_url":"https:\/\/i0.wp.com\/eltrabajo.cl\/portal\/wp-content\/uploads\/2015\/11\/Dia-del-parvulo-4.jpg?fit=528%2C350&ssl=1","jetpack_sharing_enabled":true,"jetpack_likes_enabled":true,"jetpack-related-posts":[],"_links":{"self":[{"href":"https:\/\/eltrabajo.cl\/portal\/wp-json\/wp\/v2\/posts\/64185","targetHints":{"allow":["GET"]}}],"collection":[{"href":"https:\/\/eltrabajo.cl\/portal\/wp-json\/wp\/v2\/posts"}],"about":[{"href":"https:\/\/eltrabajo.cl\/portal\/wp-json\/wp\/v2\/types\/post"}],"author":[{"embeddable":true,"href":"https:\/\/eltrabajo.cl\/portal\/wp-json\/wp\/v2\/users\/482"}],"replies":[{"embeddable":true,"href":"https:\/\/eltrabajo.cl\/portal\/wp-json\/wp\/v2\/comments?post=64185"}],"version-history":[{"count":0,"href":"https:\/\/eltrabajo.cl\/portal\/wp-json\/wp\/v2\/posts\/64185\/revisions"}],"wp:featuredmedia":[{"embeddable":true,"href":"https:\/\/eltrabajo.cl\/portal\/wp-json\/wp\/v2\/media\/64186"}],"wp:attachment":[{"href":"https:\/\/eltrabajo.cl\/portal\/wp-json\/wp\/v2\/media?parent=64185"}],"wp:term":[{"taxonomy":"category","embeddable":true,"href":"https:\/\/eltrabajo.cl\/portal\/wp-json\/wp\/v2\/categories?post=64185"},{"taxonomy":"post_tag","embeddable":true,"href":"https:\/\/eltrabajo.cl\/portal\/wp-json\/wp\/v2\/tags?post=64185"}],"curies":[{"name":"wp","href":"https:\/\/api.w.org\/{rel}","templated":true}]}}