{"id":64188,"date":"2015-11-24T09:26:22","date_gmt":"2015-11-24T12:26:22","guid":{"rendered":"http:\/\/www.eltrabajo.cl\/portal\/?p=64188"},"modified":"2015-11-24T09:26:22","modified_gmt":"2015-11-24T12:26:22","slug":"artistas-podran-participar-de-primer-festival-mistraliano-del-arte-y-la-cultura","status":"publish","type":"post","link":"https:\/\/eltrabajo.cl\/portal\/artistas-podran-participar-de-primer-festival-mistraliano-del-arte-y-la-cultura\/","title":{"rendered":"Artistas podr\u00e1n participar de Primer Festival Mistraliano del arte y la cultura"},"content":{"rendered":"<figure id=\"attachment_64189\" aria-describedby=\"caption-attachment-64189\" style=\"width: 300px\" class=\"wp-caption alignleft\"><a href=\"https:\/\/i0.wp.com\/www.eltrabajo.cl\/portal\/wp-content\/uploads\/2015\/11\/Convocatoria-artistas.jpg\"><img data-recalc-dims=\"1\" loading=\"lazy\" decoding=\"async\" class=\"wp-image-64189 size-medium\" src=\"https:\/\/i0.wp.com\/www.eltrabajo.cl\/portal\/wp-content\/uploads\/2015\/11\/Convocatoria-artistas-300x198.jpg?resize=300%2C198\" alt=\"Las actividades se realizar\u00e1n en el marco de la conmemoraci\u00f3n de los 70 a\u00f1os de la entrega del Premio Nobel de Literatura a Gabriela Mistral.\" width=\"300\" height=\"198\" srcset=\"https:\/\/i0.wp.com\/eltrabajo.cl\/portal\/wp-content\/uploads\/2015\/11\/Convocatoria-artistas.jpg?resize=300%2C198&amp;ssl=1 300w, https:\/\/i0.wp.com\/eltrabajo.cl\/portal\/wp-content\/uploads\/2015\/11\/Convocatoria-artistas.jpg?resize=200%2C132&amp;ssl=1 200w, https:\/\/i0.wp.com\/eltrabajo.cl\/portal\/wp-content\/uploads\/2015\/11\/Convocatoria-artistas.jpg?resize=228%2C150&amp;ssl=1 228w, https:\/\/i0.wp.com\/eltrabajo.cl\/portal\/wp-content\/uploads\/2015\/11\/Convocatoria-artistas.jpg?resize=400%2C263&amp;ssl=1 400w, https:\/\/i0.wp.com\/eltrabajo.cl\/portal\/wp-content\/uploads\/2015\/11\/Convocatoria-artistas.jpg?w=530&amp;ssl=1 530w\" sizes=\"auto, (max-width: 300px) 100vw, 300px\" \/><\/a><figcaption id=\"caption-attachment-64189\" class=\"wp-caption-text\">Las actividades se realizar\u00e1n en el marco de la conmemoraci\u00f3n de los 70 a\u00f1os de la entrega del Premio Nobel de Literatura a Gabriela Mistral.<\/figcaption><\/figure>\n<ul>\n<li><strong>Evento se realizar\u00e1 para conmemorar los 70 a\u00f1os de la entrega del premio Nobel de Literatura a Gabriela Mistral.<\/strong><\/li>\n<\/ul>\n<p><strong>LOS ANDES<\/strong>.- Al cumplirse el pr\u00f3ximo 10 de diciembre 70 a\u00f1os de la entrega del Premio Nobel de Literatura a Gabriela Mistral por parte de la Academia Sueca de la Lengua, siendo la Primer Mujer Latinoamericana y Chilena en recibir tal reconocimiento universal, la Asociaci\u00f3n Cultural Festival Costumbrista est\u00e1 convocando a las m\u00e1s diversas organizaciones art\u00edsticas y culturales de la provincia, para la realizaci\u00f3n de una jornada multicultural de conmemoraci\u00f3n a realizare el s\u00e1bado 12 de diciembre entre las 10 y las 21 horas en la Plaza de Armas y Gobernaci\u00f3n Provincial.<br \/>\nGabriela Mistral, durante su estad\u00eda en Los Andes entre los a\u00f1os 1912 y 1918, fue el foco cultural de Chile, vincul\u00e1ndose en nuestra ciudad con grandes intelectuales, como Laura Rodig (escultora andina que fue galardonada con el Premio nacional de Arte), el educador Maximiliano Salas Marchant y por supuesto, su amigo ex Ministro de Educaci\u00f3n y Presidente de la Rep\u00fablica con Pedro Aguirre Cerda.<br \/>\nLa Presidenta de la Asociaci\u00f3n Cultural Festival Costumbrista, Ester Liquitay, manifest\u00f3 que a 70 a\u00f1os de la entrega del Premio Nobel, \u201cLos Andes debe resaltar su presencia en esta ciudad, e identificarse con el legado cultural de la poetisa, el que va m\u00e1s all\u00e1 de la Literatura, sino que tambi\u00e9n con su vocaci\u00f3n americanista, defensora de los derechos humanos y feminista\u201d.<\/p>\n","protected":false},"excerpt":{"rendered":"<p>Evento se realizar\u00e1 para conmemorar los 70 a\u00f1os de la entrega del premio Nobel de Literatura a Gabriela Mistral. LOS ANDES.- Al cumplirse el pr\u00f3ximo 10 de diciembre 70 a\u00f1os de la&#8230;<\/p>\n","protected":false},"author":482,"featured_media":64189,"comment_status":"open","ping_status":"open","sticky":false,"template":"","format":"standard","meta":{"advanced_seo_description":"","jetpack_seo_html_title":"","jetpack_seo_noindex":false,"_jetpack_memberships_contains_paid_content":false,"footnotes":""},"categories":[15],"tags":[],"class_list":["post-64188","post","type-post","status-publish","format-standard","has-post-thumbnail","hentry","category-comunidad"],"jetpack_featured_media_url":"https:\/\/i0.wp.com\/eltrabajo.cl\/portal\/wp-content\/uploads\/2015\/11\/Convocatoria-artistas.jpg?fit=530%2C349&ssl=1","jetpack_sharing_enabled":true,"jetpack_likes_enabled":true,"jetpack-related-posts":[],"_links":{"self":[{"href":"https:\/\/eltrabajo.cl\/portal\/wp-json\/wp\/v2\/posts\/64188","targetHints":{"allow":["GET"]}}],"collection":[{"href":"https:\/\/eltrabajo.cl\/portal\/wp-json\/wp\/v2\/posts"}],"about":[{"href":"https:\/\/eltrabajo.cl\/portal\/wp-json\/wp\/v2\/types\/post"}],"author":[{"embeddable":true,"href":"https:\/\/eltrabajo.cl\/portal\/wp-json\/wp\/v2\/users\/482"}],"replies":[{"embeddable":true,"href":"https:\/\/eltrabajo.cl\/portal\/wp-json\/wp\/v2\/comments?post=64188"}],"version-history":[{"count":0,"href":"https:\/\/eltrabajo.cl\/portal\/wp-json\/wp\/v2\/posts\/64188\/revisions"}],"wp:featuredmedia":[{"embeddable":true,"href":"https:\/\/eltrabajo.cl\/portal\/wp-json\/wp\/v2\/media\/64189"}],"wp:attachment":[{"href":"https:\/\/eltrabajo.cl\/portal\/wp-json\/wp\/v2\/media?parent=64188"}],"wp:term":[{"taxonomy":"category","embeddable":true,"href":"https:\/\/eltrabajo.cl\/portal\/wp-json\/wp\/v2\/categories?post=64188"},{"taxonomy":"post_tag","embeddable":true,"href":"https:\/\/eltrabajo.cl\/portal\/wp-json\/wp\/v2\/tags?post=64188"}],"curies":[{"name":"wp","href":"https:\/\/api.w.org\/{rel}","templated":true}]}}