{"id":64194,"date":"2015-11-24T09:30:12","date_gmt":"2015-11-24T12:30:12","guid":{"rendered":"http:\/\/www.eltrabajo.cl\/portal\/?p=64194"},"modified":"2015-11-24T09:30:12","modified_gmt":"2015-11-24T12:30:12","slug":"el-proximo-ano-funcionara-primera-escuela-para-ninos-con-capacidades-diferentes-en-santa-maria","status":"publish","type":"post","link":"https:\/\/eltrabajo.cl\/portal\/el-proximo-ano-funcionara-primera-escuela-para-ninos-con-capacidades-diferentes-en-santa-maria\/","title":{"rendered":"El pr\u00f3ximo a\u00f1o funcionar\u00e1 primera Escuela para ni\u00f1os con capacidades diferentes en Santa Mar\u00eda"},"content":{"rendered":"<figure id=\"attachment_64195\" aria-describedby=\"caption-attachment-64195\" style=\"width: 300px\" class=\"wp-caption alignleft\"><a href=\"https:\/\/i0.wp.com\/www.eltrabajo.cl\/portal\/wp-content\/uploads\/2015\/11\/Escuela-especial-Santa-Maria.jpg\"><img data-recalc-dims=\"1\" loading=\"lazy\" decoding=\"async\" class=\"wp-image-64195 size-medium\" src=\"https:\/\/i0.wp.com\/www.eltrabajo.cl\/portal\/wp-content\/uploads\/2015\/11\/Escuela-especial-Santa-Maria-300x198.jpg?resize=300%2C198\" alt=\"La reuni\u00f3n se realiz\u00f3 junto al gobernador Eduardo Le\u00f3n, la directora regional de Senadis, Marisol Torres, el alcalde Claudio Zurita y el Centro de Apoderados de Personas con Capacidades Diferentes de la comuna.\" width=\"300\" height=\"198\" srcset=\"https:\/\/i0.wp.com\/eltrabajo.cl\/portal\/wp-content\/uploads\/2015\/11\/Escuela-especial-Santa-Maria.jpg?resize=300%2C198&amp;ssl=1 300w, https:\/\/i0.wp.com\/eltrabajo.cl\/portal\/wp-content\/uploads\/2015\/11\/Escuela-especial-Santa-Maria.jpg?resize=200%2C132&amp;ssl=1 200w, https:\/\/i0.wp.com\/eltrabajo.cl\/portal\/wp-content\/uploads\/2015\/11\/Escuela-especial-Santa-Maria.jpg?resize=227%2C150&amp;ssl=1 227w, https:\/\/i0.wp.com\/eltrabajo.cl\/portal\/wp-content\/uploads\/2015\/11\/Escuela-especial-Santa-Maria.jpg?resize=400%2C264&amp;ssl=1 400w, https:\/\/i0.wp.com\/eltrabajo.cl\/portal\/wp-content\/uploads\/2015\/11\/Escuela-especial-Santa-Maria.jpg?w=530&amp;ssl=1 530w\" sizes=\"auto, (max-width: 300px) 100vw, 300px\" \/><\/a><figcaption id=\"caption-attachment-64195\" class=\"wp-caption-text\">La reuni\u00f3n se realiz\u00f3 junto al gobernador Eduardo Le\u00f3n, la directora regional de Senadis, Marisol Torres, el alcalde Claudio Zurita y el Centro de Apoderados de Personas con Capacidades Diferentes de la comuna.<\/figcaption><\/figure>\n<ul>\n<li><strong>La informaci\u00f3n fue entregada por el alcalde Claudio Zurita y apoyada por el gobernador Eduardo Le\u00f3n, quien destac\u00f3 que la iniciativa va de la mano con el programa de Gobierno de la Presidenta Bachelet en cuanto a la inclusi\u00f3n.<\/strong><\/li>\n<\/ul>\n<p>En el marco de una reuni\u00f3n entre el gobernador Eduardo Le\u00f3n, la directora regional de Senadis, Marisol Torres, el alcalde Claudio Zurita y otras autoridades de Santa Mar\u00eda con el Centro de Apoderados de Personas con Capacidades Diferentes de la comuna, a la que asistieron un gran n\u00famero de personas, dieron a conocer detalles sobre el proyecto de la primera escuela especial con la que contar\u00e1n, lo que significar\u00e1 un importante avance para las familias que deben buscar en otros puntos de la Provincia la educaci\u00f3n que necesitan sus hijos.<br \/>\nEn ese sentido, el jefe comunal adelant\u00f3 que esta iniciativa est\u00e1 proyectada para que ya reciba alumnos desde el 2016. \u201cEstamos muy contentos, ya que estamos llegando a la etapa final para poder cumplir un sue\u00f1o muy anhelado por la gente de Santa Mar\u00eda. La Escuela Mar\u00eda Esp\u00edndola Espinoza de San Fernando, la transformaremos de una escuela normal a una que cumpla los requerimientos para los ni\u00f1os con capacidades diferentes\u201d, afirm\u00f3.<br \/>\nAsimismo, recalc\u00f3 que hoy existe un alto n\u00famero de estudiantes que debe trasladarse hasta San Felipe para asistir alguna escuela que cumpla con sus requerimientos. \u201cNosotros enviamos a cerca de 25 a 30 ni\u00f1os a estudiar a otras comunas. Por lo que era necesario abrir la nuestra propia, pero no s\u00f3lo para estos 25 ni\u00f1os, sino que poder captar otros que est\u00e1n en las casas o de otras comunas. Queremos hacer una escuela de muy buena calidad, con una oferta program\u00e1tica interesante, tem\u00e1tica. El pr\u00f3ximo a\u00f1o tendremos esta escuela en Santa Mar\u00eda y nos pone muy contentos\u201d, finaliz\u00f3 Zurita.<br \/>\nEn tanto, el gobernador Eduardo Le\u00f3n manifest\u00f3 que estas medidas van de la mano con lo que el Gobierno de la Presidenta Bachelet est\u00e1 impulsando desde el punto de vista de la inclusi\u00f3n. \u201cEste municipio est\u00e1 llevando adelante la reconversi\u00f3n de esta Escuela a una colegio especial. Es por ello que, junto a la Directora de Senadis, los estamos apoyando y asesorando porque para el Gobierno de la Presidenta Bachelet la inclusi\u00f3n es esencial\u201d, destac\u00f3.<br \/>\nAdem\u00e1s, aprovech\u00f3 de adelantar que el pr\u00f3ximo 11 de diciembre, en el teatro municipal de Santa Mar\u00eda, se desarrollar\u00e1 un seminario sobre accesibilidad universal y de paso realiz\u00f3 una invitaci\u00f3n. \u201cInvitamos a profesionales de la planificaci\u00f3n, arquitectos, constructores a que asistan a este seminario, porque como provincia, estamos al debe en este tema y tenemos que avanzar m\u00e1s\u201d, dijo la autoridad provincial.<\/p>\n","protected":false},"excerpt":{"rendered":"<p>La informaci\u00f3n fue entregada por el alcalde Claudio Zurita y apoyada por el gobernador Eduardo Le\u00f3n, quien destac\u00f3 que la iniciativa va de la mano con el programa de Gobierno de la&#8230;<\/p>\n","protected":false},"author":482,"featured_media":64195,"comment_status":"open","ping_status":"open","sticky":false,"template":"","format":"standard","meta":{"advanced_seo_description":"","jetpack_seo_html_title":"","jetpack_seo_noindex":false,"_jetpack_memberships_contains_paid_content":false,"footnotes":""},"categories":[1],"tags":[],"class_list":["post-64194","post","type-post","status-publish","format-standard","has-post-thumbnail","hentry","category-cronica"],"jetpack_featured_media_url":"https:\/\/i0.wp.com\/eltrabajo.cl\/portal\/wp-content\/uploads\/2015\/11\/Escuela-especial-Santa-Maria.jpg?fit=530%2C350&ssl=1","jetpack_sharing_enabled":true,"jetpack_likes_enabled":true,"jetpack-related-posts":[],"_links":{"self":[{"href":"https:\/\/eltrabajo.cl\/portal\/wp-json\/wp\/v2\/posts\/64194","targetHints":{"allow":["GET"]}}],"collection":[{"href":"https:\/\/eltrabajo.cl\/portal\/wp-json\/wp\/v2\/posts"}],"about":[{"href":"https:\/\/eltrabajo.cl\/portal\/wp-json\/wp\/v2\/types\/post"}],"author":[{"embeddable":true,"href":"https:\/\/eltrabajo.cl\/portal\/wp-json\/wp\/v2\/users\/482"}],"replies":[{"embeddable":true,"href":"https:\/\/eltrabajo.cl\/portal\/wp-json\/wp\/v2\/comments?post=64194"}],"version-history":[{"count":0,"href":"https:\/\/eltrabajo.cl\/portal\/wp-json\/wp\/v2\/posts\/64194\/revisions"}],"wp:featuredmedia":[{"embeddable":true,"href":"https:\/\/eltrabajo.cl\/portal\/wp-json\/wp\/v2\/media\/64195"}],"wp:attachment":[{"href":"https:\/\/eltrabajo.cl\/portal\/wp-json\/wp\/v2\/media?parent=64194"}],"wp:term":[{"taxonomy":"category","embeddable":true,"href":"https:\/\/eltrabajo.cl\/portal\/wp-json\/wp\/v2\/categories?post=64194"},{"taxonomy":"post_tag","embeddable":true,"href":"https:\/\/eltrabajo.cl\/portal\/wp-json\/wp\/v2\/tags?post=64194"}],"curies":[{"name":"wp","href":"https:\/\/api.w.org\/{rel}","templated":true}]}}