{"id":64197,"date":"2015-11-24T09:31:48","date_gmt":"2015-11-24T12:31:48","guid":{"rendered":"http:\/\/www.eltrabajo.cl\/portal\/?p=64197"},"modified":"2015-11-24T09:31:48","modified_gmt":"2015-11-24T12:31:48","slug":"ii-perrotrote-y-seminario-provincial-realizara-municipio-sanfelipeno","status":"publish","type":"post","link":"https:\/\/eltrabajo.cl\/portal\/ii-perrotrote-y-seminario-provincial-realizara-municipio-sanfelipeno\/","title":{"rendered":"II Perrotrote y seminario provincial realizar\u00e1 municipio sanfelipe\u00f1o"},"content":{"rendered":"<figure id=\"attachment_64198\" aria-describedby=\"caption-attachment-64198\" style=\"width: 300px\" class=\"wp-caption alignleft\"><a href=\"https:\/\/i0.wp.com\/www.eltrabajo.cl\/portal\/wp-content\/uploads\/2015\/11\/mariana-bravo.jpg\"><img data-recalc-dims=\"1\" loading=\"lazy\" decoding=\"async\" class=\"wp-image-64198 size-medium\" src=\"https:\/\/i0.wp.com\/www.eltrabajo.cl\/portal\/wp-content\/uploads\/2015\/11\/mariana-bravo-300x197.jpg?resize=300%2C197\" alt=\"Mariana Bravo Coordinadora del Programa Municipal de Tenencia Responsable de Mascotas de la Municipalidad de San Felipe.\" width=\"300\" height=\"197\" srcset=\"https:\/\/i0.wp.com\/eltrabajo.cl\/portal\/wp-content\/uploads\/2015\/11\/mariana-bravo.jpg?resize=300%2C197&amp;ssl=1 300w, https:\/\/i0.wp.com\/eltrabajo.cl\/portal\/wp-content\/uploads\/2015\/11\/mariana-bravo.jpg?resize=200%2C131&amp;ssl=1 200w, https:\/\/i0.wp.com\/eltrabajo.cl\/portal\/wp-content\/uploads\/2015\/11\/mariana-bravo.jpg?resize=228%2C150&amp;ssl=1 228w, https:\/\/i0.wp.com\/eltrabajo.cl\/portal\/wp-content\/uploads\/2015\/11\/mariana-bravo.jpg?resize=400%2C263&amp;ssl=1 400w, https:\/\/i0.wp.com\/eltrabajo.cl\/portal\/wp-content\/uploads\/2015\/11\/mariana-bravo.jpg?w=530&amp;ssl=1 530w\" sizes=\"auto, (max-width: 300px) 100vw, 300px\" \/><\/a><figcaption id=\"caption-attachment-64198\" class=\"wp-caption-text\">Mariana Bravo Coordinadora del Programa Municipal de Tenencia Responsable de Mascotas de la Municipalidad de San Felipe.<\/figcaption><\/figure>\n<ul>\n<li><strong>Seminario Provincial se realizar\u00e1 este jueves, mientras que el pr\u00f3ximo domingo las familias podr\u00e1n correr junto a sus perros a partir de las 10 de la ma\u00f1ana.<\/strong><\/li>\n<\/ul>\n<p>El primer seminario provincial de Tenencia Responsable de Mascotas y la II Perrotrote, son las dos actividades masivas que esta semana se realizar\u00e1n en la comuna de San Felipe, enmarcadas en El Plan Municipal de Tenencia Responsable de Mascotas, que se llevar\u00e1n a cabo a partir de las 10 de la ma\u00f1ana, el jueves 26 y el domingo 29 respectivamente.<br \/>\nEn la primera cita estar\u00e1n presentes funcionarios de la Polic\u00eda de Investigaciones, PDI y la Subdere y seg\u00fan Mariana Bravo, coordinadora de este proyecto, \u201ces muy importante que los voluntarios animalistas y en general, los amantes de los animales y agrupaciones asistan porque van a poder aclarar todas sus dudas respecto de, por ejemplo, c\u00f3mo denunciar los maltratos, en qu\u00e9 vienen las esterilizaciones masivas en todas las comunas y tambi\u00e9n se va a explicar el plan municipal de San Felipe, para dar el ejemplo a las otras comunas\u201d, detall\u00f3.<br \/>\nEn relaci\u00f3n a la actividad dominical, Bravo afirm\u00f3 que \u201cla Perrotrote es una actividad que ya se realiz\u00f3 el a\u00f1o pasado, es una actividad en familia, tenemos hartas iniciativas nuevas, la idea es que las familias vengan a inscribirse a eso de las 9 de la ma\u00f1ana con sus perritos\u201d, destac\u00f3, agregando que \u201cal parecer nos van a visitar del programa de TV Kunga, tendremos a una inmobiliaria de mascotas, seguros de Isapres, alimentos, revistas, tendremos stands de Santiago, Rancagua y Vi\u00f1a del Mar y la idea es que vengan a informarse y que participe toda la familia\u201d, finaliz\u00f3<br \/>\nEs necesario destacar que a la fecha ya existen 660 esterilizaciones realizadas en la comuna de San Felipe, de un total de mil que deben ejecutarse hasta el 13 de diciembre y que una vez cumplida esta meta, el municipio que lidera el alcalde Patricio Freire, pretende continuar realizando.<\/p>\n","protected":false},"excerpt":{"rendered":"<p>Seminario Provincial se realizar\u00e1 este jueves, mientras que el pr\u00f3ximo domingo las familias podr\u00e1n correr junto a sus perros a partir de las 10 de la ma\u00f1ana. El primer seminario provincial de&#8230;<\/p>\n","protected":false},"author":482,"featured_media":64198,"comment_status":"open","ping_status":"open","sticky":false,"template":"","format":"standard","meta":{"advanced_seo_description":"","jetpack_seo_html_title":"","jetpack_seo_noindex":false,"_jetpack_memberships_contains_paid_content":false,"footnotes":""},"categories":[15],"tags":[],"class_list":["post-64197","post","type-post","status-publish","format-standard","has-post-thumbnail","hentry","category-comunidad"],"jetpack_featured_media_url":"https:\/\/i0.wp.com\/eltrabajo.cl\/portal\/wp-content\/uploads\/2015\/11\/mariana-bravo.jpg?fit=530%2C348&ssl=1","jetpack_sharing_enabled":true,"jetpack_likes_enabled":true,"jetpack-related-posts":[],"_links":{"self":[{"href":"https:\/\/eltrabajo.cl\/portal\/wp-json\/wp\/v2\/posts\/64197","targetHints":{"allow":["GET"]}}],"collection":[{"href":"https:\/\/eltrabajo.cl\/portal\/wp-json\/wp\/v2\/posts"}],"about":[{"href":"https:\/\/eltrabajo.cl\/portal\/wp-json\/wp\/v2\/types\/post"}],"author":[{"embeddable":true,"href":"https:\/\/eltrabajo.cl\/portal\/wp-json\/wp\/v2\/users\/482"}],"replies":[{"embeddable":true,"href":"https:\/\/eltrabajo.cl\/portal\/wp-json\/wp\/v2\/comments?post=64197"}],"version-history":[{"count":0,"href":"https:\/\/eltrabajo.cl\/portal\/wp-json\/wp\/v2\/posts\/64197\/revisions"}],"wp:featuredmedia":[{"embeddable":true,"href":"https:\/\/eltrabajo.cl\/portal\/wp-json\/wp\/v2\/media\/64198"}],"wp:attachment":[{"href":"https:\/\/eltrabajo.cl\/portal\/wp-json\/wp\/v2\/media?parent=64197"}],"wp:term":[{"taxonomy":"category","embeddable":true,"href":"https:\/\/eltrabajo.cl\/portal\/wp-json\/wp\/v2\/categories?post=64197"},{"taxonomy":"post_tag","embeddable":true,"href":"https:\/\/eltrabajo.cl\/portal\/wp-json\/wp\/v2\/tags?post=64197"}],"curies":[{"name":"wp","href":"https:\/\/api.w.org\/{rel}","templated":true}]}}